{"id":49582,"date":"2022-05-31T12:05:49","date_gmt":"2022-05-31T11:05:49","guid":{"rendered":"http:\/\/www.raccontinellarete.it\/?p=49582"},"modified":"2022-05-31T12:05:50","modified_gmt":"2022-05-31T11:05:50","slug":"premio-racconti-nella-rete-2022-il-cecchino-di-joe","status":"publish","type":"post","link":"https:\/\/www.raccontinellarete.it\/?p=49582","title":{"rendered":"Premio Racconti nella Rete 2022 &#8220;Il cecchino&#8221; di Joe"},"content":{"rendered":"\n<p>Alzo la testa.<\/p>\n\n\n\n<p>Ho un ronzio nei miei pensieri, un pericolo, qualcosa che mi devo ricordare a cui fare attenzione.<\/p>\n\n\n\n<p>In un lampo me ne ricordo.<\/p>\n\n\n\n<p>Il cecchino.<\/p>\n\n\n\n<p>Solo a pronunciarlo mentalmente mi crea un&#8217;apprensione fuori dal comune che mi fa spalancare gli occhi.<\/p>\n\n\n\n<p>Sono in questa strada di campagna, vuota, sotto un sole che mi sfianca.<\/p>\n\n\n\n<p>Non so nemmeno che ore sono, credo le 13 a giudicare dalla posizione del sole.<\/p>\n\n\n\n<p>Comincio a correre al pensiero del cecchino.<\/p>\n\n\n\n<p>All&#8217;inizio forte, ma sono troppo scoordinato per colpa di quel pensiero.<\/p>\n\n\n\n<p>Il cecchino.<\/p>\n\n\n\n<p>Il cecchino.<\/p>\n\n\n\n<p>Il cecchino.<\/p>\n\n\n\n<p>Risuona nella testa.<\/p>\n\n\n\n<p>Il ritmo rallenta, corro affaticato a un ritmo lento, una corsetta, il cecchino potrebbe centrarmi in pieno.<\/p>\n\n\n\n<p>Intanto sono arrivato nel centro abitato, vuoto, devastato, con i palazzi che sono rovine, e la chiesa del paese, lontana, sto andando in quella direzione, mi sto avvicinando, anche se non \u00e8 quella la mia meta, anzi non ho una meta.<\/p>\n\n\n\n<p>Ho solo un obiettivo: sfuggire al cecchino.<\/p>\n\n\n\n<p>Il cecchino mi tormenta, mi assilla, totalizza i miei pensieri, corro affannato anche se sto andando molto piano, e mi guardo intorno, in alto, perch\u00e8 l\u00ec me lo aspetto.<\/p>\n\n\n\n<p>Me lo immagino, \u00e8 come se lo vedessi, appostato su uno di quei tetti, oppure in uno di quegli appartamenti distrutti, si nasconde dietro il muro e poi si affaccia dal foro che una volta conteneva la finestra, prende la mira rapidamente e con una freddezza animale mi uccide.<\/p>\n\n\n\n<p>NO!<\/p>\n\n\n\n<p>Non posso nemmeno pensarci.<\/p>\n\n\n\n<p>Sono ancora pi\u00f9 affannato di prima e continuo a correre in questa strada dritta, troppo dritta, l&#8217;ideale per il mio nemico, il cecchino.<\/p>\n\n\n\n<p>Il cecchino.<\/p>\n\n\n\n<p>Il cecchino.<\/p>\n\n\n\n<p>Il cecchino.<\/p>\n\n\n\n<p>Risuona nella testa, questa volta anche fuori, un\u2019eco sull&#8217;asfalto e nei palazzi, sciolti dal caldo torrido che mi fa sentire come un disperso nel deserto che corre senza una meta.<\/p>\n\n\n\n<p>Me lo immagino vagare disperato tra le dune, percepisco la pesantezza della corsa nella sabbia, a pensarci pure io sento i piedi di piombo, li sollevo poco, con fatica, sprofondano subito e quando toccano l&#8217;asfalto li sento fondersi col catrame.<\/p>\n\n\n\n<p>Sono al limite delle mie possibilit\u00e0 fisiche e mentali.<\/p>\n\n\n\n<p>Mi accorgo che ho rallentato troppo, veramente troppo, lento come se stessi camminando.<\/p>\n\n\n\n<p>Sono una preda troppo facile in questo momento per lui, per il cecchino, gi\u00e0 lo vedo con il sorriso beffardo di chi sa che vincer\u00e0 fin troppo facilmente, gi\u00e0 lo vedo imbracciare il fucile, freddarmi e subito dopo, metterlo gi\u00f9.<\/p>\n\n\n\n<p>Il sorriso beffardo sparisce dal suo volto e la sua espressione facciale diventa istantaneamente vuota, priva di emozioni; la faccia da sfinge e quell&#8217;impressione di avere davanti una statua dal rivestimento massiccio e vuota all\u2019interno.<\/p>\n\n\n\n<p>Quella faccia assente testimonia la fine del suo scopo, il raggiungimento del suo obiettivo, avermi ucciso ha ucciso pure il sentimento che lo faceva sentire vivo, \u00e8 come se avesse ucciso pure s\u00e8 stesso.<\/p>\n\n\n\n<p>Sto sognando.<\/p>\n\n\n\n<p>Sto pensando, immaginando troppo.<\/p>\n\n\n\n<p>Devo solo salvarmi dal cecchino, non pensare il cecchino.<\/p>\n\n\n\n<p>Allora continuo a correre, sfiancato ma trovo comunque le energie per aumentare bruscamente il ritmo, ma la fatica \u00e8 tanta e l&#8217;energia che spendo per questo scatto \u00e8 troppa, pochi secondi di scatto mi hanno definitivamente esaurito.<\/p>\n\n\n\n<p>Sono talmente scoordinato nella mia azione che inciampo e cado a terra, e una volta a terra non ho pi\u00f9 la forza di alzarmi.<\/p>\n\n\n\n<p>Ma quel che \u00e8 peggio \u00e8 che non ho nemmeno la volont\u00e0 di alzarmi, mi sono adagiato alla comodit\u00e0 del restare sdraiato a terra nella sconfittta, rassegnato a questa condizione.<\/p>\n\n\n\n<p>Nell&#8217;apice della mia paranoia, mi chiedo &#8220;C&#8217;\u00e8 il cecchino?&#8221; mi rispondo &#8220;Non c&#8217;\u00e8 il cecchino&#8221; e allora mi chiedo &#8220;Non c&#8217;\u00e8 il cecchino?&#8221; e mi rispondo &#8220;C&#8217;\u00e8 il cecchino&#8221;.<\/p>\n\n\n\n<p>I miei pensieri continuano ossessivi.<\/p>\n\n\n\n<p>Dev&#8217;esserci il cecchino.<\/p>\n\n\n\n<p>C&#8217;\u00e8 il cecchino.<\/p>\n\n\n\n<p>E se non c&#8217;\u00e8 il cecchino?<\/p>\n\n\n\n<p>Non c&#8217;\u00e8 il cecchino.<\/p>\n\n\n\n<p>O forse c&#8217;\u00e8 il cecchino.<\/p>\n\n\n\n<p>E se \u00e8 qui il cecchino?<\/p>\n\n\n\n<p>C&#8217;\u00e8 il cecchino.<\/p>\n\n\n\n<p>Il cecchino.<\/p>\n\n\n\n<p>Il cecchino.<\/p>\n\n\n\n<p>Il cecchino.<\/p>\n\n\n\n<p>Nel mio delirio mi porto le mani in faccia a coprire il volto, ancora steso a terra.<\/p>\n\n\n\n<p>Niente mi macera pi\u00f9 di questo dubbio assurdo.<\/p>\n\n\n\n<p>C&#8217;\u00e8 il cecchino?<\/p>\n<div class=\"pvc_clear\"><\/div><p id=\"pvc_stats_49582\" class=\"pvc_stats all  \" data-element-id=\"49582\" style=\"\"><i class=\"pvc-stats-icon medium\" aria-hidden=\"true\"><svg aria-hidden=\"true\" focusable=\"false\" data-prefix=\"far\" data-icon=\"chart-bar\" role=\"img\" xmlns=\"http:\/\/www.w3.org\/2000\/svg\" viewBox=\"0 0 512 512\" class=\"svg-inline--fa fa-chart-bar fa-w-16 fa-2x\"><path fill=\"currentColor\" d=\"M396.8 352h22.4c6.4 0 12.8-6.4 12.8-12.8V108.8c0-6.4-6.4-12.8-12.8-12.8h-22.4c-6.4 0-12.8 6.4-12.8 12.8v230.4c0 6.4 6.4 12.8 12.8 12.8zm-192 0h22.4c6.4 0 12.8-6.4 12.8-12.8V140.8c0-6.4-6.4-12.8-12.8-12.8h-22.4c-6.4 0-12.8 6.4-12.8 12.8v198.4c0 6.4 6.4 12.8 12.8 12.8zm96 0h22.4c6.4 0 12.8-6.4 12.8-12.8V204.8c0-6.4-6.4-12.8-12.8-12.8h-22.4c-6.4 0-12.8 6.4-12.8 12.8v134.4c0 6.4 6.4 12.8 12.8 12.8zM496 400H48V80c0-8.84-7.16-16-16-16H16C7.16 64 0 71.16 0 80v336c0 17.67 14.33 32 32 32h464c8.84 0 16-7.16 16-16v-16c0-8.84-7.16-16-16-16zm-387.2-48h22.4c6.4 0 12.8-6.4 12.8-12.8v-70.4c0-6.4-6.4-12.8-12.8-12.8h-22.4c-6.4 0-12.8 6.4-12.8 12.8v70.4c0 6.4 6.4 12.8 12.8 12.8z\" class=\"\"><\/path><\/svg><\/i> <img loading=\"lazy\" decoding=\"async\" width=\"16\" height=\"16\" alt=\"Loading\" src=\"https:\/\/www.raccontinellarete.it\/301\/wp-content\/plugins\/page-views-count\/ajax-loader-2x.gif\" border=0 \/><\/p><div class=\"pvc_clear\"><\/div>","protected":false},"excerpt":{"rendered":"<p>Alzo la testa. Ho un ronzio nei miei pensieri, un pericolo, qualcosa che mi devo ricordare a cui fare attenzione. In un lampo me ne ricordo. Il cecchino. Solo a pronunciarlo mentalmente mi crea un&#8217;apprensione fuori dal comune che mi fa spalancare gli occhi. Sono in questa strada di campagna, vuota, sotto un sole che [&hellip;]<\/p>\n<div class=\"pvc_clear\"><\/div>\n<p id=\"pvc_stats_49582\" class=\"pvc_stats all  \" data-element-id=\"49582\" style=\"\"><i class=\"pvc-stats-icon medium\" aria-hidden=\"true\"><svg aria-hidden=\"true\" focusable=\"false\" data-prefix=\"far\" data-icon=\"chart-bar\" role=\"img\" xmlns=\"http:\/\/www.w3.org\/2000\/svg\" viewBox=\"0 0 512 512\" class=\"svg-inline--fa fa-chart-bar fa-w-16 fa-2x\"><path fill=\"currentColor\" d=\"M396.8 352h22.4c6.4 0 12.8-6.4 12.8-12.8V108.8c0-6.4-6.4-12.8-12.8-12.8h-22.4c-6.4 0-12.8 6.4-12.8 12.8v230.4c0 6.4 6.4 12.8 12.8 12.8zm-192 0h22.4c6.4 0 12.8-6.4 12.8-12.8V140.8c0-6.4-6.4-12.8-12.8-12.8h-22.4c-6.4 0-12.8 6.4-12.8 12.8v198.4c0 6.4 6.4 12.8 12.8 12.8zm96 0h22.4c6.4 0 12.8-6.4 12.8-12.8V204.8c0-6.4-6.4-12.8-12.8-12.8h-22.4c-6.4 0-12.8 6.4-12.8 12.8v134.4c0 6.4 6.4 12.8 12.8 12.8zM496 400H48V80c0-8.84-7.16-16-16-16H16C7.16 64 0 71.16 0 80v336c0 17.67 14.33 32 32 32h464c8.84 0 16-7.16 16-16v-16c0-8.84-7.16-16-16-16zm-387.2-48h22.4c6.4 0 12.8-6.4 12.8-12.8v-70.4c0-6.4-6.4-12.8-12.8-12.8h-22.4c-6.4 0-12.8 6.4-12.8 12.8v70.4c0 6.4 6.4 12.8 12.8 12.8z\" class=\"\"><\/path><\/svg><\/i> <img loading=\"lazy\" decoding=\"async\" width=\"16\" height=\"16\" alt=\"Loading\" src=\"https:\/\/www.raccontinellarete.it\/301\/wp-content\/plugins\/page-views-count\/ajax-loader-2x.gif\" border=0 \/><\/p>\n<div class=\"pvc_clear\"><\/div>\n","protected":false},"author":22582,"featured_media":0,"comment_status":"open","ping_status":"closed","sticky":false,"template":"","format":"standard","meta":{"footnotes":""},"categories":[597],"tags":[],"class_list":["post-49582","post","type-post","status-publish","format-standard","hentry","category-premio-racconti-nella-rete-2022"],"_links":{"self":[{"href":"https:\/\/www.raccontinellarete.it\/index.php?rest_route=\/wp\/v2\/posts\/49582"}],"collection":[{"href":"https:\/\/www.raccontinellarete.it\/index.php?rest_route=\/wp\/v2\/posts"}],"about":[{"href":"https:\/\/www.raccontinellarete.it\/index.php?rest_route=\/wp\/v2\/types\/post"}],"author":[{"embeddable":true,"href":"https:\/\/www.raccontinellarete.it\/index.php?rest_route=\/wp\/v2\/users\/22582"}],"replies":[{"embeddable":true,"href":"https:\/\/www.raccontinellarete.it\/index.php?rest_route=%2Fwp%2Fv2%2Fcomments&post=49582"}],"version-history":[{"count":2,"href":"https:\/\/www.raccontinellarete.it\/index.php?rest_route=\/wp\/v2\/posts\/49582\/revisions"}],"predecessor-version":[{"id":49668,"href":"https:\/\/www.raccontinellarete.it\/index.php?rest_route=\/wp\/v2\/posts\/49582\/revisions\/49668"}],"wp:attachment":[{"href":"https:\/\/www.raccontinellarete.it\/index.php?rest_route=%2Fwp%2Fv2%2Fmedia&parent=49582"}],"wp:term":[{"taxonomy":"category","embeddable":true,"href":"https:\/\/www.raccontinellarete.it\/index.php?rest_route=%2Fwp%2Fv2%2Fcategories&post=49582"},{"taxonomy":"post_tag","embeddable":true,"href":"https:\/\/www.raccontinellarete.it\/index.php?rest_route=%2Fwp%2Fv2%2Ftags&post=49582"}],"curies":[{"name":"wp","href":"https:\/\/api.w.org\/{rel}","templated":true}]}}