{"id":49410,"date":"2022-05-27T12:16:55","date_gmt":"2022-05-27T11:16:55","guid":{"rendered":"http:\/\/www.raccontinellarete.it\/?p=49410"},"modified":"2022-05-30T12:20:57","modified_gmt":"2022-05-30T11:20:57","slug":"premio-racconti-nella-rete-2022-diverso-da-chi-di-alessio-manfredi-selvaggi","status":"publish","type":"post","link":"https:\/\/www.raccontinellarete.it\/?p=49410","title":{"rendered":"Premio Racconti nella Rete 2022 &#8220;Diverso da chi?&#8221; di Alessio Manfredi Selvaggi"},"content":{"rendered":"\n<p><br>\u201c Ma Alessio va al cinema? Davvero? E capisce i film??\u201d<br>Cos\u00ec una signora ha detto a mamma, ho sentito che lo raccontava a pap\u00e0. Era arrabbiata. Non<br>capivo perch\u00e9.<br>Poi un giorno davanti la scuola media, dei ragazzi pi\u00f9 piccoli mi hanno preso in giro.<br>Mi chiamavano il pinguino, perch\u00e9 cammino un po\u2019 cos\u00ec e mi ripassavano dietro. A me non mi<br>\u00e8 mai sembrato. Per il\u00a0corso a Campobasso\u00a0anzi andavo a zigozago apposta per seguire i<br>mattoni bianchi e invece?<br>Mi sono scoperto diverso a Campobasso, in un posto dove tutti mi sembrano amici, dove tutti si<br>conoscono. E ho iniziato a fare domande. E mi hanno detto che nessuno \u00e8 uguale agli altri e<br>non mi devo preoccupare se sono diverso e non vergognarmi se non so fare delle cose e di<br>chiedere aiuto se ho bisogno.<br>Continuo a non capire.<br>Vado a fare l\u2019aperitivo al Bar Centrale, a ballare, al cinema, al Mc.. Per\u00f2 i miei compagni<br>spesso lo fanno senza me. Forse pensano che io queste cose non le so fare ma io sono abituato a<br>viaggiare e uscire da piccolo. E se mi portassero con loro io sarei una bella compagnia.<br>D\u2019estate sulla costa molisana io sono felice. Conosco tutti e vado tranquillo da solo in spiaggia.<br>Il mare del Molise \u00e8 bellissimo e mi abbraccia come pochi. In acqua mi sento uguale agli altri.<br>Perch\u00e9 io lo so che mi vedono strano. Solo che sono fatto cos\u00ec e quando i miei amici delle<br>scuole medie non mi hanno pi\u00f9 risposto nemmeno a telefono o chiamato io ci sono stato male.<br>Non conosco la cattiveria, ma conosco il dolore che solo chi ti volta le spalle ti sa dare. A volte<br>sono cattivi con me ma io non riesco a credere che sia possibile. E continuo a cercarli senza successo.<br>Quelli come me li chiamano disabili. Boh. Io mica l\u2019ho capito. Cosa non so fare? Io faccio solo<br>cose belle, quindi dove sarebbe il mio limite?<br>Ah si, anche mongoloidi.<br>Questa poi\u2026La Mongolia l\u2019ho studiata a scuola e a me non mi sembrava brutta.<br>Forse quelli che ci vivono hanno gli occhi strani, ma io non mi vedo strano. Mi vedo cos\u00ec come<br>sono: io.<br>Che poi esco in giro per il Molise e mentre guardo con felicit\u00e0 le cose belle della mia Regione<br>sento dire cose brutte sugli stranieri.<br>Una volta sotto il Castello Monforte una signora disse che quelli neri puzzavano. E un\u2019altra<br>volta alla villa comunale dei ragazzi prendevano in giro due ragazzi scuri.<br>Anche alcuni miei amici lo facevano a scuola da piccoli con una compagna straniera.<br>Come dicevo, qualche anno fa dei ragazzini mi prendevano in giro davanti scuola dicendo che<br>sembravo un pinguino perch\u00e9 cammino come lui e perch\u00e8 agito le braccia perch\u00e9 sono<br>contento.<br>Mamma mi dice invece che sembro un uccellino: vedi a volte i punti di vista\u2026<br>Poi mi venivano a toccare per infastidirmi per vedere se e come reagivo. Mi trattavano come<br>una scimmietta del circo.<br>Non li capivo. Ora invece si. Sono piu grande e vedo pi\u00f9 di prima.<br>Ci penso tanto anche la sera quando mamma mi dice che sono bellissimo. Io vedo tutti i ragazzi<br>e le ragazze su Instagram e Tik Tok e fanno cose strane. Mi divertono. Vorrei essere come loro.<br>Per\u00f2 poi mi sembrano cose sceme.<br>Cos\u00ec io preferisco fare le foto delle cose belle, e condividerle.<br>Una volta ho fotografato l\u2019acqua del mare di Termoli perch\u00e9 sembrava il cielo.<br>O la spiaggia di Campomarino che pareva farina<br>E la Diga, con il lago di Guardialfiera che l\u2019ho anche detto a lezione e ho fatto pure bella figura.<br>E il Ponte del Liscione mi fa sentire come se volassi<br>E i monti del Matese quando li vedo dal Borgo di Termoli\u2026una volta in primavera c\u2019era la<br>neve che si vedeva con la spiaggia ed era cosi strano\u2026<br>Insomma qui tutto si chiama con un nome e a me secca se invece di Alessio alcuni mi chiamano \u201cdown\u201d.<br>Infatti nel mio profilo Instagram ho scritto che invece sono up! Qualche sera fa ho visto un<br>film che si chiamava \u201cDiverso da chi?\u201d e alla fine il film diceva proprio questo: che nessuno<br>pu\u00f2 decidere chi \u00e8 diverso e chi no e da cosa.<br>E cos\u00ec ho scritto queste tre pagine. E ho rubato un titolo a un film.<br>Perch\u00e9 mi sembrava proprio giusto per me.<br>E forse mi aiuter\u00e0 a spiegare chi sono davvero.<\/p>\n<div class=\"pvc_clear\"><\/div><p id=\"pvc_stats_49410\" class=\"pvc_stats all  \" data-element-id=\"49410\" style=\"\"><i class=\"pvc-stats-icon medium\" aria-hidden=\"true\"><svg aria-hidden=\"true\" focusable=\"false\" data-prefix=\"far\" data-icon=\"chart-bar\" role=\"img\" xmlns=\"http:\/\/www.w3.org\/2000\/svg\" viewBox=\"0 0 512 512\" class=\"svg-inline--fa fa-chart-bar fa-w-16 fa-2x\"><path fill=\"currentColor\" d=\"M396.8 352h22.4c6.4 0 12.8-6.4 12.8-12.8V108.8c0-6.4-6.4-12.8-12.8-12.8h-22.4c-6.4 0-12.8 6.4-12.8 12.8v230.4c0 6.4 6.4 12.8 12.8 12.8zm-192 0h22.4c6.4 0 12.8-6.4 12.8-12.8V140.8c0-6.4-6.4-12.8-12.8-12.8h-22.4c-6.4 0-12.8 6.4-12.8 12.8v198.4c0 6.4 6.4 12.8 12.8 12.8zm96 0h22.4c6.4 0 12.8-6.4 12.8-12.8V204.8c0-6.4-6.4-12.8-12.8-12.8h-22.4c-6.4 0-12.8 6.4-12.8 12.8v134.4c0 6.4 6.4 12.8 12.8 12.8zM496 400H48V80c0-8.84-7.16-16-16-16H16C7.16 64 0 71.16 0 80v336c0 17.67 14.33 32 32 32h464c8.84 0 16-7.16 16-16v-16c0-8.84-7.16-16-16-16zm-387.2-48h22.4c6.4 0 12.8-6.4 12.8-12.8v-70.4c0-6.4-6.4-12.8-12.8-12.8h-22.4c-6.4 0-12.8 6.4-12.8 12.8v70.4c0 6.4 6.4 12.8 12.8 12.8z\" class=\"\"><\/path><\/svg><\/i> <img loading=\"lazy\" decoding=\"async\" width=\"16\" height=\"16\" alt=\"Loading\" src=\"https:\/\/www.raccontinellarete.it\/301\/wp-content\/plugins\/page-views-count\/ajax-loader-2x.gif\" border=0 \/><\/p><div class=\"pvc_clear\"><\/div>","protected":false},"excerpt":{"rendered":"<p>\u201c Ma Alessio va al cinema? Davvero? E capisce i film??\u201dCos\u00ec una signora ha detto a mamma, ho sentito che lo raccontava a pap\u00e0. Era arrabbiata. Noncapivo perch\u00e9.Poi un giorno davanti la scuola media, dei ragazzi pi\u00f9 piccoli mi hanno preso in giro.Mi chiamavano il pinguino, perch\u00e9 cammino un po\u2019 cos\u00ec e mi ripassavano dietro. [&hellip;]<\/p>\n<div class=\"pvc_clear\"><\/div>\n<p id=\"pvc_stats_49410\" class=\"pvc_stats all  \" data-element-id=\"49410\" style=\"\"><i class=\"pvc-stats-icon medium\" aria-hidden=\"true\"><svg aria-hidden=\"true\" focusable=\"false\" data-prefix=\"far\" data-icon=\"chart-bar\" role=\"img\" xmlns=\"http:\/\/www.w3.org\/2000\/svg\" viewBox=\"0 0 512 512\" class=\"svg-inline--fa fa-chart-bar fa-w-16 fa-2x\"><path fill=\"currentColor\" d=\"M396.8 352h22.4c6.4 0 12.8-6.4 12.8-12.8V108.8c0-6.4-6.4-12.8-12.8-12.8h-22.4c-6.4 0-12.8 6.4-12.8 12.8v230.4c0 6.4 6.4 12.8 12.8 12.8zm-192 0h22.4c6.4 0 12.8-6.4 12.8-12.8V140.8c0-6.4-6.4-12.8-12.8-12.8h-22.4c-6.4 0-12.8 6.4-12.8 12.8v198.4c0 6.4 6.4 12.8 12.8 12.8zm96 0h22.4c6.4 0 12.8-6.4 12.8-12.8V204.8c0-6.4-6.4-12.8-12.8-12.8h-22.4c-6.4 0-12.8 6.4-12.8 12.8v134.4c0 6.4 6.4 12.8 12.8 12.8zM496 400H48V80c0-8.84-7.16-16-16-16H16C7.16 64 0 71.16 0 80v336c0 17.67 14.33 32 32 32h464c8.84 0 16-7.16 16-16v-16c0-8.84-7.16-16-16-16zm-387.2-48h22.4c6.4 0 12.8-6.4 12.8-12.8v-70.4c0-6.4-6.4-12.8-12.8-12.8h-22.4c-6.4 0-12.8 6.4-12.8 12.8v70.4c0 6.4 6.4 12.8 12.8 12.8z\" class=\"\"><\/path><\/svg><\/i> <img loading=\"lazy\" decoding=\"async\" width=\"16\" height=\"16\" alt=\"Loading\" src=\"https:\/\/www.raccontinellarete.it\/301\/wp-content\/plugins\/page-views-count\/ajax-loader-2x.gif\" border=0 \/><\/p>\n<div class=\"pvc_clear\"><\/div>\n","protected":false},"author":22419,"featured_media":0,"comment_status":"open","ping_status":"closed","sticky":false,"template":"","format":"standard","meta":{"footnotes":""},"categories":[597],"tags":[],"class_list":["post-49410","post","type-post","status-publish","format-standard","hentry","category-premio-racconti-nella-rete-2022"],"_links":{"self":[{"href":"https:\/\/www.raccontinellarete.it\/index.php?rest_route=\/wp\/v2\/posts\/49410"}],"collection":[{"href":"https:\/\/www.raccontinellarete.it\/index.php?rest_route=\/wp\/v2\/posts"}],"about":[{"href":"https:\/\/www.raccontinellarete.it\/index.php?rest_route=\/wp\/v2\/types\/post"}],"author":[{"embeddable":true,"href":"https:\/\/www.raccontinellarete.it\/index.php?rest_route=\/wp\/v2\/users\/22419"}],"replies":[{"embeddable":true,"href":"https:\/\/www.raccontinellarete.it\/index.php?rest_route=%2Fwp%2Fv2%2Fcomments&post=49410"}],"version-history":[{"count":4,"href":"https:\/\/www.raccontinellarete.it\/index.php?rest_route=\/wp\/v2\/posts\/49410\/revisions"}],"predecessor-version":[{"id":49613,"href":"https:\/\/www.raccontinellarete.it\/index.php?rest_route=\/wp\/v2\/posts\/49410\/revisions\/49613"}],"wp:attachment":[{"href":"https:\/\/www.raccontinellarete.it\/index.php?rest_route=%2Fwp%2Fv2%2Fmedia&parent=49410"}],"wp:term":[{"taxonomy":"category","embeddable":true,"href":"https:\/\/www.raccontinellarete.it\/index.php?rest_route=%2Fwp%2Fv2%2Fcategories&post=49410"},{"taxonomy":"post_tag","embeddable":true,"href":"https:\/\/www.raccontinellarete.it\/index.php?rest_route=%2Fwp%2Fv2%2Ftags&post=49410"}],"curies":[{"name":"wp","href":"https:\/\/api.w.org\/{rel}","templated":true}]}}