{"id":49391,"date":"2022-05-25T11:50:01","date_gmt":"2022-05-25T10:50:01","guid":{"rendered":"http:\/\/www.raccontinellarete.it\/?p=49391"},"modified":"2022-05-31T12:45:11","modified_gmt":"2022-05-31T11:45:11","slug":"ultimi-giorni-non-aspettare-inserisci-il-tuo-racconto-o-soggetto-entro-martedi-31-maggio","status":"publish","type":"post","link":"https:\/\/www.raccontinellarete.it\/?p=49391","title":{"rendered":"Ultimi giorni, non aspettare. Inserisci il tuo racconto o soggetto entro marted\u00ec 31 maggio"},"content":{"rendered":"\n<p><strong>C\u2019\u00e8 tempo fino al 31 maggio alle ore 24 per partecipare alla 21^ edizione del Premio letterario Racconti nella Rete.\u00a0<\/strong><\/p>\n\n\n\n<p>La premiazione dei vincitori, che si svolger\u00e0 l&#8217;1 e 2 ottobre a Lucca nell&#8217;ambito del 28\u00b0 festival LuccAutori, sar\u00e0 accompagnata da una serie di incontri con grandi personaggi del mondo della cultura e dello spettacolo.&nbsp;&nbsp; Nel sito <a href=\"https:\/\/www.raccontinellarete.it\">www.raccontinellarete.it<\/a>&nbsp; si possono inserire&nbsp;racconti brevi inediti,&nbsp; con una sezione dedicata anche ai&nbsp;racconti per bambini, ed ai soggetti inediti per cortometraggi.&nbsp;&nbsp;<\/p>\n\n\n\n<p>Vengono premiati venticinque racconti che saranno pubblicati&nbsp;ad ottobre in una antologia edita da Castelvecchi (con la&nbsp;copertina disegnata da Milko Dalla Battista). Il vincitore della sezione&nbsp;&nbsp;Corti&nbsp; potr\u00e0 partecipare alla realizzazione del cortometraggio&nbsp;che si girer\u00e0 a Lucca in collaborazione con la Scuola di&nbsp;Cinema Immagina di Firenze e per la regia di Giuseppe&nbsp;Ferlito.&nbsp; Nel sito <a href=\"https:\/\/www.raccontinellarete.it\">www.raccontinellarete.it<\/a>&nbsp;&nbsp;si pu\u00f2 vedere il&nbsp;cortometraggio&nbsp;vincitore della sezione corti dello scorso anno. Racconti nella Rete \u00e8 una opportunit\u00e0 per tutti coloro che&nbsp;hanno un racconto nel cassetto e desiderano arrivare alla&nbsp;pubblicazione. Cosa che avviene puntualmente ogni anno&nbsp; con&nbsp;l\u2019antologia dei venticinque vincitori curata da Demetrio&nbsp;Brandi, presidente del premio, che anche quest&#8217;anno sar\u00e0&nbsp;pubblicata da Castelvecchi.&nbsp; <\/p>\n\n\n\n<p>Questo concorso letterario ha una sua peculiarit\u00e0: il momento&nbsp;decisamente vitale, emozionante e innovativo della&nbsp;pubblicazione in rete dei racconti, fase altamente&nbsp;significativa sotto il profilo della comunicazione, dello&nbsp;scambio e del confronto culturale. Consigliamo quindi a&nbsp;chiunque voglia partecipare, di inserire i propri racconti e&nbsp;soggetti in tempo utile per poter essere letti e commentati&nbsp;dalle centinaia di utenti che frequentano il sito.&nbsp; In una sorta di agor\u00e0 virtuale, nel sito&nbsp;<a href=\"https:\/\/www.raccontinellarete.it\">www.raccontinellarete.it<\/a>&nbsp;tutti trovano lo spazio privilegiato per dar voce alle proprie&nbsp;fantasie, memorie o sogni, per saggiare il valore e la qualit\u00e0&nbsp;del proprio lavoro, per incontrare talenti sconosciuti o&nbsp;confrontarsi con diversi stili narrativi, generi e contenuti.&nbsp;&nbsp;<\/p>\n\n\n\n<p>In questi ultimi anni il premio letterario Racconti nella&nbsp;Rete \u00e8 decisamente cresciuto nella popolarit\u00e0 e nella qualit\u00e0&nbsp;&nbsp;degli elaborati, tanto da poter a ragione essere definito un&nbsp;vero e proprio fenomeno mediatico. Tra i premi che saranno&nbsp;assegnati a Lucca, in occasione del Festival LuccAutori in&nbsp;programma dal 17 settembre al 2 ottobre, ci sono il <strong>premio&nbsp;Budu\u00e0r<\/strong> per il miglior racconto umoristico e il premio AIDR per&nbsp;il vincitore pi\u00f9 giovane.&nbsp; <\/p>\n\n\n\n<p>Tra gli eventi proposti, le mostre&nbsp;&#8220;Racconti a colori&#8221; realizzata con il contributo degli&nbsp;studenti del Liceo Artistico Passaglia di Lucca e&nbsp; &#8220;Quei cari racconti di una volta&#8221; mostra di artisti contemporanei che hanno reinterpretato le copertine di libri per ragazzi dagli anni quaranta ad oggi.&nbsp; Tra questi Sergio Staino, Marco De Angelis, Giuliano Rossetti, Lido Contemori.&nbsp; A cura di Stefano&nbsp;Giraldi.&nbsp;&nbsp;Altri appuntamenti sono realizzati in collaborazione con la Fondazione Mario Tobino e la Fondazione Giovanni Pascoli.&nbsp;<\/p>\n\n\n\n<p><br>Per informazioni: <a href=\"mailto:info@raccontinellarete.it\">info@raccontinellarete.it<\/a>&nbsp;&nbsp;tel.0584 651874.<\/p>\n\n\n\n<figure class=\"wp-block-image size-large\"><img loading=\"lazy\" decoding=\"async\" width=\"1024\" height=\"1024\" src=\"https:\/\/www.raccontinellarete.it\/301\/wp-content\/uploads\/2021\/11\/244584484_10226818707640861_1443312999791123401_n-1024x1024.jpg\" alt=\"\" class=\"wp-image-47465\" srcset=\"https:\/\/www.raccontinellarete.it\/301\/wp-content\/uploads\/2021\/11\/244584484_10226818707640861_1443312999791123401_n-1024x1024.jpg 1024w, https:\/\/www.raccontinellarete.it\/301\/wp-content\/uploads\/2021\/11\/244584484_10226818707640861_1443312999791123401_n-250x250.jpg 250w, https:\/\/www.raccontinellarete.it\/301\/wp-content\/uploads\/2021\/11\/244584484_10226818707640861_1443312999791123401_n-768x768.jpg 768w, https:\/\/www.raccontinellarete.it\/301\/wp-content\/uploads\/2021\/11\/244584484_10226818707640861_1443312999791123401_n.jpg 1440w\" sizes=\"(max-width: 1024px) 100vw, 1024px\" \/><figcaption>I vincitori dell&#8217;edizione 2021 del premio Racconti nella Rete. Chi saranno i magnifici 25 vincitori della ventunesima edizione del premio? <\/figcaption><\/figure>\n\n\n\n<figure class=\"wp-block-image size-full is-resized\"><img loading=\"lazy\" decoding=\"async\" src=\"https:\/\/www.raccontinellarete.it\/301\/wp-content\/uploads\/2021\/12\/racconti-nella-rete-2022-Copia.jpg\" alt=\"\" class=\"wp-image-47619\" width=\"838\" height=\"1173\" srcset=\"https:\/\/www.raccontinellarete.it\/301\/wp-content\/uploads\/2021\/12\/racconti-nella-rete-2022-Copia.jpg 457w, https:\/\/www.raccontinellarete.it\/301\/wp-content\/uploads\/2021\/12\/racconti-nella-rete-2022-Copia-179x250.jpg 179w\" sizes=\"(max-width: 838px) 100vw, 838px\" \/><figcaption>La copertina dell&#8217;antologia 2022 che sar\u00e0 pubblicata a settembre.  Il disegno originale \u00e8 di Milko Dalla Battista.<\/figcaption><\/figure>\n<div class=\"pvc_clear\"><\/div><p id=\"pvc_stats_49391\" class=\"pvc_stats all  \" data-element-id=\"49391\" style=\"\"><i class=\"pvc-stats-icon medium\" aria-hidden=\"true\"><svg aria-hidden=\"true\" focusable=\"false\" data-prefix=\"far\" data-icon=\"chart-bar\" role=\"img\" xmlns=\"http:\/\/www.w3.org\/2000\/svg\" viewBox=\"0 0 512 512\" class=\"svg-inline--fa fa-chart-bar fa-w-16 fa-2x\"><path fill=\"currentColor\" d=\"M396.8 352h22.4c6.4 0 12.8-6.4 12.8-12.8V108.8c0-6.4-6.4-12.8-12.8-12.8h-22.4c-6.4 0-12.8 6.4-12.8 12.8v230.4c0 6.4 6.4 12.8 12.8 12.8zm-192 0h22.4c6.4 0 12.8-6.4 12.8-12.8V140.8c0-6.4-6.4-12.8-12.8-12.8h-22.4c-6.4 0-12.8 6.4-12.8 12.8v198.4c0 6.4 6.4 12.8 12.8 12.8zm96 0h22.4c6.4 0 12.8-6.4 12.8-12.8V204.8c0-6.4-6.4-12.8-12.8-12.8h-22.4c-6.4 0-12.8 6.4-12.8 12.8v134.4c0 6.4 6.4 12.8 12.8 12.8zM496 400H48V80c0-8.84-7.16-16-16-16H16C7.16 64 0 71.16 0 80v336c0 17.67 14.33 32 32 32h464c8.84 0 16-7.16 16-16v-16c0-8.84-7.16-16-16-16zm-387.2-48h22.4c6.4 0 12.8-6.4 12.8-12.8v-70.4c0-6.4-6.4-12.8-12.8-12.8h-22.4c-6.4 0-12.8 6.4-12.8 12.8v70.4c0 6.4 6.4 12.8 12.8 12.8z\" class=\"\"><\/path><\/svg><\/i> <img loading=\"lazy\" decoding=\"async\" width=\"16\" height=\"16\" alt=\"Loading\" src=\"https:\/\/www.raccontinellarete.it\/301\/wp-content\/plugins\/page-views-count\/ajax-loader-2x.gif\" border=0 \/><\/p><div class=\"pvc_clear\"><\/div>","protected":false},"excerpt":{"rendered":"<p>C\u2019\u00e8 tempo fino al 31 maggio alle ore 24 per partecipare alla 21^ edizione del Premio letterario Racconti nella Rete.\u00a0 La premiazione dei vincitori, che si svolger\u00e0 l&#8217;1 e 2 ottobre a Lucca nell&#8217;ambito del 28\u00b0 festival LuccAutori, sar\u00e0 accompagnata da una serie di incontri con grandi personaggi del mondo della cultura e dello spettacolo.&nbsp;&nbsp; [&hellip;]<\/p>\n<div class=\"pvc_clear\"><\/div>\n<p id=\"pvc_stats_49391\" class=\"pvc_stats all  \" data-element-id=\"49391\" style=\"\"><i class=\"pvc-stats-icon medium\" aria-hidden=\"true\"><svg aria-hidden=\"true\" focusable=\"false\" data-prefix=\"far\" data-icon=\"chart-bar\" role=\"img\" xmlns=\"http:\/\/www.w3.org\/2000\/svg\" viewBox=\"0 0 512 512\" class=\"svg-inline--fa fa-chart-bar fa-w-16 fa-2x\"><path fill=\"currentColor\" d=\"M396.8 352h22.4c6.4 0 12.8-6.4 12.8-12.8V108.8c0-6.4-6.4-12.8-12.8-12.8h-22.4c-6.4 0-12.8 6.4-12.8 12.8v230.4c0 6.4 6.4 12.8 12.8 12.8zm-192 0h22.4c6.4 0 12.8-6.4 12.8-12.8V140.8c0-6.4-6.4-12.8-12.8-12.8h-22.4c-6.4 0-12.8 6.4-12.8 12.8v198.4c0 6.4 6.4 12.8 12.8 12.8zm96 0h22.4c6.4 0 12.8-6.4 12.8-12.8V204.8c0-6.4-6.4-12.8-12.8-12.8h-22.4c-6.4 0-12.8 6.4-12.8 12.8v134.4c0 6.4 6.4 12.8 12.8 12.8zM496 400H48V80c0-8.84-7.16-16-16-16H16C7.16 64 0 71.16 0 80v336c0 17.67 14.33 32 32 32h464c8.84 0 16-7.16 16-16v-16c0-8.84-7.16-16-16-16zm-387.2-48h22.4c6.4 0 12.8-6.4 12.8-12.8v-70.4c0-6.4-6.4-12.8-12.8-12.8h-22.4c-6.4 0-12.8 6.4-12.8 12.8v70.4c0 6.4 6.4 12.8 12.8 12.8z\" class=\"\"><\/path><\/svg><\/i> <img loading=\"lazy\" decoding=\"async\" width=\"16\" height=\"16\" alt=\"Loading\" src=\"https:\/\/www.raccontinellarete.it\/301\/wp-content\/plugins\/page-views-count\/ajax-loader-2x.gif\" border=0 \/><\/p>\n<div class=\"pvc_clear\"><\/div>\n","protected":false},"author":3,"featured_media":49394,"comment_status":"open","ping_status":"closed","sticky":false,"template":"","format":"standard","meta":{"footnotes":""},"categories":[87,547,543,5],"tags":[],"class_list":["post-49391","post","type-post","status-publish","format-standard","has-post-thumbnail","hentry","category-comunicato-stampa","category-f-o-r-u-m","category-forum-di-racconti-nella-rete","category-racconti-nella-rete"],"_links":{"self":[{"href":"https:\/\/www.raccontinellarete.it\/index.php?rest_route=\/wp\/v2\/posts\/49391"}],"collection":[{"href":"https:\/\/www.raccontinellarete.it\/index.php?rest_route=\/wp\/v2\/posts"}],"about":[{"href":"https:\/\/www.raccontinellarete.it\/index.php?rest_route=\/wp\/v2\/types\/post"}],"author":[{"embeddable":true,"href":"https:\/\/www.raccontinellarete.it\/index.php?rest_route=\/wp\/v2\/users\/3"}],"replies":[{"embeddable":true,"href":"https:\/\/www.raccontinellarete.it\/index.php?rest_route=%2Fwp%2Fv2%2Fcomments&post=49391"}],"version-history":[{"count":5,"href":"https:\/\/www.raccontinellarete.it\/index.php?rest_route=\/wp\/v2\/posts\/49391\/revisions"}],"predecessor-version":[{"id":49677,"href":"https:\/\/www.raccontinellarete.it\/index.php?rest_route=\/wp\/v2\/posts\/49391\/revisions\/49677"}],"wp:featuredmedia":[{"embeddable":true,"href":"https:\/\/www.raccontinellarete.it\/index.php?rest_route=\/wp\/v2\/media\/49394"}],"wp:attachment":[{"href":"https:\/\/www.raccontinellarete.it\/index.php?rest_route=%2Fwp%2Fv2%2Fmedia&parent=49391"}],"wp:term":[{"taxonomy":"category","embeddable":true,"href":"https:\/\/www.raccontinellarete.it\/index.php?rest_route=%2Fwp%2Fv2%2Fcategories&post=49391"},{"taxonomy":"post_tag","embeddable":true,"href":"https:\/\/www.raccontinellarete.it\/index.php?rest_route=%2Fwp%2Fv2%2Ftags&post=49391"}],"curies":[{"name":"wp","href":"https:\/\/api.w.org\/{rel}","templated":true}]}}