{"id":49384,"date":"2022-05-25T11:41:43","date_gmt":"2022-05-25T10:41:43","guid":{"rendered":"http:\/\/www.raccontinellarete.it\/?p=49384"},"modified":"2022-05-25T11:41:45","modified_gmt":"2022-05-25T10:41:45","slug":"premio-racconti-nella-rete-2022-alla-fondazione-aggrada-di-chiara-pardini","status":"publish","type":"post","link":"https:\/\/www.raccontinellarete.it\/?p=49384","title":{"rendered":"Premio Racconti nella Rete 2022 &#8220;Alla Fondazione Aggrada&#8221; di Chiara Pardini"},"content":{"rendered":"\n<p>\u2013 Buonasera a tutti i nostri telespettatori.<\/p>\n\n\n\n<p>Siamo qui in diretta dalla Fondazione Aggrada, dove \u00e8 appena terminato lo spettacolo di punta della stagione dal titolo <em>La colonizzazione \u00e8 davvero il peccato originale alla base dell\u2019Europa?<\/em> La Aggrada, infatti, oltre ad essere ai vertici dell\u2019industria globale della moda ormai da pi\u00f9 di sessant\u2019anni, da diverso tempo dedica i suoi sforzi e le sue finanze anche alla sua Fondazione benefica che, attraverso spettacoli teatrali, retrospettive e istallazioni artistiche, porta sulla scena intellettuale romana e non solo, nuove riflessioni su temi di profonda valenza storica, sociale e ambientale.<\/p>\n\n\n\n<p>Nonostante i numerosi detrattori \u2013 uno tra tutti il giornalista Alberto Lamanica, che ha definito il pubblico che \u00e8 solito partecipare a questo genere di eventi \u00abRadical chic con la puzza sotto il naso, la erre moscia vera o presunta e mandrie di ermellini attorno a colli ingioiellati\u00bb \u2013 lo spettacolo sembra aver avuto un successo di pubblico straordinario, alimentando un gran dibattito, al quale cercheremo di dare seguito ascoltando i commenti a caldo di chi vi ha partecipato.<\/p>\n\n\n\n<p>Abbiamo qui con noi la Contessa Maria Stuarda Fel\u00eccita di Cassino Alta:<\/p>\n\n\n\n<p>\u2013 Un commento dice? Una Me-va-vi-glia, non pensa anche lei? Gli spettacoli della Fondazione Aggvada sono sempve stvaovdinavi. Non Tvova? La leggerezza, pavdon, la leggevezza e allo stesso tempo la duvezza con cui hanno povtato in scena questi temi cos\u00ec pvofondi ma senza dubbio alcuno cos\u00ec avdentemnte contempovanei\u2026 Davvevo una delizia per le ovecchie\u2026 ma anche pev gli occhi eh?!? Tutti quei bei maschioni abbvonzati sul palco, cos\u00ec possenti e cos\u00ec vivili. E poi cevto, tutta la questione della colonizzazione, un ovvove che tutti noi ci povtevemo pev sempve sulle spalle. Ahhh poveve popolazioni cos\u00ec sfortunate.. ehm\u2026 sfovtunate dicevo. Ma non intvistiamoci tvoppo che non possiamo mica fvustavci con il silicio no? Ah ah ah. &nbsp;Se sav\u00f2 alla manifestazione pev la Pace domani dice? Ma cevto, solo che con molta pvobabilit\u00e0 mi vedv\u00e0 ai tavolini del bav, che con tutta quella gentaglia dei centvi sociali che ci sav\u00e0, non mi sogno neanche di fevmavmi sulla piazza. Mi pu\u00f2 chiamare un taxi, le spiace?<\/p>\n\n\n\n<p>\u2013 S\u00ec certo ma scusi un attimo che vediamo uscire dal teatro il Ministro della Cultura, il deputato Massimo Decimo Dedicato, speriamo di riuscire a strappargli un commento. Ministro una battuta prego\u2026<\/p>\n\n\n\n<p>\u2013 Nun me chieda niente dello spettacolo pe\u2019 carit\u00e0, che nun c\u2019ho capito quasi gnente. Scherzo ovviamente ma se me fai n\u2019artra domanda \u00e8 mejo.<\/p>\n\n\n\n<p>\u2013 S\u00ec, allora Ministro ci pu\u00f2 dire quanto \u00e8 importante per Lei il coinvolgimento dei privati nella vita culturale del Paese<\/p>\n\n\n\n<p>\u2013 I privati e in particolare i privati prestiggiosi come coloro i quali sono a capo della Fondazione Aggrada aiutano senza alcun artro dubbio a mantenere alta l\u2019eccellenza di colei la quale rappresenta un fiore all\u2019occhiello der nostro paese e senz\u2019artro dubbio alcuno sto parlando della curtura tutta, nessuna esclusa. E approfitto di tutta questa bella gente per dire che anche per il Governo, il quale mi freggio di rappresentare nelle vesti di Ministro, c\u2019\u00e8, \u00e8 con la curtura, \u00e8 con i cittadini e soprattutto con coloro i quali sono gente preziosa come i lavoratori dello spettacolo. Ed \u00e8 per questo, e posso dire con senz\u2019artro orgojo che \u00e8 \u2018na grande vittoria per il mio Ministero il fatto che si sta discutendo in questi giorni di un decreto da me medesimo presentato, di ben 300 mila euro a sostegno della curtura e delle categorie di cui sopra ho menzionato.<\/p>\n\n\n\n<p>\u2013 Scusi Ministro, intendeva dire 300 milioni?<\/p>\n\n\n\n<p>\u2013 No, ho detto bene, ma buttali via no? 300mila euro, che testimoniano tutta l\u2019importanza che il Governo e in particolare il partito che mi onoro di rappresentare d\u00e0 alla curtura. Perch\u00e9 senza curtura, nun c\u2019\u00e8 futuro. &nbsp;Questa m\u2019\u00e8 uscita bene, mi raccomando, scrivi citazione originale e testuale de l\u2019Onorevole Massimo Decimo Dedicato.<\/p>\n\n\n\n<p>\u2013 S\u00ec, Ministro, ma siamo in diretta televisiva non \u00e8 un articolo.<\/p>\n\n\n\n<p>\u2013 Ancora mejo allora. Grazie, buon lavoro e sempre Forza Roma. Daje.<\/p>\n\n\n\n<p>\u2013 Grazie Ministro, come sempre illuminante ma adesso sentiamo altri commenti da parte di spettatori comuni che tanto comuni non sono, dato che il costo dei biglietti partiva da un\u2019offerta minima di 500 Euro. Ma si sa, per apparire nella lista dei benefattori questo e altro. Lei, per esempio, come ha trovato lo spettacolo?<\/p>\n\n\n\n<p>\u2013 Geniale, io l\u2019ho trovato assolutamente geniale. Affrontare il senso pienamente mistificato dell\u2019essenza del quesito sostanziale ancorch\u00e9 endemico io l\u2019ho trovato ge-nia-le. E poi quel climax di emozioni e sensazioni che portavano su su su e poi gi\u00f9 gi\u00f9 gi\u00f9 fino a toccare viscere sensoriali extracorporee assolutamente decadenti. Lo ha capito s\u00ec, il gioco del regista? Non vedere l\u2019Europa in quanto Europa ma L\u2019Europa in quanto rappresentata da un ammasso sistemico di tubi trasversali tagliati da una corda di iuta sorretta da una suora laica che vola sulle teste di due capotreni. Geniale no? Cos\u00ec come geniale \u00e8 stata l\u2019idea di far parlare del problema senza affrontare direttamente il problema ma solo attraverso delle interpretazioni pindariche del soggetto estraneo ad esso, coadiuvato da un istinto non inconscio bens\u00ec taumaturgo dell\u2019oggetto complementare. Geniale davvero e complimenti ancora una volta alla Fondazione Aggrada. Una pioniera in questo senso.<br><br>\u2013 E geniale, sembra essere la parola che pi\u00f9 serpeggia tra il pubblico che affolla l\u2019esclusivo foyer. Ma ci sembra ora di sentire arrivare da fuori delle urla, urla di protesta, non si capisce se per l\u2019argomento dello spettacolo o se per le pellicce che effettivamente affollano la sala. Ecco abbiamo avvicinato una ragazza che fa parte di questa movimentazione che sembra aver a capo quello che sugli striscioni leggiamo essere denominato come Comitato Onorario Nazionale Teste Rosse Omonime.<\/p>\n\n\n\n<p>\u2013 Noi siamo C.O.N.T.R.O.<\/p>\n\n\n\n<p>\u2013 Contro cosa?<\/p>\n\n\n\n<p>\u2013 Contro.<\/p>\n\n\n\n<p>\u2013 Contro la spettacolarizzazione e lo sfruttamento economico di una piaga storica e dolorosa come la colonizzazione?<\/p>\n\n\n\n<p>\u2013 S\u00ec, esatto. Contro la spettacolarizzazione e lo sfruttamento economico di una piaga storica e dolorosa come la colonizzazione.<\/p>\n\n\n\n<p>\u2013 Ah, pensavo contro le pellicce.<\/p>\n\n\n\n<p>\u2013 S\u00ec, contro le pellicce.<\/p>\n\n\n\n<p>\u2013 Vedo che alcuni suoi colleghi se la stanno prendendo con i tassisti sulla piazzola. Siete forse contro la posizione anti-liberalizzazione delle licenze espressa dalle sigle sindacali che rappresentano i tassisti romani?<\/p>\n\n\n\n<p>\u2013 S\u00ec, contro la posizione anti-liberalizzazione delle licenze espressa dalle sigle sindacali che rappresentano i tassisti romani.<br><br>\u2013 Beeenissimo, come sempre la Fondazione Aggrada colpisce, divide e fa parlare di s\u00e9. E il suo modo di approcciare la cultura cos\u00ec come la moda pu\u00f2 piacere o non piacere ma sicuramente riesce a parlare mille linguaggi diversi, alcuni dei quali sinceramente incomprensibili.<br>Ma non \u00e8 forse questo uno degli obiettivi dell\u2019Arte? E con questo intrigante quesito, da Gino Ballini, in diretta dalla Fondazione Aggrada, \u00e8 tutto. A voi la linea.<\/p>\n<div class=\"pvc_clear\"><\/div><p id=\"pvc_stats_49384\" class=\"pvc_stats all  \" data-element-id=\"49384\" style=\"\"><i class=\"pvc-stats-icon medium\" aria-hidden=\"true\"><svg aria-hidden=\"true\" focusable=\"false\" data-prefix=\"far\" data-icon=\"chart-bar\" role=\"img\" xmlns=\"http:\/\/www.w3.org\/2000\/svg\" viewBox=\"0 0 512 512\" class=\"svg-inline--fa fa-chart-bar fa-w-16 fa-2x\"><path fill=\"currentColor\" d=\"M396.8 352h22.4c6.4 0 12.8-6.4 12.8-12.8V108.8c0-6.4-6.4-12.8-12.8-12.8h-22.4c-6.4 0-12.8 6.4-12.8 12.8v230.4c0 6.4 6.4 12.8 12.8 12.8zm-192 0h22.4c6.4 0 12.8-6.4 12.8-12.8V140.8c0-6.4-6.4-12.8-12.8-12.8h-22.4c-6.4 0-12.8 6.4-12.8 12.8v198.4c0 6.4 6.4 12.8 12.8 12.8zm96 0h22.4c6.4 0 12.8-6.4 12.8-12.8V204.8c0-6.4-6.4-12.8-12.8-12.8h-22.4c-6.4 0-12.8 6.4-12.8 12.8v134.4c0 6.4 6.4 12.8 12.8 12.8zM496 400H48V80c0-8.84-7.16-16-16-16H16C7.16 64 0 71.16 0 80v336c0 17.67 14.33 32 32 32h464c8.84 0 16-7.16 16-16v-16c0-8.84-7.16-16-16-16zm-387.2-48h22.4c6.4 0 12.8-6.4 12.8-12.8v-70.4c0-6.4-6.4-12.8-12.8-12.8h-22.4c-6.4 0-12.8 6.4-12.8 12.8v70.4c0 6.4 6.4 12.8 12.8 12.8z\" class=\"\"><\/path><\/svg><\/i> <img loading=\"lazy\" decoding=\"async\" width=\"16\" height=\"16\" alt=\"Loading\" src=\"https:\/\/www.raccontinellarete.it\/301\/wp-content\/plugins\/page-views-count\/ajax-loader-2x.gif\" border=0 \/><\/p><div class=\"pvc_clear\"><\/div>","protected":false},"excerpt":{"rendered":"<p>\u2013 Buonasera a tutti i nostri telespettatori. Siamo qui in diretta dalla Fondazione Aggrada, dove \u00e8 appena terminato lo spettacolo di punta della stagione dal titolo La colonizzazione \u00e8 davvero il peccato originale alla base dell\u2019Europa? La Aggrada, infatti, oltre ad essere ai vertici dell\u2019industria globale della moda ormai da pi\u00f9 di sessant\u2019anni, da diverso [&hellip;]<\/p>\n<div class=\"pvc_clear\"><\/div>\n<p id=\"pvc_stats_49384\" class=\"pvc_stats all  \" data-element-id=\"49384\" style=\"\"><i class=\"pvc-stats-icon medium\" aria-hidden=\"true\"><svg aria-hidden=\"true\" focusable=\"false\" data-prefix=\"far\" data-icon=\"chart-bar\" role=\"img\" xmlns=\"http:\/\/www.w3.org\/2000\/svg\" viewBox=\"0 0 512 512\" class=\"svg-inline--fa fa-chart-bar fa-w-16 fa-2x\"><path fill=\"currentColor\" d=\"M396.8 352h22.4c6.4 0 12.8-6.4 12.8-12.8V108.8c0-6.4-6.4-12.8-12.8-12.8h-22.4c-6.4 0-12.8 6.4-12.8 12.8v230.4c0 6.4 6.4 12.8 12.8 12.8zm-192 0h22.4c6.4 0 12.8-6.4 12.8-12.8V140.8c0-6.4-6.4-12.8-12.8-12.8h-22.4c-6.4 0-12.8 6.4-12.8 12.8v198.4c0 6.4 6.4 12.8 12.8 12.8zm96 0h22.4c6.4 0 12.8-6.4 12.8-12.8V204.8c0-6.4-6.4-12.8-12.8-12.8h-22.4c-6.4 0-12.8 6.4-12.8 12.8v134.4c0 6.4 6.4 12.8 12.8 12.8zM496 400H48V80c0-8.84-7.16-16-16-16H16C7.16 64 0 71.16 0 80v336c0 17.67 14.33 32 32 32h464c8.84 0 16-7.16 16-16v-16c0-8.84-7.16-16-16-16zm-387.2-48h22.4c6.4 0 12.8-6.4 12.8-12.8v-70.4c0-6.4-6.4-12.8-12.8-12.8h-22.4c-6.4 0-12.8 6.4-12.8 12.8v70.4c0 6.4 6.4 12.8 12.8 12.8z\" class=\"\"><\/path><\/svg><\/i> <img loading=\"lazy\" decoding=\"async\" width=\"16\" height=\"16\" alt=\"Loading\" src=\"https:\/\/www.raccontinellarete.it\/301\/wp-content\/plugins\/page-views-count\/ajax-loader-2x.gif\" border=0 \/><\/p>\n<div class=\"pvc_clear\"><\/div>\n","protected":false},"author":22447,"featured_media":0,"comment_status":"open","ping_status":"closed","sticky":false,"template":"","format":"standard","meta":{"footnotes":""},"categories":[597],"tags":[],"class_list":["post-49384","post","type-post","status-publish","format-standard","hentry","category-premio-racconti-nella-rete-2022"],"_links":{"self":[{"href":"https:\/\/www.raccontinellarete.it\/index.php?rest_route=\/wp\/v2\/posts\/49384"}],"collection":[{"href":"https:\/\/www.raccontinellarete.it\/index.php?rest_route=\/wp\/v2\/posts"}],"about":[{"href":"https:\/\/www.raccontinellarete.it\/index.php?rest_route=\/wp\/v2\/types\/post"}],"author":[{"embeddable":true,"href":"https:\/\/www.raccontinellarete.it\/index.php?rest_route=\/wp\/v2\/users\/22447"}],"replies":[{"embeddable":true,"href":"https:\/\/www.raccontinellarete.it\/index.php?rest_route=%2Fwp%2Fv2%2Fcomments&post=49384"}],"version-history":[{"count":2,"href":"https:\/\/www.raccontinellarete.it\/index.php?rest_route=\/wp\/v2\/posts\/49384\/revisions"}],"predecessor-version":[{"id":49390,"href":"https:\/\/www.raccontinellarete.it\/index.php?rest_route=\/wp\/v2\/posts\/49384\/revisions\/49390"}],"wp:attachment":[{"href":"https:\/\/www.raccontinellarete.it\/index.php?rest_route=%2Fwp%2Fv2%2Fmedia&parent=49384"}],"wp:term":[{"taxonomy":"category","embeddable":true,"href":"https:\/\/www.raccontinellarete.it\/index.php?rest_route=%2Fwp%2Fv2%2Fcategories&post=49384"},{"taxonomy":"post_tag","embeddable":true,"href":"https:\/\/www.raccontinellarete.it\/index.php?rest_route=%2Fwp%2Fv2%2Ftags&post=49384"}],"curies":[{"name":"wp","href":"https:\/\/api.w.org\/{rel}","templated":true}]}}