{"id":49344,"date":"2022-05-23T18:15:14","date_gmt":"2022-05-23T17:15:14","guid":{"rendered":"http:\/\/www.raccontinellarete.it\/?p=49344"},"modified":"2022-05-26T18:50:15","modified_gmt":"2022-05-26T17:50:15","slug":"premio-racconti-nella-rete-2022-una-giornata-tipo-di-barbara-ortelli-pin","status":"publish","type":"post","link":"https:\/\/www.raccontinellarete.it\/?p=49344","title":{"rendered":"Premio Racconti nella Rete 2022 &#8220;Una giornata tipo&#8221; di Barbara Ortelli Pin"},"content":{"rendered":"\n<p>Altalene e scivoli erano presi d\u2019assalto dai piccoli. Quelli pi\u00f9 grandicelli giocavano a palla o si rincorrevano nei viali serpeggianti tra gli alberi, alcuni maestosi. Lo sfogliarsi autunnale non era ancora in atto e le foglie, vibranti di colori, luccicavano contro un cielo azzurro dilatato. Quell\u2019esplosione di giallo, arancio e rosso riverberava contro le mura di cinta del parco comunale, sfumando poi nei giardini privati confinanti dove gli orti e le piante da frutto si avviavano al riposo. Solo i cachi, con le loro grosse bacche arancioni, sembravano rimandare a quell\u2019allegria.&nbsp;<\/p>\n\n\n\n<p>Su un vecchio ciliegio un picchio verde batteva il tempo.<\/p>\n\n\n\n<p>Giovanni, immobile, lo osservava dalla finestra. Era il suo ondeggiare ad attrarlo o quel metodico tamburellare? Improvvisamente si gir\u00f2 di scatto e volendolo imitare batt\u00e9 i piedi a terra. Il ritmo iniziale ben presto si allent\u00f2. Inseguendo una composizione propria Giovanni usc\u00ec dalla camera, percorse lo stretto corridoio reso buio e oppressivo dal colore scuro dei mobili e, sempre picchiando i piedi, raggiunse la cucina dove la televisione accesa come sempre sin dal mattino faceva da sottofondo. La porta era socchiusa. La nonna era l\u00ec, rapita dalle programmazioni.&nbsp;<\/p>\n\n\n\n<p>Spalanc\u00f2 la porta e le grid\u00f2 \u201cStupida, sei stupida\u201d.&nbsp;<\/p>\n\n\n\n<p>Lei non distolse lo sguardo dallo schermo. E non rispose. Il loro rapporto era difficile.<\/p>\n\n\n\n<p>Eppure quando il nipote arrivava lo accoglieva calorosamente. Apriva l\u2019uscio ed emetteva un suono. Una parola sola, un \u201cciao\u201d. Ma il verso era cos\u00ec allungato che sembrava un \u201cmiao\u201d. Come quello dei gatti in calore a notte fonda che ti costringe a chiudere le finestre se vuoi dormire. Miao e ciao si fondevano nella tromba delle scale, scivolavano lungo la ringhiera, gi\u00f9 fino all\u2019entrata del condominio. E poi quel lamento risaliva le scale, con Giovanni. Si appiattiva quanto basta per scivolare sotto le porte dei vicini. Ma era sul pianerottolo d\u2019entrata che il miagolio raggiungeva la sua massima intensit\u00e0. La porta allora si richiudeva e l\u2019immagine di nonna perfetta era salva.&nbsp;<\/p>\n\n\n\n<p>Giovanni le volt\u00f2 le spalle. Come una marionetta azionata da fili invisibili pieg\u00f2 la testa a sinistra quasi a toccare la spalla con l\u2019orecchio; lo stesso a destra. Mosse le braccia. Una vibrazione continua si impossess\u00f2 delle gambe. Inizi\u00f2 a correre. Lanci\u00f2 il peso dei suoi nove anni tra le varie stanze. Ogni corsa terminava con un salto. Seguito da un grido. Di nuovo una corsa, un salto, delle grida. Finch\u00e9 il nonno recit\u00f2 un rosario di bestemmie. La nonna, riportata al mondo da tutto quel glorificare, pigramente si allontan\u00f2 dalla tele. Affid\u00f2 il peso delle sue rinascimentali cosce e i piedi gonfi a delle scarpe. Scarpe con tacco naturalmente. Trascinandosi pesantemente oltrepass\u00f2 Giovanni bloccatosi in mezzo al corridoio sulla voce del nonno. Il bambino venne dapprima ammantato dal profumo del bucato che la nonna stava stendendo e poi da una sensazione sgradevole di caldo-umido che gli rub\u00f2 per un attimo il respiro. In quel clima tropicale riprese a correre. Ripass\u00f2 accanto al classico divano color nero dove alcune sue fotografie su una mensola ne documentavano lo sviluppo longilineo. Anche se, purtroppo, certe rotondit\u00e0 tipiche della famiglia si stavano gi\u00e0 evidenziando.<\/p>\n\n\n\n<p>Del resto movimento non ne faceva, a parte tutto quel correre e quel saltare. &nbsp;<\/p>\n\n\n\n<p>Era praticamente cresciuto con i nonni, in quel appartamento, ancora prima del divorzio dei genitori. Vi trascorreva il dopo scuola, i fine settimana, le vacanze scolastiche. Sempre in casa. Giornate intere senza mai uscire. Qualunque fosse la stagione, il suo parco giochi era confinato in quell\u2019appartamento. Sembrava che il disinteresse dei nonni per la vita oltre le mura di casa lo avesse impermeabilizzato, che tutto il suo corpo fosse a prova di mondo e vivesse dentro una grande bolla.&nbsp;<\/p>\n\n\n\n<p>Suscitava nei vicini di casa una sorta di compassione. E muta incomprensione per quell\u2019infanzia&nbsp; favolosamente monotona, per non vederlo mai correre nei campi controvento, per non saperlo al cinema o frequentare qualche workshop per bambini o ancora praticare sport. Invitare o essere invitato da amici. Ma non aveva coetanei al di fuori della scuola. Solo il tablet fungeva da cordone ombelicale col mondo.&nbsp;<\/p>\n\n\n\n<p>Url\u00f2 e url\u00f2, le corse e i salti erano ripresi con vigore. Le grida rimbalzarono tra le mura, oltrepassarono le finestre socchiuse. Circondarono la casa. Giovanni pass\u00f2 correndo accanto alla finestra senza prestarle attenzione.&nbsp;<\/p>\n\n\n\n<p>Il picchio era volato via.&nbsp;<\/p>\n\n\n\n<p>Qualcuno nel vicino orto stava raccogliendo i cachi. Nel parco delle famiglie si godevano il sole sedute sulle panchine, alcuni bambini sfrecciavano in bicicletta.<\/p>\n<div class=\"pvc_clear\"><\/div><p id=\"pvc_stats_49344\" class=\"pvc_stats all  \" data-element-id=\"49344\" style=\"\"><i class=\"pvc-stats-icon medium\" aria-hidden=\"true\"><svg aria-hidden=\"true\" focusable=\"false\" data-prefix=\"far\" data-icon=\"chart-bar\" role=\"img\" xmlns=\"http:\/\/www.w3.org\/2000\/svg\" viewBox=\"0 0 512 512\" class=\"svg-inline--fa fa-chart-bar fa-w-16 fa-2x\"><path fill=\"currentColor\" d=\"M396.8 352h22.4c6.4 0 12.8-6.4 12.8-12.8V108.8c0-6.4-6.4-12.8-12.8-12.8h-22.4c-6.4 0-12.8 6.4-12.8 12.8v230.4c0 6.4 6.4 12.8 12.8 12.8zm-192 0h22.4c6.4 0 12.8-6.4 12.8-12.8V140.8c0-6.4-6.4-12.8-12.8-12.8h-22.4c-6.4 0-12.8 6.4-12.8 12.8v198.4c0 6.4 6.4 12.8 12.8 12.8zm96 0h22.4c6.4 0 12.8-6.4 12.8-12.8V204.8c0-6.4-6.4-12.8-12.8-12.8h-22.4c-6.4 0-12.8 6.4-12.8 12.8v134.4c0 6.4 6.4 12.8 12.8 12.8zM496 400H48V80c0-8.84-7.16-16-16-16H16C7.16 64 0 71.16 0 80v336c0 17.67 14.33 32 32 32h464c8.84 0 16-7.16 16-16v-16c0-8.84-7.16-16-16-16zm-387.2-48h22.4c6.4 0 12.8-6.4 12.8-12.8v-70.4c0-6.4-6.4-12.8-12.8-12.8h-22.4c-6.4 0-12.8 6.4-12.8 12.8v70.4c0 6.4 6.4 12.8 12.8 12.8z\" class=\"\"><\/path><\/svg><\/i> <img loading=\"lazy\" decoding=\"async\" width=\"16\" height=\"16\" alt=\"Loading\" src=\"https:\/\/www.raccontinellarete.it\/301\/wp-content\/plugins\/page-views-count\/ajax-loader-2x.gif\" border=0 \/><\/p><div class=\"pvc_clear\"><\/div>","protected":false},"excerpt":{"rendered":"<p>Altalene e scivoli erano presi d\u2019assalto dai piccoli. Quelli pi\u00f9 grandicelli giocavano a palla o si rincorrevano nei viali serpeggianti tra gli alberi, alcuni maestosi. Lo sfogliarsi autunnale non era ancora in atto e le foglie, vibranti di colori, luccicavano contro un cielo azzurro dilatato. Quell\u2019esplosione di giallo, arancio e rosso riverberava contro le mura [&hellip;]<\/p>\n<div class=\"pvc_clear\"><\/div>\n<p id=\"pvc_stats_49344\" class=\"pvc_stats all  \" data-element-id=\"49344\" style=\"\"><i class=\"pvc-stats-icon medium\" aria-hidden=\"true\"><svg aria-hidden=\"true\" focusable=\"false\" data-prefix=\"far\" data-icon=\"chart-bar\" role=\"img\" xmlns=\"http:\/\/www.w3.org\/2000\/svg\" viewBox=\"0 0 512 512\" class=\"svg-inline--fa fa-chart-bar fa-w-16 fa-2x\"><path fill=\"currentColor\" d=\"M396.8 352h22.4c6.4 0 12.8-6.4 12.8-12.8V108.8c0-6.4-6.4-12.8-12.8-12.8h-22.4c-6.4 0-12.8 6.4-12.8 12.8v230.4c0 6.4 6.4 12.8 12.8 12.8zm-192 0h22.4c6.4 0 12.8-6.4 12.8-12.8V140.8c0-6.4-6.4-12.8-12.8-12.8h-22.4c-6.4 0-12.8 6.4-12.8 12.8v198.4c0 6.4 6.4 12.8 12.8 12.8zm96 0h22.4c6.4 0 12.8-6.4 12.8-12.8V204.8c0-6.4-6.4-12.8-12.8-12.8h-22.4c-6.4 0-12.8 6.4-12.8 12.8v134.4c0 6.4 6.4 12.8 12.8 12.8zM496 400H48V80c0-8.84-7.16-16-16-16H16C7.16 64 0 71.16 0 80v336c0 17.67 14.33 32 32 32h464c8.84 0 16-7.16 16-16v-16c0-8.84-7.16-16-16-16zm-387.2-48h22.4c6.4 0 12.8-6.4 12.8-12.8v-70.4c0-6.4-6.4-12.8-12.8-12.8h-22.4c-6.4 0-12.8 6.4-12.8 12.8v70.4c0 6.4 6.4 12.8 12.8 12.8z\" class=\"\"><\/path><\/svg><\/i> <img loading=\"lazy\" decoding=\"async\" width=\"16\" height=\"16\" alt=\"Loading\" src=\"https:\/\/www.raccontinellarete.it\/301\/wp-content\/plugins\/page-views-count\/ajax-loader-2x.gif\" border=0 \/><\/p>\n<div class=\"pvc_clear\"><\/div>\n","protected":false},"author":22547,"featured_media":0,"comment_status":"open","ping_status":"closed","sticky":false,"template":"","format":"standard","meta":{"footnotes":""},"categories":[597],"tags":[],"class_list":["post-49344","post","type-post","status-publish","format-standard","hentry","category-premio-racconti-nella-rete-2022"],"_links":{"self":[{"href":"https:\/\/www.raccontinellarete.it\/index.php?rest_route=\/wp\/v2\/posts\/49344"}],"collection":[{"href":"https:\/\/www.raccontinellarete.it\/index.php?rest_route=\/wp\/v2\/posts"}],"about":[{"href":"https:\/\/www.raccontinellarete.it\/index.php?rest_route=\/wp\/v2\/types\/post"}],"author":[{"embeddable":true,"href":"https:\/\/www.raccontinellarete.it\/index.php?rest_route=\/wp\/v2\/users\/22547"}],"replies":[{"embeddable":true,"href":"https:\/\/www.raccontinellarete.it\/index.php?rest_route=%2Fwp%2Fv2%2Fcomments&post=49344"}],"version-history":[{"count":3,"href":"https:\/\/www.raccontinellarete.it\/index.php?rest_route=\/wp\/v2\/posts\/49344\/revisions"}],"predecessor-version":[{"id":49450,"href":"https:\/\/www.raccontinellarete.it\/index.php?rest_route=\/wp\/v2\/posts\/49344\/revisions\/49450"}],"wp:attachment":[{"href":"https:\/\/www.raccontinellarete.it\/index.php?rest_route=%2Fwp%2Fv2%2Fmedia&parent=49344"}],"wp:term":[{"taxonomy":"category","embeddable":true,"href":"https:\/\/www.raccontinellarete.it\/index.php?rest_route=%2Fwp%2Fv2%2Fcategories&post=49344"},{"taxonomy":"post_tag","embeddable":true,"href":"https:\/\/www.raccontinellarete.it\/index.php?rest_route=%2Fwp%2Fv2%2Ftags&post=49344"}],"curies":[{"name":"wp","href":"https:\/\/api.w.org\/{rel}","templated":true}]}}