{"id":49150,"date":"2022-05-12T19:56:06","date_gmt":"2022-05-12T18:56:06","guid":{"rendered":"http:\/\/www.raccontinellarete.it\/?p=49150"},"modified":"2022-05-12T19:57:28","modified_gmt":"2022-05-12T18:57:28","slug":"the-wall-mostra-fotografica-in-collaborazione-con-luccautori","status":"publish","type":"post","link":"https:\/\/www.raccontinellarete.it\/?p=49150","title":{"rendered":"THE WALL mostra fotografica in collaborazione con LuccAutori"},"content":{"rendered":"\n<p><br><strong>SABATO 14 MAGGIO alle 11 nelle sale della BIBLIOTECA COMUNALE GUGLIELMO MARCONI&nbsp; di Viareggio sar\u00e0 inaugurata la MOSTRA FOTOGRAFICA &#8220;<u>THE WALL<\/u>&#8221; (Il muro).&nbsp;&nbsp;Patrocinata dal Comune di Viareggio, \u00e8 inserita nel programma maggio\/giugno degli eventi di&nbsp; &#8220;Biblioteca fuori di s\u00e8&#8221;.&nbsp;<\/strong><\/p>\n\n\n\n<p><strong>Saranno presenti gli autori delle immagini, i fotografi&nbsp; <u>Stefano Giraldi e Salvatore Bruno Latella<\/u>.&nbsp;<\/strong><\/p>\n\n\n\n<p><strong>Intervengono Cristiano Angelini, autore premiato con la targa Tenco, ed i sociologi&nbsp; Emma Viviani e Federico Bilotti (ANS).&nbsp;&nbsp;L&#8217;allestimento fotografico si potr\u00e0 visitare fino al 14 giugno, dal lunedi al venerd\u00ec dalle 8.30 alle 19.&nbsp; Il sabato dalle 8.30 alle 17.50. Chiuso la domenica.&nbsp;&nbsp;<\/strong><\/p>\n\n\n\n<p>\u201c<strong>The wall<\/strong>\u201d&nbsp; &#8211;&nbsp;&nbsp;Se dobbiamo condensare in una sola parola le maldicenze, le cattiverie, i pregiudizi contro cui ci troviamo impotenti, ebbene, la parola \u00e8 \u201cMuro!\u201d&nbsp;<strong>Un Muro alto e forte che fa da barriera alla tolleranza, alla pazienza, un Muro che impedisce di entrare ma anche di uscire<\/strong>. <strong>Impedisce la libert\u00e0, la comunicazione delle idee. Il Muro \u00e8 un simbolo di fronte al quale si scopre la diversa posizione morale delle persone, e dove le pieghe pi\u00f9 minute della loro anima vengono rivoltate e messe a nudo.&nbsp;<\/strong>La Mostra Fotografica &#8220;The Wall&#8221; cerca di esprimere questo concetto, con foto in bianco e nero che enfatizzano la drammaticit\u00e0 nel trovarsi di fronte questo ostacolo insormontabile.&nbsp; Il percorso fotografico si ispira alle tematiche di Jean Paul Sartre&nbsp; e&nbsp;alla musica dei Pink Floyd.&nbsp;&nbsp;<\/p>\n\n\n\n<p><strong>Stefano Giraldi,<\/strong> fiorentino, \u00e8 un fotografo d\u2019arte di grande esperienza. \u00c8 stato a capo di una campagna fotografica per una serie di monografie su Chiese e Palazzi storici della citt\u00e0 di Firenze sponsorizzata da una importante Banca fiorentina e pubblicata dalla Casa Editrice Giunti.&nbsp; Per la stessa casa editrice ha fotografato i disegni originali di Leonardo da Vinci sparsi in tutta Europa. \u00c8 stato il fotografo di artisti visivi nazionali (Pietro Annigoni, Luca Alinari, Antonio Bueno, Alberto Burri) e internazionali (Karel Appel, Sebastian Matta). Ha avuto esperienze nel cinema e teatro sperimentale. Da alcuni anni organizza mostre e manifestazioni d\u2019arte in relazione con la letteratura e la musica.&nbsp;<\/p>\n\n\n\n<p><strong>Bruno Salvatore Latella<\/strong>, nato a Reggio Calabria, \u00e8 un musicista e artista visivo . Frequenta attualmente il corso di laurea triennale di Didattica della musica presso il Conservatorio Francesco Cilea di Reggio Calabria, ed il corso di laurea magistrale a ciclo unico di Scienze della Formazione Primaria presso l&#8217;Universit\u00e0 degli Studi Mediterranea di Reggio Calabria. Il suo curriculum artistico, nonostante la giovane et\u00e0, comprende: \u2022 Pubblicazione nell&#8217;Atlante Dell&#8217;Arte Contemporanea 2021, edito da De Agostini Editore; \u2022 Una pubblicazione nella rivista culturale calabrese Confluenze; \u2022 Una menzione d&#8217;onore nella categoria concettuale del concorso internazionale MONOVISIONS PHOTOGRAPHY AWARDS 2019; \u2022 Premio d &#8216;onore Citt\u00e0 di New York 2021, assegnato da La Chimera associazione culturale Lecce; \u2022 Una serie di mostre personali e collettive in varie parti d &#8216;Italia.&nbsp;<\/p>\n\n\n\n<figure class=\"wp-block-image size-large\"><img loading=\"lazy\" decoding=\"async\" width=\"561\" height=\"1024\" src=\"https:\/\/www.raccontinellarete.it\/301\/wp-content\/uploads\/2022\/05\/il-tirreno-12-maggio-2022-561x1024.jpg\" alt=\"\" class=\"wp-image-49151\" srcset=\"https:\/\/www.raccontinellarete.it\/301\/wp-content\/uploads\/2022\/05\/il-tirreno-12-maggio-2022-561x1024.jpg 561w, https:\/\/www.raccontinellarete.it\/301\/wp-content\/uploads\/2022\/05\/il-tirreno-12-maggio-2022-137x250.jpg 137w, https:\/\/www.raccontinellarete.it\/301\/wp-content\/uploads\/2022\/05\/il-tirreno-12-maggio-2022.jpg 740w\" sizes=\"(max-width: 561px) 100vw, 561px\" \/><\/figure>\n\n\n\n<figure class=\"wp-block-image size-full\"><img loading=\"lazy\" decoding=\"async\" width=\"448\" height=\"977\" src=\"https:\/\/www.raccontinellarete.it\/301\/wp-content\/uploads\/2022\/05\/la-nazione-12-maggio-2022.jpg\" alt=\"\" class=\"wp-image-49152\" srcset=\"https:\/\/www.raccontinellarete.it\/301\/wp-content\/uploads\/2022\/05\/la-nazione-12-maggio-2022.jpg 448w, https:\/\/www.raccontinellarete.it\/301\/wp-content\/uploads\/2022\/05\/la-nazione-12-maggio-2022-115x250.jpg 115w\" sizes=\"(max-width: 448px) 100vw, 448px\" \/><\/figure>\n<div class=\"pvc_clear\"><\/div><p id=\"pvc_stats_49150\" class=\"pvc_stats all  \" data-element-id=\"49150\" style=\"\"><i class=\"pvc-stats-icon medium\" aria-hidden=\"true\"><svg aria-hidden=\"true\" focusable=\"false\" data-prefix=\"far\" data-icon=\"chart-bar\" role=\"img\" xmlns=\"http:\/\/www.w3.org\/2000\/svg\" viewBox=\"0 0 512 512\" class=\"svg-inline--fa fa-chart-bar fa-w-16 fa-2x\"><path fill=\"currentColor\" d=\"M396.8 352h22.4c6.4 0 12.8-6.4 12.8-12.8V108.8c0-6.4-6.4-12.8-12.8-12.8h-22.4c-6.4 0-12.8 6.4-12.8 12.8v230.4c0 6.4 6.4 12.8 12.8 12.8zm-192 0h22.4c6.4 0 12.8-6.4 12.8-12.8V140.8c0-6.4-6.4-12.8-12.8-12.8h-22.4c-6.4 0-12.8 6.4-12.8 12.8v198.4c0 6.4 6.4 12.8 12.8 12.8zm96 0h22.4c6.4 0 12.8-6.4 12.8-12.8V204.8c0-6.4-6.4-12.8-12.8-12.8h-22.4c-6.4 0-12.8 6.4-12.8 12.8v134.4c0 6.4 6.4 12.8 12.8 12.8zM496 400H48V80c0-8.84-7.16-16-16-16H16C7.16 64 0 71.16 0 80v336c0 17.67 14.33 32 32 32h464c8.84 0 16-7.16 16-16v-16c0-8.84-7.16-16-16-16zm-387.2-48h22.4c6.4 0 12.8-6.4 12.8-12.8v-70.4c0-6.4-6.4-12.8-12.8-12.8h-22.4c-6.4 0-12.8 6.4-12.8 12.8v70.4c0 6.4 6.4 12.8 12.8 12.8z\" class=\"\"><\/path><\/svg><\/i> <img loading=\"lazy\" decoding=\"async\" width=\"16\" height=\"16\" alt=\"Loading\" src=\"https:\/\/www.raccontinellarete.it\/301\/wp-content\/plugins\/page-views-count\/ajax-loader-2x.gif\" border=0 \/><\/p><div class=\"pvc_clear\"><\/div>","protected":false},"excerpt":{"rendered":"<p>SABATO 14 MAGGIO alle 11 nelle sale della BIBLIOTECA COMUNALE GUGLIELMO MARCONI&nbsp; di Viareggio sar\u00e0 inaugurata la MOSTRA FOTOGRAFICA &#8220;THE WALL&#8221; (Il muro).&nbsp;&nbsp;Patrocinata dal Comune di Viareggio, \u00e8 inserita nel programma maggio\/giugno degli eventi di&nbsp; &#8220;Biblioteca fuori di s\u00e8&#8221;.&nbsp; Saranno presenti gli autori delle immagini, i fotografi&nbsp; Stefano Giraldi e Salvatore Bruno Latella.&nbsp; Intervengono Cristiano [&hellip;]<\/p>\n<div class=\"pvc_clear\"><\/div>\n<p id=\"pvc_stats_49150\" class=\"pvc_stats all  \" data-element-id=\"49150\" style=\"\"><i class=\"pvc-stats-icon medium\" aria-hidden=\"true\"><svg aria-hidden=\"true\" focusable=\"false\" data-prefix=\"far\" data-icon=\"chart-bar\" role=\"img\" xmlns=\"http:\/\/www.w3.org\/2000\/svg\" viewBox=\"0 0 512 512\" class=\"svg-inline--fa fa-chart-bar fa-w-16 fa-2x\"><path fill=\"currentColor\" d=\"M396.8 352h22.4c6.4 0 12.8-6.4 12.8-12.8V108.8c0-6.4-6.4-12.8-12.8-12.8h-22.4c-6.4 0-12.8 6.4-12.8 12.8v230.4c0 6.4 6.4 12.8 12.8 12.8zm-192 0h22.4c6.4 0 12.8-6.4 12.8-12.8V140.8c0-6.4-6.4-12.8-12.8-12.8h-22.4c-6.4 0-12.8 6.4-12.8 12.8v198.4c0 6.4 6.4 12.8 12.8 12.8zm96 0h22.4c6.4 0 12.8-6.4 12.8-12.8V204.8c0-6.4-6.4-12.8-12.8-12.8h-22.4c-6.4 0-12.8 6.4-12.8 12.8v134.4c0 6.4 6.4 12.8 12.8 12.8zM496 400H48V80c0-8.84-7.16-16-16-16H16C7.16 64 0 71.16 0 80v336c0 17.67 14.33 32 32 32h464c8.84 0 16-7.16 16-16v-16c0-8.84-7.16-16-16-16zm-387.2-48h22.4c6.4 0 12.8-6.4 12.8-12.8v-70.4c0-6.4-6.4-12.8-12.8-12.8h-22.4c-6.4 0-12.8 6.4-12.8 12.8v70.4c0 6.4 6.4 12.8 12.8 12.8z\" class=\"\"><\/path><\/svg><\/i> <img loading=\"lazy\" decoding=\"async\" width=\"16\" height=\"16\" alt=\"Loading\" src=\"https:\/\/www.raccontinellarete.it\/301\/wp-content\/plugins\/page-views-count\/ajax-loader-2x.gif\" border=0 \/><\/p>\n<div class=\"pvc_clear\"><\/div>\n","protected":false},"author":3,"featured_media":49155,"comment_status":"open","ping_status":"closed","sticky":false,"template":"","format":"standard","meta":{"footnotes":""},"categories":[87,5],"tags":[],"class_list":["post-49150","post","type-post","status-publish","format-standard","has-post-thumbnail","hentry","category-comunicato-stampa","category-racconti-nella-rete"],"_links":{"self":[{"href":"https:\/\/www.raccontinellarete.it\/index.php?rest_route=\/wp\/v2\/posts\/49150"}],"collection":[{"href":"https:\/\/www.raccontinellarete.it\/index.php?rest_route=\/wp\/v2\/posts"}],"about":[{"href":"https:\/\/www.raccontinellarete.it\/index.php?rest_route=\/wp\/v2\/types\/post"}],"author":[{"embeddable":true,"href":"https:\/\/www.raccontinellarete.it\/index.php?rest_route=\/wp\/v2\/users\/3"}],"replies":[{"embeddable":true,"href":"https:\/\/www.raccontinellarete.it\/index.php?rest_route=%2Fwp%2Fv2%2Fcomments&post=49150"}],"version-history":[{"count":2,"href":"https:\/\/www.raccontinellarete.it\/index.php?rest_route=\/wp\/v2\/posts\/49150\/revisions"}],"predecessor-version":[{"id":49156,"href":"https:\/\/www.raccontinellarete.it\/index.php?rest_route=\/wp\/v2\/posts\/49150\/revisions\/49156"}],"wp:featuredmedia":[{"embeddable":true,"href":"https:\/\/www.raccontinellarete.it\/index.php?rest_route=\/wp\/v2\/media\/49155"}],"wp:attachment":[{"href":"https:\/\/www.raccontinellarete.it\/index.php?rest_route=%2Fwp%2Fv2%2Fmedia&parent=49150"}],"wp:term":[{"taxonomy":"category","embeddable":true,"href":"https:\/\/www.raccontinellarete.it\/index.php?rest_route=%2Fwp%2Fv2%2Fcategories&post=49150"},{"taxonomy":"post_tag","embeddable":true,"href":"https:\/\/www.raccontinellarete.it\/index.php?rest_route=%2Fwp%2Fv2%2Ftags&post=49150"}],"curies":[{"name":"wp","href":"https:\/\/api.w.org\/{rel}","templated":true}]}}