{"id":49126,"date":"2022-05-12T19:36:04","date_gmt":"2022-05-12T18:36:04","guid":{"rendered":"http:\/\/www.raccontinellarete.it\/?p=49126"},"modified":"2022-05-12T19:36:05","modified_gmt":"2022-05-12T18:36:05","slug":"premio-racconti-nella-rete-2022-la-prepotenza-dellinverno-di-maria-teresa-muratore","status":"publish","type":"post","link":"https:\/\/www.raccontinellarete.it\/?p=49126","title":{"rendered":"Premio Racconti nella Rete 2022 &#8220;La prepotenza dell&#8217;Inverno&#8221; di Maria Teresa Muratore"},"content":{"rendered":"\n<p class=\"has-text-align-left\">Irrompe la Primavera prepotente con il suo verde ignara che non potr\u00e0 ovunque spargere i suoi semi e i suoi effluvi.<\/p>\n\n\n\n<p><\/p>\n\n\n\n<p class=\"has-text-align-left\">Quell&#8217;anno non glielo avevano detto alla Primavera che non era il caso si presentasse alla porta est dell&#8217;Europa. No, non glielo avevano detto, cos\u00ec lei si present\u00f2 gioiosa e fresca e sorridente con le mammelle cariche di linfa vitale pronta ad allattare la terra con le sue piante e i suoi fiori.<\/p>\n\n\n\n<p class=\"has-text-align-left\">Aveva iniziato il suo giro dalla Spagna e aveva gi\u00e0 attraversato quasi tutta la penisola spargendo profumi e colori, dunque era anche un po&#8217; stanca ma ignorava la fatica presa com&#8217;era dal turbinio della danza e della musica che cominciava non appena lei arrivava perch\u00e9 si risvegliavano tutti gli uccelli al suo solo apparire e cominciavano a cantare anzi la accoglievano cos\u00ec gorgheggiando perch\u00e9 la sentivano che stava arrivando; tutti gli animali se ne accorgevano la fiutavano nell&#8217;aria, anche quegli animali degli uomini, e per un attimo sorridevano tra s\u00e9 e s\u00e9, contenti di riviverla ancora una volta, questa sensazione di rinascita, di gioia perduta, un attimo euforizzante, una promessa, un respiro profondo che li scuoteva e li faceva sentire vivi.<\/p>\n\n\n\n<p class=\"has-text-align-left\">Dunque la Primavera arriv\u00f2 l\u00ec e sent\u00ec il freddo dell&#8217;Inverno che non se ne voleva andare, un freddo ostile, cattivo, testardo, non capiva cosa fosse questa aura di morte, gli unici colori erano il grigio e il nero, nero carbone, nero petrolio, nero inferno, grigio cenere, grigio piombo, grigio fumo, ma fumo di quello pesante, denso, il grigio e il nero della distruzione, del livore, dell&#8217;annientamento.<\/p>\n\n\n\n<p class=\"has-text-align-left\">Cercava di capire, non c&#8217;erano animali, scappati, quelli che avevano potuto, allora cerc\u00f2 gli animali uomini, strani uomini, non poteva parlare al loro cuore perch\u00e9 ne percepiva l&#8217;ostilit\u00e0, forte come un muro, come un muro insormontabile dove non era possibile aprire una breccia, perch\u00e9 fatto da tutti i cuori duri di quell&#8217;umanit\u00e0 stretti compattati uno sull&#8217;altro.<\/p>\n\n\n\n<p class=\"has-text-align-left\">L&#8217;Inverno le si par\u00f2 davanti e disse \u201cNon puoi entrare\u201d.<\/p>\n\n\n\n<p class=\"has-text-align-left\">\u201cCome non posso entrare? Mi stanno aspettando anzi sono anche un po&#8217; in ritardo se la vogliamo dire tutta\u201d.<\/p>\n\n\n\n<p class=\"has-text-align-left\">\u201cHo detto di no\u201d, replic\u00f2 l&#8217;inverno, \u201cc&#8217;\u00e8 una guerra in corso, si stanno ammazzando\u201d.<\/p>\n\n\n\n<p class=\"has-text-align-left\">\u201cAllora \u00e8 urgente che io entri, lasciami passare, io posso fargli ricordare come erano prima, ho i miei profumi appresso, posso spargerli un po&#8217; nell&#8217;aria, stuzzicargli le narici\u201d.<\/p>\n\n\n\n<p class=\"has-text-align-left\">\u201cLe loro narici sono chiuse\u201d.<\/p>\n\n\n\n<p class=\"has-text-align-left\">\u201cTi prego, lasciami entrare, butto un po&#8217; di colore qua e l\u00e0, un piccolo fiore che appare improvviso tra le macerie, dei verdi germogli su un albero spoglio, un bocciolo in un angolo \u2026\u201d.<\/p>\n\n\n\n<p class=\"has-text-align-left\">\u201c\u00c9 inutile non li vedrebbero, i loro occhi sono accecati dall&#8217;odio\u201d.<\/p>\n\n\n\n<p class=\"has-text-align-left\">\u201cUn suono! Un trillo! Un cinguettio! Lasciami tentare\u201d.<\/p>\n\n\n\n<p class=\"has-text-align-left\">\u201cNon voglio che tu entri, non sei pronta a vedere questo disastro, sei troppo giovane, passa oltre\u201d.<\/p>\n\n\n\n<p class=\"has-text-align-left\">\u201cNon posso, devo rispettare il mio programma, comincio dai paesi pi\u00f9 caldi e poi arrivo quaggi\u00f9 dove \u00e8 pi\u00f9 freddo, dove a te ci vuole di pi\u00f9 per andartene, e io ti do il tempo di farlo, di andartene senza fretta sciogliendo pian piano i ghiacci, e man mano che si rompono le croste di gelo sulla terra e rotte lastre di ghiaccio scivolano via sulla superficie dei fiumi io scaldo e intiepidisco l\u2019aria e allungo le giornate di nuova luce e tutti, anche se non sanno perch\u00e9, sono un po\u2019 contenti. Dai fammi entrare. Poi devo proseguire, devo rispettare il programma\u201d.<\/p>\n\n\n\n<p class=\"has-text-align-left\">\u201cArrangiati, fai come vuoi\u201d, rispose secco l\u2019Inverno, \u201cda qui, per adesso, non passi\u201d.<\/p>\n\n\n\n<p class=\"has-text-align-left\">\u201cGuardami, ho le mammelle gonfie, mi stanno scoppiando\u201d, insisteva la Primavera con occhi imploranti e increduli di fronte a tanta cieca stupida caparbiet\u00e0, \u201cse non spargo la mia linfa vitale che cosa trover\u00e0 l\u2019Estate quando arriver\u00e0?\u201d<\/p>\n\n\n\n<p class=\"has-text-align-left\">\u201c\u2026l\u2019Estate, non arriver\u00e0\u201d.<\/p>\n\n\n\n<p><\/p>\n<div class=\"pvc_clear\"><\/div><p id=\"pvc_stats_49126\" class=\"pvc_stats all  \" data-element-id=\"49126\" style=\"\"><i class=\"pvc-stats-icon medium\" aria-hidden=\"true\"><svg aria-hidden=\"true\" focusable=\"false\" data-prefix=\"far\" data-icon=\"chart-bar\" role=\"img\" xmlns=\"http:\/\/www.w3.org\/2000\/svg\" viewBox=\"0 0 512 512\" class=\"svg-inline--fa fa-chart-bar fa-w-16 fa-2x\"><path fill=\"currentColor\" d=\"M396.8 352h22.4c6.4 0 12.8-6.4 12.8-12.8V108.8c0-6.4-6.4-12.8-12.8-12.8h-22.4c-6.4 0-12.8 6.4-12.8 12.8v230.4c0 6.4 6.4 12.8 12.8 12.8zm-192 0h22.4c6.4 0 12.8-6.4 12.8-12.8V140.8c0-6.4-6.4-12.8-12.8-12.8h-22.4c-6.4 0-12.8 6.4-12.8 12.8v198.4c0 6.4 6.4 12.8 12.8 12.8zm96 0h22.4c6.4 0 12.8-6.4 12.8-12.8V204.8c0-6.4-6.4-12.8-12.8-12.8h-22.4c-6.4 0-12.8 6.4-12.8 12.8v134.4c0 6.4 6.4 12.8 12.8 12.8zM496 400H48V80c0-8.84-7.16-16-16-16H16C7.16 64 0 71.16 0 80v336c0 17.67 14.33 32 32 32h464c8.84 0 16-7.16 16-16v-16c0-8.84-7.16-16-16-16zm-387.2-48h22.4c6.4 0 12.8-6.4 12.8-12.8v-70.4c0-6.4-6.4-12.8-12.8-12.8h-22.4c-6.4 0-12.8 6.4-12.8 12.8v70.4c0 6.4 6.4 12.8 12.8 12.8z\" class=\"\"><\/path><\/svg><\/i> <img loading=\"lazy\" decoding=\"async\" width=\"16\" height=\"16\" alt=\"Loading\" src=\"https:\/\/www.raccontinellarete.it\/301\/wp-content\/plugins\/page-views-count\/ajax-loader-2x.gif\" border=0 \/><\/p><div class=\"pvc_clear\"><\/div>","protected":false},"excerpt":{"rendered":"<p>Irrompe la Primavera prepotente con il suo verde ignara che non potr\u00e0 ovunque spargere i suoi semi e i suoi effluvi. Quell&#8217;anno non glielo avevano detto alla Primavera che non era il caso si presentasse alla porta est dell&#8217;Europa. No, non glielo avevano detto, cos\u00ec lei si present\u00f2 gioiosa e fresca e sorridente con le [&hellip;]<\/p>\n<div class=\"pvc_clear\"><\/div>\n<p id=\"pvc_stats_49126\" class=\"pvc_stats all  \" data-element-id=\"49126\" style=\"\"><i class=\"pvc-stats-icon medium\" aria-hidden=\"true\"><svg aria-hidden=\"true\" focusable=\"false\" data-prefix=\"far\" data-icon=\"chart-bar\" role=\"img\" xmlns=\"http:\/\/www.w3.org\/2000\/svg\" viewBox=\"0 0 512 512\" class=\"svg-inline--fa fa-chart-bar fa-w-16 fa-2x\"><path fill=\"currentColor\" d=\"M396.8 352h22.4c6.4 0 12.8-6.4 12.8-12.8V108.8c0-6.4-6.4-12.8-12.8-12.8h-22.4c-6.4 0-12.8 6.4-12.8 12.8v230.4c0 6.4 6.4 12.8 12.8 12.8zm-192 0h22.4c6.4 0 12.8-6.4 12.8-12.8V140.8c0-6.4-6.4-12.8-12.8-12.8h-22.4c-6.4 0-12.8 6.4-12.8 12.8v198.4c0 6.4 6.4 12.8 12.8 12.8zm96 0h22.4c6.4 0 12.8-6.4 12.8-12.8V204.8c0-6.4-6.4-12.8-12.8-12.8h-22.4c-6.4 0-12.8 6.4-12.8 12.8v134.4c0 6.4 6.4 12.8 12.8 12.8zM496 400H48V80c0-8.84-7.16-16-16-16H16C7.16 64 0 71.16 0 80v336c0 17.67 14.33 32 32 32h464c8.84 0 16-7.16 16-16v-16c0-8.84-7.16-16-16-16zm-387.2-48h22.4c6.4 0 12.8-6.4 12.8-12.8v-70.4c0-6.4-6.4-12.8-12.8-12.8h-22.4c-6.4 0-12.8 6.4-12.8 12.8v70.4c0 6.4 6.4 12.8 12.8 12.8z\" class=\"\"><\/path><\/svg><\/i> <img loading=\"lazy\" decoding=\"async\" width=\"16\" height=\"16\" alt=\"Loading\" src=\"https:\/\/www.raccontinellarete.it\/301\/wp-content\/plugins\/page-views-count\/ajax-loader-2x.gif\" border=0 \/><\/p>\n<div class=\"pvc_clear\"><\/div>\n","protected":false},"author":22482,"featured_media":0,"comment_status":"open","ping_status":"closed","sticky":false,"template":"","format":"standard","meta":{"footnotes":""},"categories":[597],"tags":[],"class_list":["post-49126","post","type-post","status-publish","format-standard","hentry","category-premio-racconti-nella-rete-2022"],"_links":{"self":[{"href":"https:\/\/www.raccontinellarete.it\/index.php?rest_route=\/wp\/v2\/posts\/49126"}],"collection":[{"href":"https:\/\/www.raccontinellarete.it\/index.php?rest_route=\/wp\/v2\/posts"}],"about":[{"href":"https:\/\/www.raccontinellarete.it\/index.php?rest_route=\/wp\/v2\/types\/post"}],"author":[{"embeddable":true,"href":"https:\/\/www.raccontinellarete.it\/index.php?rest_route=\/wp\/v2\/users\/22482"}],"replies":[{"embeddable":true,"href":"https:\/\/www.raccontinellarete.it\/index.php?rest_route=%2Fwp%2Fv2%2Fcomments&post=49126"}],"version-history":[{"count":3,"href":"https:\/\/www.raccontinellarete.it\/index.php?rest_route=\/wp\/v2\/posts\/49126\/revisions"}],"predecessor-version":[{"id":49148,"href":"https:\/\/www.raccontinellarete.it\/index.php?rest_route=\/wp\/v2\/posts\/49126\/revisions\/49148"}],"wp:attachment":[{"href":"https:\/\/www.raccontinellarete.it\/index.php?rest_route=%2Fwp%2Fv2%2Fmedia&parent=49126"}],"wp:term":[{"taxonomy":"category","embeddable":true,"href":"https:\/\/www.raccontinellarete.it\/index.php?rest_route=%2Fwp%2Fv2%2Fcategories&post=49126"},{"taxonomy":"post_tag","embeddable":true,"href":"https:\/\/www.raccontinellarete.it\/index.php?rest_route=%2Fwp%2Fv2%2Ftags&post=49126"}],"curies":[{"name":"wp","href":"https:\/\/api.w.org\/{rel}","templated":true}]}}