{"id":48961,"date":"2022-05-03T18:03:35","date_gmt":"2022-05-03T17:03:35","guid":{"rendered":"http:\/\/www.raccontinellarete.it\/?p=48961"},"modified":"2022-05-03T18:03:36","modified_gmt":"2022-05-03T17:03:36","slug":"premio-racconti-per-corti-2022-la-forza-di-un-bacio-di-gianpaolo-antolini","status":"publish","type":"post","link":"https:\/\/www.raccontinellarete.it\/?p=48961","title":{"rendered":"Premio Racconti per Corti 2022 &#8220;La forza di un bacio&#8221; di Gianpaolo Antolini"},"content":{"rendered":"\n<p><\/p>\n\n\n\n<p><\/p>\n\n\n\n<p><\/p>\n\n\n\n<p><strong>ESTERNO GIORNO<\/strong> \u2013 Un parco cittadino, nel primo pomeriggio<\/p>\n\n\n\n<p><strong>PERSONAGGI<\/strong>: LUCA e DENISE, studenti di scuola superiore; GIULIO E TERESA, coppia di anziani e MATTIA, il loro nipotino<\/p>\n\n\n\n<p><em>Appena usciti da scuola, Luca e Denise raggiungono una panchina un po\u2019 defilata rispetto al vialetto che attraversa il parco pubblico adiacente all\u2019Istituto. Si tengono per mano.<\/em><\/p>\n\n\n\n<p>L:&nbsp;&nbsp;&nbsp;&nbsp;&nbsp;&nbsp;&nbsp; Stamattina ho preso 4 del tema di matematica&#8230; tanto per cambiare.<\/p>\n\n\n\n<p>D:&nbsp;&nbsp;&nbsp;&nbsp;&nbsp;&nbsp;&nbsp; Mi dispiace.<\/p>\n\n\n\n<p>L:&nbsp;&nbsp;&nbsp;&nbsp;&nbsp;&nbsp;&nbsp; Quella simpaticona della prof ci ha battezzato quasi tutti! Quindici insufficienze su ventuno!<\/p>\n\n\n\n<p>D:&nbsp;&nbsp;&nbsp;&nbsp;&nbsp;&nbsp;&nbsp; Una strage, praticamente&#8230; Ma tu avevi studiato o no?<\/p>\n\n\n\n<p>L:&nbsp;&nbsp;&nbsp;&nbsp;&nbsp;&nbsp;&nbsp; S\u00ec, un po\u2019. Ma la matematica di quest\u2019anno \u00e8 incasinata&#8230; ci capisco poco.<\/p>\n\n\n\n<p>D:&nbsp;&nbsp;&nbsp;&nbsp;&nbsp;&nbsp;&nbsp; Io l\u2019ho sempre odiata la matematica, fin dalla prima media. \u00c8 anche per questo che ho scelto il linguistico.<\/p>\n\n\n\n<p>L:&nbsp;&nbsp;&nbsp;&nbsp;&nbsp;&nbsp;&nbsp; Non so come dirlo ai miei. Ho cannato di brutto anche il tema di inglese, due giorni fa.<\/p>\n\n\n\n<p><em>Seduto sulla panchina, Luca \u00e8 piegato su se stesso e guarda per terra. Le mani in faccia e i gomiti appoggiati sulle ginocchia.<\/em><\/p>\n\n\n\n<p>D:&nbsp;&nbsp;&nbsp;&nbsp;&nbsp;&nbsp;&nbsp; Vieni qui, dai&#8230;.<\/p>\n\n\n\n<p>L:&nbsp;&nbsp;&nbsp;&nbsp;&nbsp;&nbsp;&nbsp; Se vado avanti cos\u00ec, mi sa che quest\u2019anno mi fregano&#8230;<\/p>\n\n\n\n<p><em>Denise si stringe a lui e lo abbraccia, carezzandogli la schiena. Poi gli tira su il viso e lo bacia. Sulla bocca.<\/em> <em>Su un\u2019altra panchina, a neanche venti metri di distanza, sono seduti Giulio e Teresa.<\/em><\/p>\n\n\n\n<p>G:&nbsp;&nbsp;&nbsp;&nbsp;&nbsp;&nbsp;&nbsp; Guarda come stanno limonando, quei due&#8230;<\/p>\n\n\n\n<p>T:&nbsp;&nbsp;&nbsp;&nbsp;&nbsp;&nbsp;&nbsp; E allora? Di che t\u2019impicci?!<\/p>\n\n\n\n<p>G:&nbsp;&nbsp;&nbsp;&nbsp;&nbsp;&nbsp;&nbsp; Di niente! Ho solo detto una cosa.<\/p>\n\n\n\n<p>T:&nbsp;&nbsp;&nbsp;&nbsp;&nbsp;&nbsp;&nbsp; Sono due ragazzini&#8230; faranno s\u00ec e no la prima superiore!<\/p>\n\n\n\n<p>G:&nbsp;&nbsp;&nbsp;&nbsp;&nbsp;&nbsp;&nbsp; Beati loro!<\/p>\n\n\n\n<p><em>Ora Denise si sdraia di schiena sulla panchina e appoggia la testa sulle gambe di Luca. Tornano a baciarsi, con pi\u00f9 trasporto di prima.<\/em><\/p>\n\n\n\n<p>T:&nbsp;&nbsp;&nbsp;&nbsp;&nbsp;&nbsp;&nbsp; A me fanno tenerezza.<\/p>\n\n\n\n<p>G:&nbsp;&nbsp;&nbsp;&nbsp;&nbsp;&nbsp;&nbsp; A me invidia, invece&#8230; e rabbia!<\/p>\n\n\n\n<p>T:&nbsp;&nbsp;&nbsp;&nbsp;&nbsp;&nbsp;&nbsp; E perch\u00e9?!<\/p>\n\n\n\n<p>G:&nbsp;&nbsp;&nbsp;&nbsp;&nbsp;&nbsp;&nbsp; Perch\u00e9 sono giovani&#8230; e svegli. E se ne fregano di tutto e di tutti! Guarda il tuo ragazzino&#8230; sta cercando di metterle una mano sotto la maglietta.<\/p>\n\n\n\n<p><em>Denise si tira su di colpo e si scosta bruscamente da Luca. Gli sta dicendo qualcosa, a muso duro.<\/em><\/p>\n\n\n\n<p>T:&nbsp;&nbsp;&nbsp;&nbsp;&nbsp;&nbsp;&nbsp; Ma lasciali in pace! Non puoi guardare da un\u2019altra parte?!<\/p>\n\n\n\n<p>G:&nbsp;&nbsp;&nbsp;&nbsp;&nbsp;&nbsp;&nbsp; Ma io guardo dove mi pare! Non sto facendo niente di male!<\/p>\n\n\n\n<p>T:&nbsp;&nbsp;&nbsp;&nbsp;&nbsp;&nbsp;&nbsp; Anche tu eri uno svelto, intraprendente&#8230; non ti ricordi come ci siamo conosciuti?<\/p>\n\n\n\n<p>G:&nbsp;&nbsp;&nbsp;&nbsp;&nbsp;&nbsp;&nbsp; Certo che mi ricordo! Al mare, in spiaggia.<\/p>\n\n\n\n<p>T:&nbsp;&nbsp;&nbsp;&nbsp;&nbsp;&nbsp;&nbsp; S\u00ec. Sei apparso all\u2019improvviso mentre prendevo il sole sul lettino.<\/p>\n\n\n\n<p>G:&nbsp;&nbsp;&nbsp;&nbsp;&nbsp;&nbsp;&nbsp; E poi?<\/p>\n\n\n\n<p>T:&nbsp;&nbsp;&nbsp;&nbsp;&nbsp;&nbsp;&nbsp; Mi hai detto che eri arrivato il giorno prima, ma che io non c\u2019ero.<\/p>\n\n\n\n<p>G:&nbsp;&nbsp;&nbsp;&nbsp;&nbsp;&nbsp;&nbsp; Esatto!<\/p>\n\n\n\n<p>T:&nbsp;&nbsp;&nbsp;&nbsp;&nbsp;&nbsp;&nbsp; Poi mi hai chiesto un po\u2019 di cose&#8230; come mi chiamavo, in quale albergo alloggiavo, quanti giorni sarei rimasta&#8230; insomma, una specie di interrogatorio!<\/p>\n\n\n\n<p>G: &nbsp;&nbsp;&nbsp;&nbsp;&nbsp;&nbsp; S\u00ec, \u00e8 vero. E ricordo di averti sorriso quando hai voluto sapere il perch\u00e9 di tutte quelle domande.<\/p>\n\n\n\n<p>T:&nbsp;&nbsp;&nbsp;&nbsp;&nbsp;&nbsp;&nbsp; Ero proprio imbranata! Solo allora ho capito&#8230; e ti ho chiesto se ci stavi provando.<\/p>\n\n\n\n<p>G:&nbsp;&nbsp;&nbsp;&nbsp;&nbsp;&nbsp;&nbsp; E io ti ho risposto: \u201cE se fosse?\u201d E tu: \u201cMa che bel tipo che sei!\u201d E io: \u201cLo so! E grazie per il bel!\u201d E tu: \u201cEhiiii&#8230; \u00e8 arrivato Alain Delon!\u201d<\/p>\n\n\n\n<p>T:&nbsp;&nbsp;&nbsp;&nbsp;&nbsp;&nbsp;&nbsp; E l\u00ec mi hai colto di sorpresa, dandomi un bacio sulla guancia, senza che io potessi fare niente per fermarti.<\/p>\n\n\n\n<p>G:&nbsp;&nbsp;&nbsp;&nbsp;&nbsp;&nbsp;&nbsp; S\u00ec, \u00e8 andata proprio cos\u00ec!<\/p>\n\n\n\n<p><em>Rimangono qualche secondo in silenzio. \u00c8 lei che riprende il discorso.<\/em><\/p>\n\n\n\n<p>T:&nbsp;&nbsp;&nbsp;&nbsp;&nbsp;&nbsp;&nbsp; Poi mi hai detto che ci saremmo rivisti l\u2019indomani e che ti sarebbe piaciuto fare un giro in moscone con me. Dovevi andare da qualche parte con i tuoi, quel pomeriggio.<\/p>\n\n\n\n<p>G:&nbsp;&nbsp;&nbsp;&nbsp;&nbsp;&nbsp;&nbsp; Per\u00f2, che memoria! Ma dimentichi un particolare.<\/p>\n\n\n\n<p>T:&nbsp;&nbsp;&nbsp;&nbsp;&nbsp;&nbsp;&nbsp; Quale?<\/p>\n\n\n\n<p>G:&nbsp;&nbsp;&nbsp;&nbsp;&nbsp;&nbsp;&nbsp; Ti ho anche detto che mi piaceva il tuo profumo.<\/p>\n\n\n\n<p>T:&nbsp;&nbsp;&nbsp;&nbsp;&nbsp;&nbsp;&nbsp; Ah s\u00ec? Pu\u00f2 essere&#8230; ma questo non me lo ricordo.<\/p>\n\n\n\n<p><em>Luca e Denise si alzano improvvisamente dall\u2019altra panchina e vanno via. Camminano uno di fianco all\u2019altra&#8230; ma non si tengono pi\u00f9 per mano.<\/em><\/p>\n\n\n\n<p>G:&nbsp;&nbsp;&nbsp;&nbsp;&nbsp;&nbsp;&nbsp; Hanno litigato!<\/p>\n\n\n\n<p>T:&nbsp;&nbsp;&nbsp;&nbsp;&nbsp;&nbsp;&nbsp; Pare di s\u00ec. Tosta la ragazzina&#8230; mi piace!<\/p>\n\n\n\n<p>G:&nbsp;&nbsp;&nbsp;&nbsp;&nbsp;&nbsp;&nbsp; Sul quel moscone, il giorno dopo, \u00e8 capitato subito anche a noi.<\/p>\n\n\n\n<p>T:&nbsp;&nbsp;&nbsp;&nbsp;&nbsp;&nbsp;&nbsp; S\u00ec. Non abbiamo fatto in tempo a conoscerci che gi\u00e0 stavamo a bisticciare.<\/p>\n\n\n\n<p>G:&nbsp;&nbsp;&nbsp;&nbsp;&nbsp;&nbsp;&nbsp; Beh, volevo solo accarezzarti&#8230; non avevo intenzione di&#8230;<\/p>\n\n\n\n<p>T:&nbsp;&nbsp;&nbsp;&nbsp;&nbsp;&nbsp;&nbsp; E ti sei preso uno schiaffo!<\/p>\n\n\n\n<p>G:&nbsp;&nbsp;&nbsp;&nbsp;&nbsp;&nbsp;&nbsp; E che schiaffo!<\/p>\n\n\n\n<p><em>A Teresa scappa da ridere. Davanti ai suoi occhi si materializza quell\u2019uscita in moscone, al largo, lontano da occhi indiscreti.<\/em><\/p>\n\n\n\n<p>G: &nbsp;&nbsp;&nbsp;&nbsp;&nbsp;&nbsp; Quel giorno mi sono innamorato di te.<\/p>\n\n\n\n<p>T:&nbsp;&nbsp;&nbsp;&nbsp;&nbsp;&nbsp;&nbsp; Anche per me \u00e8 stato cos\u00ec.<\/p>\n\n\n\n<p><em>Teresa guarda suo marito negli occhi. Poi si stringe a lui e gli d\u00e0 un bacio sulla guancia.<\/em> <em>Nello spiazzo oltre il vialetto alcuni bambini delle elementari stanno giocando a pallone, sorvegliati dalla maestra. A un certo punto il pallone arriva a pochi passi dalla loro panchina. Un bambino lo rincorre.<\/em><\/p>\n\n\n\n<p>T:&nbsp;&nbsp;&nbsp;&nbsp;&nbsp;&nbsp;&nbsp; Mattia!<\/p>\n\n\n\n<p><em>Il bambino raccoglie la palla e poi si blocca davanti a loro, sorpreso.<\/em><\/p>\n\n\n\n<p>M:&nbsp;&nbsp;&nbsp;&nbsp;&nbsp;&nbsp; Nonna! Nonno!<\/p>\n\n\n\n<p>T:&nbsp;&nbsp;&nbsp;&nbsp;&nbsp;&nbsp;&nbsp; Cosa ci fai qui?<\/p>\n\n\n\n<p>M:&nbsp;&nbsp;&nbsp;&nbsp;&nbsp;&nbsp; Sto giocando con i miei compagni&#8230; la maestra ci porta nel parco, ogni tanto, dopo la mensa.<\/p>\n\n\n\n<p>T:&nbsp;&nbsp;&nbsp;&nbsp;&nbsp;&nbsp;&nbsp; Ah&#8230; bene, che bello! Ma vieni, su&#8230; dammi un bacio!<\/p>\n\n\n\n<p><em>Mattia si avvicina, abbraccia la nonna e la bacia. Poi fa la stessa cosa con il nonno.<\/em><\/p>\n\n\n\n<p>T:&nbsp;&nbsp;&nbsp;&nbsp;&nbsp;&nbsp;&nbsp; Adesso torna a giocare, i tuoi amici ti stanno aspettando. E salutaci il pap\u00e0 e la mamma, quando ritorni a casa.<\/p>\n\n\n\n<p>M:&nbsp;&nbsp;&nbsp;&nbsp;&nbsp;&nbsp; S\u00ec, s\u00ec. Ciao.<\/p>\n\n\n\n<p><em>Mattia raggiunge di corsa i compagni con il pallone. Ora, Giulio e Teresa hanno occhi solo per lui.<\/em> <em>Poco dopo i bambini se ne vanno, guidati dalla maestra. Mattia si volta verso i nonni e li saluta, agitando freneticamente una mano.<\/em> <\/p>\n\n\n\n<p><em>Passa qualche minuto. Giulio si guarda in giro: sulle altre panchine non c\u2019\u00e8 pi\u00f9 nessuno. Allora tira a s\u00e9 Teresa e le d\u00e0 un bacio sulla bocca.<\/em> <em>Poi anche loro se ne vanno, a piccoli passi, sul vialetto&#8230; tenendosi per mano.<\/em><\/p>\n\n\n\n<p><\/p>\n<div class=\"pvc_clear\"><\/div><p id=\"pvc_stats_48961\" class=\"pvc_stats all  \" data-element-id=\"48961\" style=\"\"><i class=\"pvc-stats-icon medium\" aria-hidden=\"true\"><svg aria-hidden=\"true\" focusable=\"false\" data-prefix=\"far\" data-icon=\"chart-bar\" role=\"img\" xmlns=\"http:\/\/www.w3.org\/2000\/svg\" viewBox=\"0 0 512 512\" class=\"svg-inline--fa fa-chart-bar fa-w-16 fa-2x\"><path fill=\"currentColor\" d=\"M396.8 352h22.4c6.4 0 12.8-6.4 12.8-12.8V108.8c0-6.4-6.4-12.8-12.8-12.8h-22.4c-6.4 0-12.8 6.4-12.8 12.8v230.4c0 6.4 6.4 12.8 12.8 12.8zm-192 0h22.4c6.4 0 12.8-6.4 12.8-12.8V140.8c0-6.4-6.4-12.8-12.8-12.8h-22.4c-6.4 0-12.8 6.4-12.8 12.8v198.4c0 6.4 6.4 12.8 12.8 12.8zm96 0h22.4c6.4 0 12.8-6.4 12.8-12.8V204.8c0-6.4-6.4-12.8-12.8-12.8h-22.4c-6.4 0-12.8 6.4-12.8 12.8v134.4c0 6.4 6.4 12.8 12.8 12.8zM496 400H48V80c0-8.84-7.16-16-16-16H16C7.16 64 0 71.16 0 80v336c0 17.67 14.33 32 32 32h464c8.84 0 16-7.16 16-16v-16c0-8.84-7.16-16-16-16zm-387.2-48h22.4c6.4 0 12.8-6.4 12.8-12.8v-70.4c0-6.4-6.4-12.8-12.8-12.8h-22.4c-6.4 0-12.8 6.4-12.8 12.8v70.4c0 6.4 6.4 12.8 12.8 12.8z\" class=\"\"><\/path><\/svg><\/i> <img loading=\"lazy\" decoding=\"async\" width=\"16\" height=\"16\" alt=\"Loading\" src=\"https:\/\/www.raccontinellarete.it\/301\/wp-content\/plugins\/page-views-count\/ajax-loader-2x.gif\" border=0 \/><\/p><div class=\"pvc_clear\"><\/div>","protected":false},"excerpt":{"rendered":"<p>ESTERNO GIORNO \u2013 Un parco cittadino, nel primo pomeriggio PERSONAGGI: LUCA e DENISE, studenti di scuola superiore; GIULIO E TERESA, coppia di anziani e MATTIA, il loro nipotino Appena usciti da scuola, Luca e Denise raggiungono una panchina un po\u2019 defilata rispetto al vialetto che attraversa il parco pubblico adiacente all\u2019Istituto. Si tengono per mano. [&hellip;]<\/p>\n<div class=\"pvc_clear\"><\/div>\n<p id=\"pvc_stats_48961\" class=\"pvc_stats all  \" data-element-id=\"48961\" style=\"\"><i class=\"pvc-stats-icon medium\" aria-hidden=\"true\"><svg aria-hidden=\"true\" focusable=\"false\" data-prefix=\"far\" data-icon=\"chart-bar\" role=\"img\" xmlns=\"http:\/\/www.w3.org\/2000\/svg\" viewBox=\"0 0 512 512\" class=\"svg-inline--fa fa-chart-bar fa-w-16 fa-2x\"><path fill=\"currentColor\" d=\"M396.8 352h22.4c6.4 0 12.8-6.4 12.8-12.8V108.8c0-6.4-6.4-12.8-12.8-12.8h-22.4c-6.4 0-12.8 6.4-12.8 12.8v230.4c0 6.4 6.4 12.8 12.8 12.8zm-192 0h22.4c6.4 0 12.8-6.4 12.8-12.8V140.8c0-6.4-6.4-12.8-12.8-12.8h-22.4c-6.4 0-12.8 6.4-12.8 12.8v198.4c0 6.4 6.4 12.8 12.8 12.8zm96 0h22.4c6.4 0 12.8-6.4 12.8-12.8V204.8c0-6.4-6.4-12.8-12.8-12.8h-22.4c-6.4 0-12.8 6.4-12.8 12.8v134.4c0 6.4 6.4 12.8 12.8 12.8zM496 400H48V80c0-8.84-7.16-16-16-16H16C7.16 64 0 71.16 0 80v336c0 17.67 14.33 32 32 32h464c8.84 0 16-7.16 16-16v-16c0-8.84-7.16-16-16-16zm-387.2-48h22.4c6.4 0 12.8-6.4 12.8-12.8v-70.4c0-6.4-6.4-12.8-12.8-12.8h-22.4c-6.4 0-12.8 6.4-12.8 12.8v70.4c0 6.4 6.4 12.8 12.8 12.8z\" class=\"\"><\/path><\/svg><\/i> <img loading=\"lazy\" decoding=\"async\" width=\"16\" height=\"16\" alt=\"Loading\" src=\"https:\/\/www.raccontinellarete.it\/301\/wp-content\/plugins\/page-views-count\/ajax-loader-2x.gif\" border=0 \/><\/p>\n<div class=\"pvc_clear\"><\/div>\n","protected":false},"author":8271,"featured_media":0,"comment_status":"open","ping_status":"closed","sticky":false,"template":"","format":"standard","meta":{"footnotes":""},"categories":[598],"tags":[],"class_list":["post-48961","post","type-post","status-publish","format-standard","hentry","category-premio-racconti-per-corti-2022"],"_links":{"self":[{"href":"https:\/\/www.raccontinellarete.it\/index.php?rest_route=\/wp\/v2\/posts\/48961"}],"collection":[{"href":"https:\/\/www.raccontinellarete.it\/index.php?rest_route=\/wp\/v2\/posts"}],"about":[{"href":"https:\/\/www.raccontinellarete.it\/index.php?rest_route=\/wp\/v2\/types\/post"}],"author":[{"embeddable":true,"href":"https:\/\/www.raccontinellarete.it\/index.php?rest_route=\/wp\/v2\/users\/8271"}],"replies":[{"embeddable":true,"href":"https:\/\/www.raccontinellarete.it\/index.php?rest_route=%2Fwp%2Fv2%2Fcomments&post=48961"}],"version-history":[{"count":3,"href":"https:\/\/www.raccontinellarete.it\/index.php?rest_route=\/wp\/v2\/posts\/48961\/revisions"}],"predecessor-version":[{"id":48975,"href":"https:\/\/www.raccontinellarete.it\/index.php?rest_route=\/wp\/v2\/posts\/48961\/revisions\/48975"}],"wp:attachment":[{"href":"https:\/\/www.raccontinellarete.it\/index.php?rest_route=%2Fwp%2Fv2%2Fmedia&parent=48961"}],"wp:term":[{"taxonomy":"category","embeddable":true,"href":"https:\/\/www.raccontinellarete.it\/index.php?rest_route=%2Fwp%2Fv2%2Fcategories&post=48961"},{"taxonomy":"post_tag","embeddable":true,"href":"https:\/\/www.raccontinellarete.it\/index.php?rest_route=%2Fwp%2Fv2%2Ftags&post=48961"}],"curies":[{"name":"wp","href":"https:\/\/api.w.org\/{rel}","templated":true}]}}