{"id":48852,"date":"2022-04-20T19:06:04","date_gmt":"2022-04-20T18:06:04","guid":{"rendered":"http:\/\/www.raccontinellarete.it\/?p=48852"},"modified":"2022-04-24T20:07:14","modified_gmt":"2022-04-24T19:07:14","slug":"sanremo-e-lucca-nel-segno-della-letteratura-proseguono-gli-incontri-del-premio-racconti-nella-rete","status":"publish","type":"post","link":"https:\/\/www.raccontinellarete.it\/?p=48852","title":{"rendered":"Sanremo e Lucca nel segno della letteratura. Proseguono gli incontri del premio Racconti nella Rete"},"content":{"rendered":"\n<p><strong>Venerd\u00ec&nbsp; 22&nbsp; aprile<\/strong> alle 18,30 al Teatro dell&#8217;Opera del Casin\u00f2 di Sanremo, <strong>Pino Insegn<\/strong>o presenta il libro &#8220;La vita non \u00e8 un film&#8221; (Giunti).&nbsp; Introduce <strong>Marzia Taruffi<\/strong>.&nbsp; &nbsp;Partecipa all&#8217;incontro <strong>Demetrio Brandi<\/strong>, presidente del premio Racconti nella Rete,&nbsp; che avr\u00e0 l&#8217;occasione di parlare della nuova edizione del concorso.&nbsp; &nbsp;<\/p>\n\n\n\n<p>Prosegue da alcuni anni la proficua collaborazione tra <strong>Sanremo e Lucca<\/strong>. Infatti&nbsp; <strong>LuccAutori<\/strong> ed il premio <strong>Racconti nella Rete<\/strong>&nbsp; sono gemellati con il <strong>premio letterario Casin\u00f2 di Sanremo &#8220;Antonio Semeria&#8221;<\/strong>. Due prestigiose manifestazioni letterarie nate per valorizzare&nbsp; i nuovi autori, facilitandone l&#8217;incontro con i grandi protagonisti della cultura contemporanea.&nbsp; All&#8217;incontro sar\u00e0 presente&nbsp;<strong>Alessandro Prevosto<\/strong>, condirettore del giornale <strong>Budu\u00e0r,<\/strong>&nbsp;almanacco dell&#8217;arte leggera che ogni anno assegna un premio speciale al miglior racconto umoristico del premio Racconti nella Rete.&nbsp; Nel mese di giugno al&nbsp; teatro dell&#8217;Opera di Sanremo arriver\u00e0 il professor <strong>Francesco Sabatini<\/strong>, gi\u00e0 ospite del festival LuccAutori dello scorso anno.&nbsp;<br><\/p>\n\n\n\n<p>Nel libro &#8220;<strong>La vita non \u00e8 un film<\/strong>&#8220;<strong> Pino Insegno<\/strong> si chiede: quali peripezie deve superare un ragazzo di Monteverde, nella Roma degli anni \u201960 e \u201970, per diventare l\u2019uomo che sogna di essere? E come trasformare le passioni di un teenager in un mestiere concreto? Sono queste le domande che si pone un giovane alle prime armi, quando il sogno di diventare calciatore della Nazionale va in frantumi. Sono anni in cui lavorare con la voce significa doppiare film porno, anni precari, spesi alla ricerca di un equilibrio fra il senso della realt\u00e0 e il bisogno di vertigine. Ma Pino sente che pu\u00f2 e che deve arrivare lontano. Anche se ad attenderlo ci sono le porte in faccia, i troppi no. Ma imparare a trasformare un no in un s\u00ec \u00e8, in fondo, ci\u00f2 che ti separa dal nome in stampatello sulla porta di un camerino del Sistina, dallo studio dei labiali di Harrison Ford, dagli applausi di chi paga il biglietto al botteghino. Pino Insegno racconta la propria vita attraverso gli incontri fugaci e le relazioni durature che l\u2019hanno segnata, le delusioni e i momenti di gioia, lo stacco fra il tentativo di essere un buon figlio e quello di essere un buon padre, alcuni amori passeggeri e un unico amore definitivo che li ha spazzati via.&nbsp; &nbsp;&nbsp;<\/p>\n\n\n\n<p><strong>Pino Insegno<\/strong> nasce a Roma il 30 agosto 1959. \u00c8 attore, presentatore tv, formatore accademico, doppiatore, direttore del doppiaggio. \u00c8 membro fondatore delle compagnie L\u2019Allegra Brigata e La Premiata Ditta, protagoniste di innumerevoli spettacoli teatrali e show televisivi. Da solista ha messo in scena decine di rappresentazioni e recitato nei palcoscenici pi\u00f9 importanti, dal Sistina di Roma al Duse di Bologna, dal Nazionale di Milano al Verdi di Firenze. \u00c8 stato inoltre il conduttore tv di diversi programmi di successo. Grazie all\u2019attivit\u00e0 prolifica di doppiatore si \u00e8 aggiudicato due Nastri d\u2019argento, i premi \u201cAlberto Sordi\u201d e \u201cManlio De Angelis\u201d, il riconoscimento di Miglior voce maschile al Gran Premio Internazionale del Doppiaggio per la sua performance in &#8220;La forma dell\u2019acqua&#8221; (Michael Shannon). &#8220;La vita non \u00e8 un film&#8221; \u00e8 il suo primo libro.&nbsp; &nbsp; &nbsp; &nbsp; &nbsp; &nbsp; &nbsp;<\/p>\n\n\n\n<figure class=\"wp-block-image size-full\"><img loading=\"lazy\" decoding=\"async\" width=\"457\" height=\"697\" src=\"https:\/\/www.raccontinellarete.it\/301\/wp-content\/uploads\/2022\/04\/copertina-pino-insegno.jpg\" alt=\"\" class=\"wp-image-48853\" srcset=\"https:\/\/www.raccontinellarete.it\/301\/wp-content\/uploads\/2022\/04\/copertina-pino-insegno.jpg 457w, https:\/\/www.raccontinellarete.it\/301\/wp-content\/uploads\/2022\/04\/copertina-pino-insegno-164x250.jpg 164w\" sizes=\"(max-width: 457px) 100vw, 457px\" \/><\/figure>\n<div class=\"pvc_clear\"><\/div><p id=\"pvc_stats_48852\" class=\"pvc_stats all  \" data-element-id=\"48852\" style=\"\"><i class=\"pvc-stats-icon medium\" aria-hidden=\"true\"><svg aria-hidden=\"true\" focusable=\"false\" data-prefix=\"far\" data-icon=\"chart-bar\" role=\"img\" xmlns=\"http:\/\/www.w3.org\/2000\/svg\" viewBox=\"0 0 512 512\" class=\"svg-inline--fa fa-chart-bar fa-w-16 fa-2x\"><path fill=\"currentColor\" d=\"M396.8 352h22.4c6.4 0 12.8-6.4 12.8-12.8V108.8c0-6.4-6.4-12.8-12.8-12.8h-22.4c-6.4 0-12.8 6.4-12.8 12.8v230.4c0 6.4 6.4 12.8 12.8 12.8zm-192 0h22.4c6.4 0 12.8-6.4 12.8-12.8V140.8c0-6.4-6.4-12.8-12.8-12.8h-22.4c-6.4 0-12.8 6.4-12.8 12.8v198.4c0 6.4 6.4 12.8 12.8 12.8zm96 0h22.4c6.4 0 12.8-6.4 12.8-12.8V204.8c0-6.4-6.4-12.8-12.8-12.8h-22.4c-6.4 0-12.8 6.4-12.8 12.8v134.4c0 6.4 6.4 12.8 12.8 12.8zM496 400H48V80c0-8.84-7.16-16-16-16H16C7.16 64 0 71.16 0 80v336c0 17.67 14.33 32 32 32h464c8.84 0 16-7.16 16-16v-16c0-8.84-7.16-16-16-16zm-387.2-48h22.4c6.4 0 12.8-6.4 12.8-12.8v-70.4c0-6.4-6.4-12.8-12.8-12.8h-22.4c-6.4 0-12.8 6.4-12.8 12.8v70.4c0 6.4 6.4 12.8 12.8 12.8z\" class=\"\"><\/path><\/svg><\/i> <img loading=\"lazy\" decoding=\"async\" width=\"16\" height=\"16\" alt=\"Loading\" src=\"https:\/\/www.raccontinellarete.it\/301\/wp-content\/plugins\/page-views-count\/ajax-loader-2x.gif\" border=0 \/><\/p><div class=\"pvc_clear\"><\/div>","protected":false},"excerpt":{"rendered":"<p>Venerd\u00ec&nbsp; 22&nbsp; aprile alle 18,30 al Teatro dell&#8217;Opera del Casin\u00f2 di Sanremo, Pino Insegno presenta il libro &#8220;La vita non \u00e8 un film&#8221; (Giunti).&nbsp; Introduce Marzia Taruffi.&nbsp; &nbsp;Partecipa all&#8217;incontro Demetrio Brandi, presidente del premio Racconti nella Rete,&nbsp; che avr\u00e0 l&#8217;occasione di parlare della nuova edizione del concorso.&nbsp; &nbsp; Prosegue da alcuni anni la proficua collaborazione [&hellip;]<\/p>\n<div class=\"pvc_clear\"><\/div>\n<p id=\"pvc_stats_48852\" class=\"pvc_stats all  \" data-element-id=\"48852\" style=\"\"><i class=\"pvc-stats-icon medium\" aria-hidden=\"true\"><svg aria-hidden=\"true\" focusable=\"false\" data-prefix=\"far\" data-icon=\"chart-bar\" role=\"img\" xmlns=\"http:\/\/www.w3.org\/2000\/svg\" viewBox=\"0 0 512 512\" class=\"svg-inline--fa fa-chart-bar fa-w-16 fa-2x\"><path fill=\"currentColor\" d=\"M396.8 352h22.4c6.4 0 12.8-6.4 12.8-12.8V108.8c0-6.4-6.4-12.8-12.8-12.8h-22.4c-6.4 0-12.8 6.4-12.8 12.8v230.4c0 6.4 6.4 12.8 12.8 12.8zm-192 0h22.4c6.4 0 12.8-6.4 12.8-12.8V140.8c0-6.4-6.4-12.8-12.8-12.8h-22.4c-6.4 0-12.8 6.4-12.8 12.8v198.4c0 6.4 6.4 12.8 12.8 12.8zm96 0h22.4c6.4 0 12.8-6.4 12.8-12.8V204.8c0-6.4-6.4-12.8-12.8-12.8h-22.4c-6.4 0-12.8 6.4-12.8 12.8v134.4c0 6.4 6.4 12.8 12.8 12.8zM496 400H48V80c0-8.84-7.16-16-16-16H16C7.16 64 0 71.16 0 80v336c0 17.67 14.33 32 32 32h464c8.84 0 16-7.16 16-16v-16c0-8.84-7.16-16-16-16zm-387.2-48h22.4c6.4 0 12.8-6.4 12.8-12.8v-70.4c0-6.4-6.4-12.8-12.8-12.8h-22.4c-6.4 0-12.8 6.4-12.8 12.8v70.4c0 6.4 6.4 12.8 12.8 12.8z\" class=\"\"><\/path><\/svg><\/i> <img loading=\"lazy\" decoding=\"async\" width=\"16\" height=\"16\" alt=\"Loading\" src=\"https:\/\/www.raccontinellarete.it\/301\/wp-content\/plugins\/page-views-count\/ajax-loader-2x.gif\" border=0 \/><\/p>\n<div class=\"pvc_clear\"><\/div>\n","protected":false},"author":3,"featured_media":48902,"comment_status":"open","ping_status":"closed","sticky":false,"template":"","format":"standard","meta":{"footnotes":""},"categories":[87,547,543,5],"tags":[],"class_list":["post-48852","post","type-post","status-publish","format-standard","has-post-thumbnail","hentry","category-comunicato-stampa","category-f-o-r-u-m","category-forum-di-racconti-nella-rete","category-racconti-nella-rete"],"_links":{"self":[{"href":"https:\/\/www.raccontinellarete.it\/index.php?rest_route=\/wp\/v2\/posts\/48852"}],"collection":[{"href":"https:\/\/www.raccontinellarete.it\/index.php?rest_route=\/wp\/v2\/posts"}],"about":[{"href":"https:\/\/www.raccontinellarete.it\/index.php?rest_route=\/wp\/v2\/types\/post"}],"author":[{"embeddable":true,"href":"https:\/\/www.raccontinellarete.it\/index.php?rest_route=\/wp\/v2\/users\/3"}],"replies":[{"embeddable":true,"href":"https:\/\/www.raccontinellarete.it\/index.php?rest_route=%2Fwp%2Fv2%2Fcomments&post=48852"}],"version-history":[{"count":4,"href":"https:\/\/www.raccontinellarete.it\/index.php?rest_route=\/wp\/v2\/posts\/48852\/revisions"}],"predecessor-version":[{"id":48903,"href":"https:\/\/www.raccontinellarete.it\/index.php?rest_route=\/wp\/v2\/posts\/48852\/revisions\/48903"}],"wp:featuredmedia":[{"embeddable":true,"href":"https:\/\/www.raccontinellarete.it\/index.php?rest_route=\/wp\/v2\/media\/48902"}],"wp:attachment":[{"href":"https:\/\/www.raccontinellarete.it\/index.php?rest_route=%2Fwp%2Fv2%2Fmedia&parent=48852"}],"wp:term":[{"taxonomy":"category","embeddable":true,"href":"https:\/\/www.raccontinellarete.it\/index.php?rest_route=%2Fwp%2Fv2%2Fcategories&post=48852"},{"taxonomy":"post_tag","embeddable":true,"href":"https:\/\/www.raccontinellarete.it\/index.php?rest_route=%2Fwp%2Fv2%2Ftags&post=48852"}],"curies":[{"name":"wp","href":"https:\/\/api.w.org\/{rel}","templated":true}]}}