{"id":48643,"date":"2022-04-07T19:07:18","date_gmt":"2022-04-07T18:07:18","guid":{"rendered":"http:\/\/www.raccontinellarete.it\/?p=48643"},"modified":"2022-04-07T19:07:19","modified_gmt":"2022-04-07T18:07:19","slug":"premio-racconti-nella-rete-2022la-grande-onda-di-kanagawa-di-claudia-faenzi","status":"publish","type":"post","link":"https:\/\/www.raccontinellarete.it\/?p=48643","title":{"rendered":"Premio Racconti nella Rete 2022&#8243;La grande onda di Kanagawa&#8221; di Claudia Faenzi"},"content":{"rendered":"\n<p>Io ho sempre lo zaino in spalla, ma non \u00e8 una metafora, piuttosto un modo simpatico o per alcuni affascinante per descrivere una deformit\u00e0, comunque vi dicevo, ci sono proprio nata \u00e8 un equipaggiamento di bordo, c&#8217;\u00e8 chi ha strani nei, piccole escrescenze invece io ho uno zaino dietro la schiena, l\u00ec si depositano tutti i pensieri, i progetti, i desideri, le prospettive e certamente ci si pu\u00f2 mettere dentro di tutto, anche oggetti \u00e8 chiaro; si potrebbe dire che \u00e8 utile ma io ce l\u2019ho sempre in spalla anche dentro casa, per esempio sul divano non posso starci, appena mi siedo e provo ad appoggiarmi ai cuscini <em>tac<\/em> eccolo l\u00ec che mi spinge sulle scapole e cominciano ad uscirne fuori progetti, dubbi, prospettive, ricordi, insomma di tutto ed \u00e8 un bel macello allora mi alzo, passeggio un po&#8217;, sistemo qualcosa, ci metto dentro un paio di cuscini, qualche oggetto sparso e subito si alleggerisce.<br>Delle volte \u00e8 anche comodo, dentro casa intendo, ci si pu\u00f2 mettere quel che si vuole senza fare avanti e indietro tra una stanza e l&#8217;altra, avete presente no? quando dovete andare a letto e portarvi dietro che so il telefono, il caricabatterie, l&#8217;acqua, magari lo spray nasale ed un libro, ecco, mettete tutto nello zaino e vi spostate, \u00e8 comodo.<br>Per dormire \u00e8 semplice, posso stare sul lato sinistro o sul lato destro e addirittura a pancia in gi\u00f9, per\u00f2 in quel caso devo ricordarmi di riempirlo per bene per evitare di sentirmi schiacciata, oppressa. Ecco oppressa. Si perch\u00e9 pi\u00f9 lo zaino \u00e8 vuoto pi\u00f9 si riempie di pensieri, progetti, prospettive, delusioni, speranze\u2026 mentre pi\u00f9 \u00e8 pieno di oggetti meglio \u00e8, c&#8217;\u00e8 meno spazio per tutto il resto.&nbsp;<br>Per cui prima di andare a letto di solito lo riempio di coperte, lenzuola, qualche vestito e subito leggerissima prendo sonno.&nbsp;<br>Delle volte per\u00f2 vi dicevo lo zaino mi opprime, delle volte vorrei poterlo togliere, riporlo per poi riprenderlo in occasione di qualche partenza come fate voi con i vostri normali zaini da viaggio e invece no il mio non \u00e8 mica una cosa che si pu\u00f2 mettere via.<br>Mi capita spesso che mi chiedano &#8220;ma proprio non puoi toglierlo?&#8221; E allora io sono sempre combattuta perch\u00e9 vorrei rispondere che voi mica vi sfilate le gambe la sera prima di andare a dormire, o le braccia, ecco sono stanco le sfilo, le tiro su un attimo cos\u00ec mi riposo un po&#8217;, no.<br>Per\u00f2 poi penso che non lo potete sapere cosa vuol dire avere uno zaino sempre in spalla e allora finisce che rispondo semplicemente che no, non posso toglierlo, fine della storia. <br>Luka lo sapeva invece, anche lui aveva uno zaino come il mio.<br>Ci incontrammo alla stazione di Portogruaro qualche anno fa ed \u00e8 difficile da spiegare ma \u00e8 stato chiaro sin dal primo sguardo, avevamo lo stesso zaino e lui aveva uno di quei sorrisi l\u00ec, capito no? uno di quelli che vanno bene <em>per innamorarsi oppure per morire.<\/em><br>Luka era solito camuffarlo il suo zaino, lo nascondeva sotto giacche firmate, occhiali griffati e quei sorrisi\u2026 che se non l\u2019avessi avuto anche io il suo stesso zaino probabilmente non mi sarei accorta che lo aveva.<br>Voi ad esempio non vi sareste accorti che lo aveva, per\u00f2 ecco magari non lo avreste mai compreso fino in fondo, le sue insofferenze, le sue stanchezze, le frustrazioni non le avreste mai realmente condivise, mai avreste capito da come incurvava le spalle che aveva bisogno di partire.&nbsp;<br>Luka viaggiava per necessit\u00e0 proprio come me ma in fondo avrebbe voluto potersi permettere di non farlo, o quantomeno di scegliere capite? concedersi la possibilit\u00e0 di una vita diversa da quella a cui siamo destinati, una casa magari, un unico obbiettivo di vita magari, un lavoro stabile forse, una moglie e dei figli chiss\u00e0, una settimana o forse anche un solo giorno senza che lo zaino ricominciasse subito a riempirsi.<br>Ci capivamo io e Luka, era tutto semplice con lui, per\u00f2 lui il suo zaino lo camuffava, lo nascondeva sotto giacche firmate, occhiali griffati e quei sorrisi\u2026 io invece l\u2019ho sempre tenuto bene in vista, ci applico delle spille sopra, qualche adesivo, ad ogni viaggio aggiungo una toppa in pi\u00f9, le scelgo con cura eh, ne ho una con la grande onda di Kanagawa con un grosso sole rosso ed il monte Fuji sullo sfondo, \u00e8 la mia preferita, me l\u2019ha regalata Luka.<br>Credo che lui pensasse d\u2019essere l\u2019onda, agitato, tempestoso, in continua lotta con se stesso; in fondo per me poteva essere quel che voleva ch\u00e9 tanto sotto le giacche firmate, gli occhiali griffati e quei suoi sorrisi io comunque riuscivo a vederlo.<br>Non so dove sia ora.<br>Sapete, non sempre \u00e8 semplice ma in fondo credo d&#8217;essermi affezionata a questa strana sacca incorporata, credo che alla fine ci si leghi alle proprie stranezze, voi magari avrete il naso un po&#8217; storto, un occhio poco pi\u00f9 grande dell&#8217;altro, qualche piccolo difetto estetico che nel tempo sar\u00e0 diventato un vezzo, ecco io ho il mio zaino. <br>Uno zaino porta pensieri, e anche oggetti chiaro.<br>\u00c8 un po&#8217; come un archivio, fisico e non, e si riempie con una facilit\u00e0 indicibile \u00e8 vero e l&#8217;unico modo che ho per alleggerirlo un po&#8217; \u00e8 appunto partire, prendere il primo treno ed andare, dove non \u00e8 importante, quel che importa \u00e8 che se lo si riempie di cose fisiche, oggetti, libri, vestiti, ecco che allora lo spazio per i pensieri diminuisce e lo zaino seppur pi\u00f9 pieno pare pi\u00f9 leggero.<br>Pi\u00f9 a lungo rimango in un posto peggio \u00e8, perch\u00e9 ecco che svuotato degli oggetti di viaggio si riempie di nuovo di pensieri, parole, desideri inespressi e allora capisco che \u00e8 il momento di ripartire, esco di casa, vado in stazione e parto.<br>L\u2019importante \u00e8 che non stia ferma troppo a lungo e che lo zaino sia sempre pieno, che se \u00e8 pieno \u00e8 pi\u00f9 leggero.<br>Oggi per esempio erano due mesi che mi trovavo a casa, il peso era diventato quasi insostenibile, mi muovevo lentamente, dormivo male, respiravo a fatica, il senso di oppressione si era fatto insopportabile e si certo lo riempivo di cuscini, coperte, libri, vestiti, ma niente a lungo andare i pensieri trovano il modo di insinuarsi e tra una piega di un abito e l&#8217;altra si fanno ancora pi\u00f9 pesanti cos\u00ec stamattina mi sono alzata e ho deciso di partire.<br>Sono in treno verso il nord in questo momento, non ho ancora deciso dove andare, credo per\u00f2 che star\u00f2 fuori per un po&#8217;, sapete cos\u00ec lo zaino pesa meno, \u00e8 cos\u00ec semplice abituarsi a questa incredibile sensazione di leggerezza.&nbsp;<br>Ogni volta che mi metto in viaggio ripenso a Luka.<br>Non so dove sia ora, quale viaggio stia affrontando o quanto sforzo stia applicando nel reiterato tentativo di restare fermo ma sono convinta che ci rincontreremo un giorno, in fondo io e lui portiamo lo stesso zaino.<\/p>\n<div class=\"pvc_clear\"><\/div><p id=\"pvc_stats_48643\" class=\"pvc_stats all  \" data-element-id=\"48643\" style=\"\"><i class=\"pvc-stats-icon medium\" aria-hidden=\"true\"><svg aria-hidden=\"true\" focusable=\"false\" data-prefix=\"far\" data-icon=\"chart-bar\" role=\"img\" xmlns=\"http:\/\/www.w3.org\/2000\/svg\" viewBox=\"0 0 512 512\" class=\"svg-inline--fa fa-chart-bar fa-w-16 fa-2x\"><path fill=\"currentColor\" d=\"M396.8 352h22.4c6.4 0 12.8-6.4 12.8-12.8V108.8c0-6.4-6.4-12.8-12.8-12.8h-22.4c-6.4 0-12.8 6.4-12.8 12.8v230.4c0 6.4 6.4 12.8 12.8 12.8zm-192 0h22.4c6.4 0 12.8-6.4 12.8-12.8V140.8c0-6.4-6.4-12.8-12.8-12.8h-22.4c-6.4 0-12.8 6.4-12.8 12.8v198.4c0 6.4 6.4 12.8 12.8 12.8zm96 0h22.4c6.4 0 12.8-6.4 12.8-12.8V204.8c0-6.4-6.4-12.8-12.8-12.8h-22.4c-6.4 0-12.8 6.4-12.8 12.8v134.4c0 6.4 6.4 12.8 12.8 12.8zM496 400H48V80c0-8.84-7.16-16-16-16H16C7.16 64 0 71.16 0 80v336c0 17.67 14.33 32 32 32h464c8.84 0 16-7.16 16-16v-16c0-8.84-7.16-16-16-16zm-387.2-48h22.4c6.4 0 12.8-6.4 12.8-12.8v-70.4c0-6.4-6.4-12.8-12.8-12.8h-22.4c-6.4 0-12.8 6.4-12.8 12.8v70.4c0 6.4 6.4 12.8 12.8 12.8z\" class=\"\"><\/path><\/svg><\/i> <img loading=\"lazy\" decoding=\"async\" width=\"16\" height=\"16\" alt=\"Loading\" src=\"https:\/\/www.raccontinellarete.it\/301\/wp-content\/plugins\/page-views-count\/ajax-loader-2x.gif\" border=0 \/><\/p><div class=\"pvc_clear\"><\/div>","protected":false},"excerpt":{"rendered":"<p>Io ho sempre lo zaino in spalla, ma non \u00e8 una metafora, piuttosto un modo simpatico o per alcuni affascinante per descrivere una deformit\u00e0, comunque vi dicevo, ci sono proprio nata \u00e8 un equipaggiamento di bordo, c&#8217;\u00e8 chi ha strani nei, piccole escrescenze invece io ho uno zaino dietro la schiena, l\u00ec si depositano tutti [&hellip;]<\/p>\n<div class=\"pvc_clear\"><\/div>\n<p id=\"pvc_stats_48643\" class=\"pvc_stats all  \" data-element-id=\"48643\" style=\"\"><i class=\"pvc-stats-icon medium\" aria-hidden=\"true\"><svg aria-hidden=\"true\" focusable=\"false\" data-prefix=\"far\" data-icon=\"chart-bar\" role=\"img\" xmlns=\"http:\/\/www.w3.org\/2000\/svg\" viewBox=\"0 0 512 512\" class=\"svg-inline--fa fa-chart-bar fa-w-16 fa-2x\"><path fill=\"currentColor\" d=\"M396.8 352h22.4c6.4 0 12.8-6.4 12.8-12.8V108.8c0-6.4-6.4-12.8-12.8-12.8h-22.4c-6.4 0-12.8 6.4-12.8 12.8v230.4c0 6.4 6.4 12.8 12.8 12.8zm-192 0h22.4c6.4 0 12.8-6.4 12.8-12.8V140.8c0-6.4-6.4-12.8-12.8-12.8h-22.4c-6.4 0-12.8 6.4-12.8 12.8v198.4c0 6.4 6.4 12.8 12.8 12.8zm96 0h22.4c6.4 0 12.8-6.4 12.8-12.8V204.8c0-6.4-6.4-12.8-12.8-12.8h-22.4c-6.4 0-12.8 6.4-12.8 12.8v134.4c0 6.4 6.4 12.8 12.8 12.8zM496 400H48V80c0-8.84-7.16-16-16-16H16C7.16 64 0 71.16 0 80v336c0 17.67 14.33 32 32 32h464c8.84 0 16-7.16 16-16v-16c0-8.84-7.16-16-16-16zm-387.2-48h22.4c6.4 0 12.8-6.4 12.8-12.8v-70.4c0-6.4-6.4-12.8-12.8-12.8h-22.4c-6.4 0-12.8 6.4-12.8 12.8v70.4c0 6.4 6.4 12.8 12.8 12.8z\" class=\"\"><\/path><\/svg><\/i> <img loading=\"lazy\" decoding=\"async\" width=\"16\" height=\"16\" alt=\"Loading\" src=\"https:\/\/www.raccontinellarete.it\/301\/wp-content\/plugins\/page-views-count\/ajax-loader-2x.gif\" border=0 \/><\/p>\n<div class=\"pvc_clear\"><\/div>\n","protected":false},"author":22391,"featured_media":0,"comment_status":"open","ping_status":"closed","sticky":false,"template":"","format":"standard","meta":{"footnotes":""},"categories":[597],"tags":[],"class_list":["post-48643","post","type-post","status-publish","format-standard","hentry","category-premio-racconti-nella-rete-2022"],"_links":{"self":[{"href":"https:\/\/www.raccontinellarete.it\/index.php?rest_route=\/wp\/v2\/posts\/48643"}],"collection":[{"href":"https:\/\/www.raccontinellarete.it\/index.php?rest_route=\/wp\/v2\/posts"}],"about":[{"href":"https:\/\/www.raccontinellarete.it\/index.php?rest_route=\/wp\/v2\/types\/post"}],"author":[{"embeddable":true,"href":"https:\/\/www.raccontinellarete.it\/index.php?rest_route=\/wp\/v2\/users\/22391"}],"replies":[{"embeddable":true,"href":"https:\/\/www.raccontinellarete.it\/index.php?rest_route=%2Fwp%2Fv2%2Fcomments&post=48643"}],"version-history":[{"count":4,"href":"https:\/\/www.raccontinellarete.it\/index.php?rest_route=\/wp\/v2\/posts\/48643\/revisions"}],"predecessor-version":[{"id":48657,"href":"https:\/\/www.raccontinellarete.it\/index.php?rest_route=\/wp\/v2\/posts\/48643\/revisions\/48657"}],"wp:attachment":[{"href":"https:\/\/www.raccontinellarete.it\/index.php?rest_route=%2Fwp%2Fv2%2Fmedia&parent=48643"}],"wp:term":[{"taxonomy":"category","embeddable":true,"href":"https:\/\/www.raccontinellarete.it\/index.php?rest_route=%2Fwp%2Fv2%2Fcategories&post=48643"},{"taxonomy":"post_tag","embeddable":true,"href":"https:\/\/www.raccontinellarete.it\/index.php?rest_route=%2Fwp%2Fv2%2Ftags&post=48643"}],"curies":[{"name":"wp","href":"https:\/\/api.w.org\/{rel}","templated":true}]}}