{"id":48596,"date":"2022-04-06T16:58:55","date_gmt":"2022-04-06T15:58:55","guid":{"rendered":"http:\/\/www.raccontinellarete.it\/?p=48596"},"modified":"2022-04-06T16:58:56","modified_gmt":"2022-04-06T15:58:56","slug":"premio-racconti-per-corti-2022-il-filo-del-tempo-di-stefania-asuni","status":"publish","type":"post","link":"https:\/\/www.raccontinellarete.it\/?p=48596","title":{"rendered":"Premio Racconti per Corti 2022 &#8220;Il filo del tempo&#8221; di Stefania Asuni"},"content":{"rendered":"\n<p><\/p>\n\n\n\n<p>Arrivo per prima, mi fermo davanti alla passerella centrale e mi accomodo su una delle sedie della tribuna laterale. Sono presa dall&#8217;interminabile lavorio delle idee che continuano fluire nella mia mente illuminate dal faro centrale dell&#8217;impianto.<\/p>\n\n\n\n<p>C&#8217;\u00e8 da ammettere che&nbsp;<em>chi<\/em>&nbsp;lavora nel mondo della moda parla una lingua a parte, pensa e vive una dimensione altra, talvolta fantastica o surreale. Sempre alla ricerca della bellezza assoluta.<\/p>\n\n\n\n<p>Per la sfilata di oggi l&#8217;art director ha immaginato per me, per il mio marchio una passerella del tutto originale, un puzzle asimmetrico di lastre di specchio che faranno riflettere la particolarit\u00e0 di ciascun abito. Tutti questi preparativi mi affascinano da sempre.<\/p>\n\n\n\n<p>Mi sporgo su una delle lastre argentee e mi osservo: le poche rughe scampate al ritocco estetico incorniciano un nuovo sguardo, torvo, scrupoloso, preoccupato. La maschera di rimmel e matita nera nasconde iridi verdi brillanti con sfumature paglierine che si irradiano sottilissime verso l&#8217;esterno. Il naso mi appare pi\u00f9 affusolato e con narici ovali, ancora lontano, per\u00f2, dalla perfezione assoluta.<\/p>\n\n\n\n<p>Al di sotto le morbide protuberanze rosse non sembrano pi\u00f9 delle labbra; si estendono come fisarmoniche di pelle magenta pronte ad ampliarsi o a restringersi a seconda dei miei desideri.<\/p>\n\n\n\n<p>Devo dire che i jeans svasati con ricami a fondo sfrangiato blu e la blusa in twill di seta barocco con stampa multicolor <em>tresor moi<\/em> cadono perfettamente sugli stivaletti in tessuto nero.<\/p>\n\n\n\n<p>Con una rapida occhiata noto che degli ampi papaveri rossi cuciti sulla parte anteriore uno \u00e8 penzolante dal resto della scarpa sinistra e sulla blusa una macchia da caff\u00e8 sembra continuare il disegno della stampa. Faccio finta di niente e continuo a pensare.<\/p>\n\n\n\n<p>Tamburello con le dita della mano destra la cover dorata dello smartphone e apporto alcune modifiche al programma della sfilata di alta moda che inizier\u00e0 tra poco. Nella sinistra manipolo una spilla di filo rossa, ha la forma di una modella e mi serve da antistress.<\/p>\n\n\n\n<p>Il fascio di luce del faro si muove da destra a sinistra, roteando indietro e avanti. Con l\u2019impianto a led la scenografia \u00e8 elegante, sofisticata e affascinante. Insomma un&#8217;atmosfera magica in cui ogni dettaglio rappresenta l&#8217;arte stessa della moda.<\/p>\n\n\n\n<p>Dal fondo inizio a sentire il vocio delle modelle elettrizzate che accorrono dietro le quinte per iniziare le operazioni di vestizione, trucco e parrucco. I miei occhi raggiungono ciascuna di loro con un monito a far presto e far bene.<\/p>\n\n\n\n<p>Tra tutte spicca la topmodel che oggi aprir\u00e0 la sfilata. Lei, la pi\u00f9 bella.<\/p>\n\n\n\n<p>Un rapido scontro di sguardi si irretisce tra noi: in un attimo si legge tutto.<\/p>\n\n\n\n<p>Io sono un&#8217;icona della moda internazionale, una tutta d\u2019un pezzo, coriacea, lei la super modella all&#8217;apice del successo, la perfetta tra le perfette.<\/p>\n\n\n\n<p>Io e lei come l&#8217;inizio e la fine di una parabola. L\u2019emozione delle prime sfilate versus l&#8217;inevitabile sfiorire del tempo.<\/p>\n\n\n\n<p>I miei occhi la seguono assetati: lei si allontana dal gruppo, sale sul palco: il faro a led mette in risalto la falcata sicura, i fianchi dondolano sinuosamente nei leggins di pelle nera, la testa \u00e8 reclinata mentre percorre provocante tutta la passerella e viene verso di me. Accenna un sorriso. Un sorriso a denti stretti, carico di senso. Ogni passo, deciso, \u00e8 innovatore di se stesso. Ogni suo movimento una sfida alla mia bellezza ormai passata, svilita.<\/p>\n\n\n\n<p>Faccio per coprire subito la macchia sulla blusa dove appunto con un gesto rapido la spilla rossa, poi metto il piede sinistro dietro al destro e la guardo. L&#8217;imperfezione non \u00e8 ammessa in questo ambiente.<\/p>\n\n\n\n<p>Mi sento agitata. Inquietudine. Panico. Ora \u00e8 il turno dei miei lunghi capelli biondo platino che continuo ad attorcigliare nervosamente attorno all&#8217;indice destro. Non riesco a distogliere lo sguardo dall&#8217;avanzare deciso della nemica.<\/p>\n\n\n\n<p>Intanto la protagonista della sfilata torna indietro dandomi le spalle. Non mi saluta. Poi, con un ampio e rallentato movimento della testa scuote i lunghi capelli neri e sparisce dietro il palco.<\/p>\n\n\n\n<p>Mi alzo, batto le mani una sola volta come a richiamarla ai miei ordini. Attendo in piedi, invano. Stringo i denti. Sono irrigidita, sento il flusso sanguigno raggelato. Immobilizzato.<\/p>\n\n\n\n<p>La luce mette in risalto ci\u00f2 che sfugge alla rapidit\u00e0 del momento. Dalle lamine di specchio noto sul mio volto le linee delle sopracciglia ravvicinate all&#8221;ingi\u00f9 verso il setto nasale come gabbiani in picchiata. Le palpebre sono tese e gli occhi fissano duramente il vuoto. Le labbra sono serrate, ferme, immobili con gli angoli della bocca dritti come spade affilate, pericolose.<\/p>\n\n\n\n<p>L&#8217;immagine riflessa nell&#8217;argento luminoso disvela un&#8217;altra me.<\/p>\n\n\n\n<p>Resto scossa. Mi sembra di aver appena assistito alla lotta tra due alci. Una rissa pazzesca in cui ogni animale mette sempre pi\u00f9 forza nello scontro corpo a corpo. La morbidezza delle corna palmate con quel largo ramo alla base e le infinite seghettature minori sul bordo e la bellezza della pelliccia stonano decisamente con l&#8217;acredine combattuta in ogni gesto, in ogni bramito.<\/p>\n\n\n\n<p>E invece non \u00e8 stata proferita alcuna parola. Non una minaccia n\u00e9 un sibilo vocale. Solo una sfida di sguardi, atteggiamenti, vocali e consonanti corporee.<\/p>\n\n\n\n<p>Mi siedo. Mi sento stanchissima. Provo a calmarmi. Prendo tra le mani la spilla rossa dalla camicia e con gli occhi persi nel vuoto comincio a sfilacciarne lentamente ogni parte. Con la punta metallica della spilla le dita sono intente a distruggere la perfezione della bambolina. Filo dopo filo ogni punto cade sotto la rabbia delle mie mani. Assassine.<\/p>\n\n\n\n<p>In platea vedo accomodarsi i primi ospiti. Brusio, commenti, attesa.<\/p>\n\n\n\n<p>Scappo via dietro le quinte. A terra, sul pavimento, i fili spezzati della perfezione.<\/p>\n<div class=\"pvc_clear\"><\/div><p id=\"pvc_stats_48596\" class=\"pvc_stats all  \" data-element-id=\"48596\" style=\"\"><i class=\"pvc-stats-icon medium\" aria-hidden=\"true\"><svg aria-hidden=\"true\" focusable=\"false\" data-prefix=\"far\" data-icon=\"chart-bar\" role=\"img\" xmlns=\"http:\/\/www.w3.org\/2000\/svg\" viewBox=\"0 0 512 512\" class=\"svg-inline--fa fa-chart-bar fa-w-16 fa-2x\"><path fill=\"currentColor\" d=\"M396.8 352h22.4c6.4 0 12.8-6.4 12.8-12.8V108.8c0-6.4-6.4-12.8-12.8-12.8h-22.4c-6.4 0-12.8 6.4-12.8 12.8v230.4c0 6.4 6.4 12.8 12.8 12.8zm-192 0h22.4c6.4 0 12.8-6.4 12.8-12.8V140.8c0-6.4-6.4-12.8-12.8-12.8h-22.4c-6.4 0-12.8 6.4-12.8 12.8v198.4c0 6.4 6.4 12.8 12.8 12.8zm96 0h22.4c6.4 0 12.8-6.4 12.8-12.8V204.8c0-6.4-6.4-12.8-12.8-12.8h-22.4c-6.4 0-12.8 6.4-12.8 12.8v134.4c0 6.4 6.4 12.8 12.8 12.8zM496 400H48V80c0-8.84-7.16-16-16-16H16C7.16 64 0 71.16 0 80v336c0 17.67 14.33 32 32 32h464c8.84 0 16-7.16 16-16v-16c0-8.84-7.16-16-16-16zm-387.2-48h22.4c6.4 0 12.8-6.4 12.8-12.8v-70.4c0-6.4-6.4-12.8-12.8-12.8h-22.4c-6.4 0-12.8 6.4-12.8 12.8v70.4c0 6.4 6.4 12.8 12.8 12.8z\" class=\"\"><\/path><\/svg><\/i> <img loading=\"lazy\" decoding=\"async\" width=\"16\" height=\"16\" alt=\"Loading\" src=\"https:\/\/www.raccontinellarete.it\/301\/wp-content\/plugins\/page-views-count\/ajax-loader-2x.gif\" border=0 \/><\/p><div class=\"pvc_clear\"><\/div>","protected":false},"excerpt":{"rendered":"<p>Arrivo per prima, mi fermo davanti alla passerella centrale e mi accomodo su una delle sedie della tribuna laterale. Sono presa dall&#8217;interminabile lavorio delle idee che continuano fluire nella mia mente illuminate dal faro centrale dell&#8217;impianto. C&#8217;\u00e8 da ammettere che&nbsp;chi&nbsp;lavora nel mondo della moda parla una lingua a parte, pensa e vive una dimensione altra, [&hellip;]<\/p>\n<div class=\"pvc_clear\"><\/div>\n<p id=\"pvc_stats_48596\" class=\"pvc_stats all  \" data-element-id=\"48596\" style=\"\"><i class=\"pvc-stats-icon medium\" aria-hidden=\"true\"><svg aria-hidden=\"true\" focusable=\"false\" data-prefix=\"far\" data-icon=\"chart-bar\" role=\"img\" xmlns=\"http:\/\/www.w3.org\/2000\/svg\" viewBox=\"0 0 512 512\" class=\"svg-inline--fa fa-chart-bar fa-w-16 fa-2x\"><path fill=\"currentColor\" d=\"M396.8 352h22.4c6.4 0 12.8-6.4 12.8-12.8V108.8c0-6.4-6.4-12.8-12.8-12.8h-22.4c-6.4 0-12.8 6.4-12.8 12.8v230.4c0 6.4 6.4 12.8 12.8 12.8zm-192 0h22.4c6.4 0 12.8-6.4 12.8-12.8V140.8c0-6.4-6.4-12.8-12.8-12.8h-22.4c-6.4 0-12.8 6.4-12.8 12.8v198.4c0 6.4 6.4 12.8 12.8 12.8zm96 0h22.4c6.4 0 12.8-6.4 12.8-12.8V204.8c0-6.4-6.4-12.8-12.8-12.8h-22.4c-6.4 0-12.8 6.4-12.8 12.8v134.4c0 6.4 6.4 12.8 12.8 12.8zM496 400H48V80c0-8.84-7.16-16-16-16H16C7.16 64 0 71.16 0 80v336c0 17.67 14.33 32 32 32h464c8.84 0 16-7.16 16-16v-16c0-8.84-7.16-16-16-16zm-387.2-48h22.4c6.4 0 12.8-6.4 12.8-12.8v-70.4c0-6.4-6.4-12.8-12.8-12.8h-22.4c-6.4 0-12.8 6.4-12.8 12.8v70.4c0 6.4 6.4 12.8 12.8 12.8z\" class=\"\"><\/path><\/svg><\/i> <img loading=\"lazy\" decoding=\"async\" width=\"16\" height=\"16\" alt=\"Loading\" src=\"https:\/\/www.raccontinellarete.it\/301\/wp-content\/plugins\/page-views-count\/ajax-loader-2x.gif\" border=0 \/><\/p>\n<div class=\"pvc_clear\"><\/div>\n","protected":false},"author":21499,"featured_media":0,"comment_status":"open","ping_status":"closed","sticky":false,"template":"","format":"standard","meta":{"footnotes":""},"categories":[598],"tags":[],"class_list":["post-48596","post","type-post","status-publish","format-standard","hentry","category-premio-racconti-per-corti-2022"],"_links":{"self":[{"href":"https:\/\/www.raccontinellarete.it\/index.php?rest_route=\/wp\/v2\/posts\/48596"}],"collection":[{"href":"https:\/\/www.raccontinellarete.it\/index.php?rest_route=\/wp\/v2\/posts"}],"about":[{"href":"https:\/\/www.raccontinellarete.it\/index.php?rest_route=\/wp\/v2\/types\/post"}],"author":[{"embeddable":true,"href":"https:\/\/www.raccontinellarete.it\/index.php?rest_route=\/wp\/v2\/users\/21499"}],"replies":[{"embeddable":true,"href":"https:\/\/www.raccontinellarete.it\/index.php?rest_route=%2Fwp%2Fv2%2Fcomments&post=48596"}],"version-history":[{"count":2,"href":"https:\/\/www.raccontinellarete.it\/index.php?rest_route=\/wp\/v2\/posts\/48596\/revisions"}],"predecessor-version":[{"id":48609,"href":"https:\/\/www.raccontinellarete.it\/index.php?rest_route=\/wp\/v2\/posts\/48596\/revisions\/48609"}],"wp:attachment":[{"href":"https:\/\/www.raccontinellarete.it\/index.php?rest_route=%2Fwp%2Fv2%2Fmedia&parent=48596"}],"wp:term":[{"taxonomy":"category","embeddable":true,"href":"https:\/\/www.raccontinellarete.it\/index.php?rest_route=%2Fwp%2Fv2%2Fcategories&post=48596"},{"taxonomy":"post_tag","embeddable":true,"href":"https:\/\/www.raccontinellarete.it\/index.php?rest_route=%2Fwp%2Fv2%2Ftags&post=48596"}],"curies":[{"name":"wp","href":"https:\/\/api.w.org\/{rel}","templated":true}]}}