{"id":48576,"date":"2022-04-06T19:16:45","date_gmt":"2022-04-06T18:16:45","guid":{"rendered":"http:\/\/www.raccontinellarete.it\/?p=48576"},"modified":"2022-04-06T19:16:46","modified_gmt":"2022-04-06T18:16:46","slug":"premio-racconti-nella-rete-2022-come-la-neve-di-simona-visciglia","status":"publish","type":"post","link":"https:\/\/www.raccontinellarete.it\/?p=48576","title":{"rendered":"Premio Racconti nella Rete 2022 &#8220;Come la neve&#8221; di Simona Visciglia"},"content":{"rendered":"\n<p>Sono chiuso. Rinchiuso. <\/p>\n\n\n\n<p>Da giorni, oramai. <\/p>\n\n\n\n<p>Quanti saranno? Dieci venti molti di pi\u00f9 molti di meno, ho smesso di contarli, i giorni. <\/p>\n\n\n\n<p>Prima contavo pure le ore, ma poi ho iniziato a fare confusione, tra quelle luminose e quelle buie, quelle grigie e quelle troppo chiare, da sveglio e mentre dormivo. No, era diventato impossibile. E cos\u00ec le giornate, di conseguenza. <\/p>\n\n\n\n<p>Sono prigioniero tra queste quattro mura, che poi, a esser precisi, sarebbero tre e mezzo, perch\u00e9 su una parete c&#8217;\u00e8 la porta. \u00c8 tutto troppo bianco, la porta pure \u00e8 bianca e a me tutto questo candore abbacinante mi soffoca, come la neve. Mi manca il respiro in questa uniformit\u00e0 incolore. <\/p>\n\n\n\n<p>Mi hanno detto, Loro, che \u00e8 pi\u00f9 sicuro qui che non fuori. Fuori ci si pu\u00f2 ammalare, tipo una brutta febbre che somiglia all&#8217;influenza ma \u00e8 molto pi\u00f9 cattiva. Che basta respirare o sorridere alla gente e zac\u2026 sei fregato. <\/p>\n\n\n\n<p>Non mi ricordo se hanno detto proprio sorridere, ma forse era starnutire, anche se non ho mai starnutito a nessuno, io. E insomma, hanno ritenuto che separarmi dal mondo fosse cosa buona e giusta, ed io mi sono fidato. Mi fido sempre di quello che mi dicono, s\u00ec, perch\u00e9 ho sempre pensato che dar credito alla gente non mi potesse fare male, anzi, che potessi farle felici, le persone, accogliendo tutti i loro ondeggiamenti di pensiero. Sono una brava persona, io. Poi uno dentro fa come gli pare, ma intanto dai ragione a tutti. E siamo tutti pi\u00f9 contenti. Credo. Tipo, i miei sono stati parecchio contenti che io sia venuto qui, in questo posto sicuro. Hanno veramente insistito tanto ed io li ho accontentati, appunto. Per il mio bene, dicono. Anche Loro insistono che sia per preservare la mia salute. Meglio serrare ogni porta, soprattutto adesso che c&#8217;\u00e8 quella brutta malattia che corre per le strade. Che poi, a dirla tutta, io me ne stavo gi\u00e0 tranquillo a casa mia, nella mia stanza, che almeno non era immacolata come questa che mi fa paura, cos\u00ec senza peccato, come una madonna di mattoni e cemento. Ma Loro mi hanno spiegato che non sto bene \u2013 ma mica perch\u00e9 sono andato in giro a sorridere\/starnutire alla gente. No no: io non sto bene perch\u00e9 parlo da solo. Ad alta voce \u2013 glielo deve avere riferito mia madre. E pare non stia bene parlare da soli. Non ho capito se per il tono di voce, troppo alto, o se proprio non si deve fare, a prescindere. Magari me lo spiegheranno. <\/p>\n\n\n\n<p>Intanto, dopo un bel po&#8217; che stavo qui, si sono degnati di chiedermi il perch\u00e9: il perch\u00e9 io a un certo punto mi metta a conversare con me stesso. Che detto cos\u00ec fa strano pure a me, e gliel&#8217;ho detto. Non \u00e8 che io mi metta a fare botta e risposta, non sono mica matto, eh! No, in realt\u00e0 io penso. \u00c8 vietato, forse? Ho questi pensieri, pi\u00f9 che altro ricordi, che mi vengono da lontano, molto lontano, e non li sento. Cio\u00e8, ho un deficit dell&#8217;udito, me lo hanno diagnosticato quando ero ragazzino, e nel tempo sono anche un po&#8217; peggiorato. Non \u00e8 che sia sordo sordo, ma faccio fatica a sentire le persone che bisbigliano e i suoni molto flebili. E questi miei pensieri sono cos\u00ec distanti che o mi avvicino \u2013 e a che cosa dovrei avvicinarmi? \u2013 o li ripeto ad alta voce, ecco.<\/p>\n\n\n\n<p>(Le storie che vengono dal passato di solito sussurrano e sono piene di polvere e nella polvere i suoni sono ancora pi\u00f9 ovattati) <\/p>\n\n\n\n<p>Ma se pensare non \u00e8 pi\u00f9 normale, se Loro mi dicono che non si fa, mi voglio fidare e resto qui ancora un po&#8217;. Intanto, con il loro permesso, continuo a raccontarmi le mie cose, nel tono che ritengo necessario, per sentirle, intendo. E allora certe notti urlo, che poi sarebbe una risata, perch\u00e9 mi tornano alla mente delle cose veramente buffe e divertenti. Urlo fino alle lacrime, cio\u00e8 rido. <\/p>\n\n\n\n<p>Rido come un matto. <\/p>\n\n\n\n<p>Ed \u00e8 quello che mi ha detto Uno, qui. Mi fa Tu da qui non esci pi\u00f9, caro mio, perch\u00e9 sei pazzo. Io gli chiedo se pure quando la gente avr\u00e0 smesso di starnutirsi addosso non potr\u00f2 tornare a casa.<br>Mi ha risposto voltandomi le spalle e facendo cenno con le braccia come un grande chi lo sa.<\/p>\n\n\n\n<p> E allora ho ricominciato a raccontarmi le mie storie, cos\u00ec, tanto per farmi compagnia, tanto per non dimenticare, che Qui, in tutto questo bianco, finisce che mi cancello pure io.<\/p>\n\n\n\n<p> Finisce che sparisco in una mattonella e da l\u00ec non mi si sente neanche pi\u00f9 la voce.<\/p>\n<div class=\"pvc_clear\"><\/div><p id=\"pvc_stats_48576\" class=\"pvc_stats all  \" data-element-id=\"48576\" style=\"\"><i class=\"pvc-stats-icon medium\" aria-hidden=\"true\"><svg aria-hidden=\"true\" focusable=\"false\" data-prefix=\"far\" data-icon=\"chart-bar\" role=\"img\" xmlns=\"http:\/\/www.w3.org\/2000\/svg\" viewBox=\"0 0 512 512\" class=\"svg-inline--fa fa-chart-bar fa-w-16 fa-2x\"><path fill=\"currentColor\" d=\"M396.8 352h22.4c6.4 0 12.8-6.4 12.8-12.8V108.8c0-6.4-6.4-12.8-12.8-12.8h-22.4c-6.4 0-12.8 6.4-12.8 12.8v230.4c0 6.4 6.4 12.8 12.8 12.8zm-192 0h22.4c6.4 0 12.8-6.4 12.8-12.8V140.8c0-6.4-6.4-12.8-12.8-12.8h-22.4c-6.4 0-12.8 6.4-12.8 12.8v198.4c0 6.4 6.4 12.8 12.8 12.8zm96 0h22.4c6.4 0 12.8-6.4 12.8-12.8V204.8c0-6.4-6.4-12.8-12.8-12.8h-22.4c-6.4 0-12.8 6.4-12.8 12.8v134.4c0 6.4 6.4 12.8 12.8 12.8zM496 400H48V80c0-8.84-7.16-16-16-16H16C7.16 64 0 71.16 0 80v336c0 17.67 14.33 32 32 32h464c8.84 0 16-7.16 16-16v-16c0-8.84-7.16-16-16-16zm-387.2-48h22.4c6.4 0 12.8-6.4 12.8-12.8v-70.4c0-6.4-6.4-12.8-12.8-12.8h-22.4c-6.4 0-12.8 6.4-12.8 12.8v70.4c0 6.4 6.4 12.8 12.8 12.8z\" class=\"\"><\/path><\/svg><\/i> <img loading=\"lazy\" decoding=\"async\" width=\"16\" height=\"16\" alt=\"Loading\" src=\"https:\/\/www.raccontinellarete.it\/301\/wp-content\/plugins\/page-views-count\/ajax-loader-2x.gif\" border=0 \/><\/p><div class=\"pvc_clear\"><\/div>","protected":false},"excerpt":{"rendered":"<p>Sono chiuso. Rinchiuso. Da giorni, oramai. Quanti saranno? Dieci venti molti di pi\u00f9 molti di meno, ho smesso di contarli, i giorni. Prima contavo pure le ore, ma poi ho iniziato a fare confusione, tra quelle luminose e quelle buie, quelle grigie e quelle troppo chiare, da sveglio e mentre dormivo. No, era diventato impossibile. [&hellip;]<\/p>\n<div class=\"pvc_clear\"><\/div>\n<p id=\"pvc_stats_48576\" class=\"pvc_stats all  \" data-element-id=\"48576\" style=\"\"><i class=\"pvc-stats-icon medium\" aria-hidden=\"true\"><svg aria-hidden=\"true\" focusable=\"false\" data-prefix=\"far\" data-icon=\"chart-bar\" role=\"img\" xmlns=\"http:\/\/www.w3.org\/2000\/svg\" viewBox=\"0 0 512 512\" class=\"svg-inline--fa fa-chart-bar fa-w-16 fa-2x\"><path fill=\"currentColor\" d=\"M396.8 352h22.4c6.4 0 12.8-6.4 12.8-12.8V108.8c0-6.4-6.4-12.8-12.8-12.8h-22.4c-6.4 0-12.8 6.4-12.8 12.8v230.4c0 6.4 6.4 12.8 12.8 12.8zm-192 0h22.4c6.4 0 12.8-6.4 12.8-12.8V140.8c0-6.4-6.4-12.8-12.8-12.8h-22.4c-6.4 0-12.8 6.4-12.8 12.8v198.4c0 6.4 6.4 12.8 12.8 12.8zm96 0h22.4c6.4 0 12.8-6.4 12.8-12.8V204.8c0-6.4-6.4-12.8-12.8-12.8h-22.4c-6.4 0-12.8 6.4-12.8 12.8v134.4c0 6.4 6.4 12.8 12.8 12.8zM496 400H48V80c0-8.84-7.16-16-16-16H16C7.16 64 0 71.16 0 80v336c0 17.67 14.33 32 32 32h464c8.84 0 16-7.16 16-16v-16c0-8.84-7.16-16-16-16zm-387.2-48h22.4c6.4 0 12.8-6.4 12.8-12.8v-70.4c0-6.4-6.4-12.8-12.8-12.8h-22.4c-6.4 0-12.8 6.4-12.8 12.8v70.4c0 6.4 6.4 12.8 12.8 12.8z\" class=\"\"><\/path><\/svg><\/i> <img loading=\"lazy\" decoding=\"async\" width=\"16\" height=\"16\" alt=\"Loading\" src=\"https:\/\/www.raccontinellarete.it\/301\/wp-content\/plugins\/page-views-count\/ajax-loader-2x.gif\" border=0 \/><\/p>\n<div class=\"pvc_clear\"><\/div>\n","protected":false},"author":22388,"featured_media":0,"comment_status":"open","ping_status":"closed","sticky":false,"template":"","format":"standard","meta":{"footnotes":""},"categories":[597],"tags":[],"class_list":["post-48576","post","type-post","status-publish","format-standard","hentry","category-premio-racconti-nella-rete-2022"],"_links":{"self":[{"href":"https:\/\/www.raccontinellarete.it\/index.php?rest_route=\/wp\/v2\/posts\/48576"}],"collection":[{"href":"https:\/\/www.raccontinellarete.it\/index.php?rest_route=\/wp\/v2\/posts"}],"about":[{"href":"https:\/\/www.raccontinellarete.it\/index.php?rest_route=\/wp\/v2\/types\/post"}],"author":[{"embeddable":true,"href":"https:\/\/www.raccontinellarete.it\/index.php?rest_route=\/wp\/v2\/users\/22388"}],"replies":[{"embeddable":true,"href":"https:\/\/www.raccontinellarete.it\/index.php?rest_route=%2Fwp%2Fv2%2Fcomments&post=48576"}],"version-history":[{"count":2,"href":"https:\/\/www.raccontinellarete.it\/index.php?rest_route=\/wp\/v2\/posts\/48576\/revisions"}],"predecessor-version":[{"id":48619,"href":"https:\/\/www.raccontinellarete.it\/index.php?rest_route=\/wp\/v2\/posts\/48576\/revisions\/48619"}],"wp:attachment":[{"href":"https:\/\/www.raccontinellarete.it\/index.php?rest_route=%2Fwp%2Fv2%2Fmedia&parent=48576"}],"wp:term":[{"taxonomy":"category","embeddable":true,"href":"https:\/\/www.raccontinellarete.it\/index.php?rest_route=%2Fwp%2Fv2%2Fcategories&post=48576"},{"taxonomy":"post_tag","embeddable":true,"href":"https:\/\/www.raccontinellarete.it\/index.php?rest_route=%2Fwp%2Fv2%2Ftags&post=48576"}],"curies":[{"name":"wp","href":"https:\/\/api.w.org\/{rel}","templated":true}]}}