{"id":47980,"date":"2022-02-04T19:23:07","date_gmt":"2022-02-04T18:23:07","guid":{"rendered":"http:\/\/www.raccontinellarete.it\/?p=47980"},"modified":"2022-02-04T19:24:09","modified_gmt":"2022-02-04T18:24:09","slug":"premio-racconti-nella-rete-2022-amae-di-gilda-cinnella","status":"publish","type":"post","link":"https:\/\/www.raccontinellarete.it\/?p=47980","title":{"rendered":"Premio Racconti nella Rete 2022 &#8220;Amae&#8221; di Gilda Cinnella"},"content":{"rendered":"\n<p><em>\u201cAmae \u00e8 una emozione giapponese, non c\u2019\u00e8 un equivalente nella nostra lingua. Significa affidarsi a un altro, abbandonarsi nelle sue braccia per un po\u2019, cessare di controllare il territorio.\u201d <\/em><em><\/em><\/p>\n\n\n\n<p>&#8220;<em>Amae \u00e8 provare o desiderare?<\/em>&#8220;<\/p>\n\n\n\n<p>Caro Flavio,<\/p>\n\n\n\n<p>ho ricopiato questo brano per darmi il coraggio di scriverti una lettera che forse non ti spedir\u00f2, ma che ha girato nelle mie viscere per giorni e notti, come un globulo rosso che, felice, regala ossigeno al cuore per farlo vivere ma riceve in cambio anidride carbonica e torna mesto da dove \u00e8 venuto.<\/p>\n\n\n\n<p>Poi riparte per un altro giro, e continua, continua finch\u00e9 dura la sua breve vita.<\/p>\n\n\n\n<p>Il globulo rosso sa che il suo girare serve a mantenere in vita il corpo in cui sta vivendo, e le parole che vorrei donarti speravano che, girando in me a lungo come hanno fatto, avrebbero ottenuto di farmi tornare a vivere. Ora per\u00f2 sono giunte al termine del loro ciclo vitale.<\/p>\n\n\n\n<p>Noi \u201cscientifici\u201d, come mi chiamavi un tempo, scherzando sulla tua formazione (non umanistica ma \u201cumanica\u201d la definivi), parliamo di apoptosi, morte programmata. Oltre non si pu\u00f2 andare.<\/p>\n\n\n\n<p>Ecco, l\u2019apoptosi del nostro amore era stata programmata prima di quanto noi pensassimo, ma tu l\u2019hai capito e io invece ho cercato di rimandarla, come le signore che si affidano a lifting e silicone per cancellare i segni del tempo. E come loro, alla fine l\u2019amore \u00e8 stato solo mostruosamente deturpato dalla chirurgia estetica dei sentimenti.<\/p>\n\n\n\n<p>Ora le parole stanno uscendo da me per raggiungere altri lidi, e io non avr\u00f2 pi\u00f9 nulla da dire.<\/p>\n\n\n\n<p>Amae, dunque. \u00c9 stato su un banchetto di <em>bouquiniste<\/em>, a Parigi, sulla Rive Gauche, che ho adocchiato un libretto dall\u2019apparenza scialba. Un Dizionario delle Emozioni. Ne elencava decine e, sfogliandolo, ne ho lette diverse di cui non sospettavo neanche l\u2019esistenza, ma che gi\u00e0 dal nome mi sembrava di capire cosa fossero, piccoli neurotrasmettitori che avevano raggiunto il recettore specifico, mediatori di un <em>burst<\/em> dell\u2019anima.<\/p>\n\n\n\n<p>Riuscire a trovare tante parole diverse per esprimere la molteplicit\u00e0 delle proprie emozioni \u00e8 come descrivere una per una le piccolissime rughe intorno agli occhi di chi ci ama quando sorride: il loro numero non sar\u00e0 mai tanto grande da non far percepire la peculiarit\u00e0 di ciascuna.<\/p>\n\n\n\n<p>Chi potrebbe aver bisogno di un simile dizionario? E su quali basi possono essere definite le emozioni che catalogherebbe? Sempre il mio taglio da uomo di scienza e di misurazioni. Tu avresti probabilmente bollato il problema con una alzata di spalle e saresti passato oltre, senza degnarlo di ulteriore attenzione, col disprezzo tipico del tuo arrogante senso di superiorit\u00e0 intellettuale.<\/p>\n\n\n\n<p>Io l\u2019ho aperto, invece, e mi sono imbattuto in Amae.<\/p>\n\n\n\n<p>E improvvisamente, dopo mesi in cui mi sentivo guarito, ti ho rivisto, l\u00ec sulla stessa Rive Gauche, anzi sul Pont des Arts pi\u00f9 esattamente. L\u00ec dove amavo fotografare la punta dell\u2019\u00cele de la Cit\u00e9, con la statua di Enrico IV e gli alberi della Place Dauphine di Maigret. E tu, ridendo, improvvisamente entravi nel campo, e rovinavi l\u2019inquadratura della foto. E io fingevo di arrabbiarmi.<\/p>\n\n\n\n<p>Forse mi sono anche incazzato davvero una volta. Fu quando la luce era talmente bella, il grigio di Parigi talmente perfetto, che sentivo di poter fotografare un sentimento. Ma la foto poi mi permettesti di scattarla come volevo, l\u2019abbiamo stampata ed \u00e8 stata la prima decorazione delle pareti della nostra casa.<\/p>\n\n\n\n<p>Sono stato felice che tu mi abbia chiesto di prenderla quando sei andato via. Felice come si pu\u00f2 esserlo quando si perde tutto e si spera ancora.<\/p>\n\n\n\n<p>Ecco, ho sentito di dover condividere con te questa ultima cosa. Una emozione. Ma anche un sogno.<\/p>\n\n\n\n<p>La felicit\u00e0 nelle parole nuove.<\/p>\n\n\n\n<p>Tuo Marco<\/p>\n<div class=\"pvc_clear\"><\/div><p id=\"pvc_stats_47980\" class=\"pvc_stats all  \" data-element-id=\"47980\" style=\"\"><i class=\"pvc-stats-icon medium\" aria-hidden=\"true\"><svg aria-hidden=\"true\" focusable=\"false\" data-prefix=\"far\" data-icon=\"chart-bar\" role=\"img\" xmlns=\"http:\/\/www.w3.org\/2000\/svg\" viewBox=\"0 0 512 512\" class=\"svg-inline--fa fa-chart-bar fa-w-16 fa-2x\"><path fill=\"currentColor\" d=\"M396.8 352h22.4c6.4 0 12.8-6.4 12.8-12.8V108.8c0-6.4-6.4-12.8-12.8-12.8h-22.4c-6.4 0-12.8 6.4-12.8 12.8v230.4c0 6.4 6.4 12.8 12.8 12.8zm-192 0h22.4c6.4 0 12.8-6.4 12.8-12.8V140.8c0-6.4-6.4-12.8-12.8-12.8h-22.4c-6.4 0-12.8 6.4-12.8 12.8v198.4c0 6.4 6.4 12.8 12.8 12.8zm96 0h22.4c6.4 0 12.8-6.4 12.8-12.8V204.8c0-6.4-6.4-12.8-12.8-12.8h-22.4c-6.4 0-12.8 6.4-12.8 12.8v134.4c0 6.4 6.4 12.8 12.8 12.8zM496 400H48V80c0-8.84-7.16-16-16-16H16C7.16 64 0 71.16 0 80v336c0 17.67 14.33 32 32 32h464c8.84 0 16-7.16 16-16v-16c0-8.84-7.16-16-16-16zm-387.2-48h22.4c6.4 0 12.8-6.4 12.8-12.8v-70.4c0-6.4-6.4-12.8-12.8-12.8h-22.4c-6.4 0-12.8 6.4-12.8 12.8v70.4c0 6.4 6.4 12.8 12.8 12.8z\" class=\"\"><\/path><\/svg><\/i> <img loading=\"lazy\" decoding=\"async\" width=\"16\" height=\"16\" alt=\"Loading\" src=\"https:\/\/www.raccontinellarete.it\/301\/wp-content\/plugins\/page-views-count\/ajax-loader-2x.gif\" border=0 \/><\/p><div class=\"pvc_clear\"><\/div>","protected":false},"excerpt":{"rendered":"<p>\u201cAmae \u00e8 una emozione giapponese, non c\u2019\u00e8 un equivalente nella nostra lingua. Significa affidarsi a un altro, abbandonarsi nelle sue braccia per un po\u2019, cessare di controllare il territorio.\u201d &#8220;Amae \u00e8 provare o desiderare?&#8220; Caro Flavio, ho ricopiato questo brano per darmi il coraggio di scriverti una lettera che forse non ti spedir\u00f2, ma che [&hellip;]<\/p>\n<div class=\"pvc_clear\"><\/div>\n<p id=\"pvc_stats_47980\" class=\"pvc_stats all  \" data-element-id=\"47980\" style=\"\"><i class=\"pvc-stats-icon medium\" aria-hidden=\"true\"><svg aria-hidden=\"true\" focusable=\"false\" data-prefix=\"far\" data-icon=\"chart-bar\" role=\"img\" xmlns=\"http:\/\/www.w3.org\/2000\/svg\" viewBox=\"0 0 512 512\" class=\"svg-inline--fa fa-chart-bar fa-w-16 fa-2x\"><path fill=\"currentColor\" d=\"M396.8 352h22.4c6.4 0 12.8-6.4 12.8-12.8V108.8c0-6.4-6.4-12.8-12.8-12.8h-22.4c-6.4 0-12.8 6.4-12.8 12.8v230.4c0 6.4 6.4 12.8 12.8 12.8zm-192 0h22.4c6.4 0 12.8-6.4 12.8-12.8V140.8c0-6.4-6.4-12.8-12.8-12.8h-22.4c-6.4 0-12.8 6.4-12.8 12.8v198.4c0 6.4 6.4 12.8 12.8 12.8zm96 0h22.4c6.4 0 12.8-6.4 12.8-12.8V204.8c0-6.4-6.4-12.8-12.8-12.8h-22.4c-6.4 0-12.8 6.4-12.8 12.8v134.4c0 6.4 6.4 12.8 12.8 12.8zM496 400H48V80c0-8.84-7.16-16-16-16H16C7.16 64 0 71.16 0 80v336c0 17.67 14.33 32 32 32h464c8.84 0 16-7.16 16-16v-16c0-8.84-7.16-16-16-16zm-387.2-48h22.4c6.4 0 12.8-6.4 12.8-12.8v-70.4c0-6.4-6.4-12.8-12.8-12.8h-22.4c-6.4 0-12.8 6.4-12.8 12.8v70.4c0 6.4 6.4 12.8 12.8 12.8z\" class=\"\"><\/path><\/svg><\/i> <img loading=\"lazy\" decoding=\"async\" width=\"16\" height=\"16\" alt=\"Loading\" src=\"https:\/\/www.raccontinellarete.it\/301\/wp-content\/plugins\/page-views-count\/ajax-loader-2x.gif\" border=0 \/><\/p>\n<div class=\"pvc_clear\"><\/div>\n","protected":false},"author":21360,"featured_media":0,"comment_status":"open","ping_status":"closed","sticky":false,"template":"","format":"standard","meta":{"footnotes":""},"categories":[597],"tags":[],"class_list":["post-47980","post","type-post","status-publish","format-standard","hentry","category-premio-racconti-nella-rete-2022"],"_links":{"self":[{"href":"https:\/\/www.raccontinellarete.it\/index.php?rest_route=\/wp\/v2\/posts\/47980"}],"collection":[{"href":"https:\/\/www.raccontinellarete.it\/index.php?rest_route=\/wp\/v2\/posts"}],"about":[{"href":"https:\/\/www.raccontinellarete.it\/index.php?rest_route=\/wp\/v2\/types\/post"}],"author":[{"embeddable":true,"href":"https:\/\/www.raccontinellarete.it\/index.php?rest_route=\/wp\/v2\/users\/21360"}],"replies":[{"embeddable":true,"href":"https:\/\/www.raccontinellarete.it\/index.php?rest_route=%2Fwp%2Fv2%2Fcomments&post=47980"}],"version-history":[{"count":3,"href":"https:\/\/www.raccontinellarete.it\/index.php?rest_route=\/wp\/v2\/posts\/47980\/revisions"}],"predecessor-version":[{"id":47984,"href":"https:\/\/www.raccontinellarete.it\/index.php?rest_route=\/wp\/v2\/posts\/47980\/revisions\/47984"}],"wp:attachment":[{"href":"https:\/\/www.raccontinellarete.it\/index.php?rest_route=%2Fwp%2Fv2%2Fmedia&parent=47980"}],"wp:term":[{"taxonomy":"category","embeddable":true,"href":"https:\/\/www.raccontinellarete.it\/index.php?rest_route=%2Fwp%2Fv2%2Fcategories&post=47980"},{"taxonomy":"post_tag","embeddable":true,"href":"https:\/\/www.raccontinellarete.it\/index.php?rest_route=%2Fwp%2Fv2%2Ftags&post=47980"}],"curies":[{"name":"wp","href":"https:\/\/api.w.org\/{rel}","templated":true}]}}