{"id":47922,"date":"2022-01-30T19:49:05","date_gmt":"2022-01-30T18:49:05","guid":{"rendered":"http:\/\/www.raccontinellarete.it\/?p=47922"},"modified":"2022-01-30T19:49:06","modified_gmt":"2022-01-30T18:49:06","slug":"premio-racconti-nella-rete-2022-lapo-o-la-quercia-di-pinocchio-di-stefano-facciolo-sezione-racconti-per-bambini","status":"publish","type":"post","link":"https:\/\/www.raccontinellarete.it\/?p=47922","title":{"rendered":"Premio Racconti nella Rete 2022 &#8220;Lapo o la quercia di Pinocchio&#8221; di Stefano Facciolo (sezione racconti per bambini)"},"content":{"rendered":"\n<p>Fu nell\u2019anno del signore 1430, che Lapo realizz\u00f2 il suo sogno: divenne l\u2019arbusto di una quercia.<\/p>\n\n\n\n<p>Suo padre e sua madre, contadini che vivevano in una capanna nella campagna toscana in provincia di Lucca, lo misero al mondo dieci anni prima, e gli dettero il nome di Lapo. Appena partorito, i suoi genitori si accorsero subito che non era un bambino robusto, anzi tutt\u2019altro: Lapo ero di poco pi\u00f9 grande di una lepre. Pensarono che sarebbe morto di li a pochi giorni. Si affrettarono a farlo battezzare da un frate che pass\u00f2 a chiedere questua nella loro povera abitazione, in cambio di quelle poche noci e qualche uovo che gli dettero.<\/p>\n\n\n\n<p>Lapo non mor\u00ec, ma continuava a crescere poco, mangiava quasi niente e non parlava. Era molto ammirato dalla natura che lo circondava: sia gli animali che le piante rapivano la sua attenzione quotidiana. A causa della sua gracilit\u00e0 non poteva essere impiegato nel lavoro dei campi, e quindi il padre che lo vedeva come un mangiapane a tradimento, sempre intento a star seduto nullafacente, lo cacci\u00f2 di casa.<\/p>\n\n\n\n<p>Lapo si ritir\u00f2 nel bosco limitrofo, e l\u00ec, mentre cresceva sempre pi\u00f9 magro e stortignaccolo nutrendosi di erbe e radici, fu colpito dalla bellezza e dalla mestosit\u00e0 degli alberi. Volle capire come facessero quegli esseri maestosi che pure erano fermi e ben piantati a terra, ad essere sempre in quelle condizioni di rigogliosit\u00e0 e forza. E scopr\u00ec le loro radici. Scavando il terreno, soprattutto di piantine piccole, vide che avevano alla loro base questa peluria che se rimaneva nel terreno le faceva crescere, altrimenti si seccavano e morivano.<\/p>\n\n\n\n<p>E fu cos\u00ec, che gli venne l\u2019idea: fece una buca e ci mise i suoi piedi dentro.<\/p>\n\n\n\n<p>\u201cAnche io diverr\u00f2 forte, alto e robusto come uno di questi alberi\u201d pens\u00f2 dopo aver coperto ben bene i suoi piedini nella buca. E si addorment\u00f2.<\/p>\n\n\n\n<p><\/p>\n\n\n\n<p>Oggi, lungo una strada che da Pescia conduce a Capannori, in provincia di Lucca, vive una delle pi\u00f9 spettacolari querce d\u2019Europa, un\u2019enorme roverella. Il possente albero, a seguito di studi sulla sua datazione, sembra che viva da 600 anni. I suoi rami si estendono per 40 metri e cadono pesanti verso il basso.<\/p>\n\n\n\n<p>Carlo Collodi, che sembra abbia passato le sue vacanze di bambino in questo luogo, rimase cos\u00ec colpito dalla maestosit\u00e0 di questa quercia, che volle inserirla nel suo capolavoro \u201cPinocchio\u201d; da questa quercia arriva il ciocco da cui viene costruito il burattino. E\u2019 sotto questa quercia che Pinocchio incontra il Gatto e la Volpe e dove poi viene impiccato ai suoi rami.<\/p>\n\n\n\n<p>Le persone del posto la chiamano Lapo per la sua capacit\u00e0 di protegge chi vi si ripara; per i visitatori \u00e8 \u201cla quercia di Pinocchio\u201d.<\/p>\n<div class=\"pvc_clear\"><\/div><p id=\"pvc_stats_47922\" class=\"pvc_stats all  \" data-element-id=\"47922\" style=\"\"><i class=\"pvc-stats-icon medium\" aria-hidden=\"true\"><svg aria-hidden=\"true\" focusable=\"false\" data-prefix=\"far\" data-icon=\"chart-bar\" role=\"img\" xmlns=\"http:\/\/www.w3.org\/2000\/svg\" viewBox=\"0 0 512 512\" class=\"svg-inline--fa fa-chart-bar fa-w-16 fa-2x\"><path fill=\"currentColor\" d=\"M396.8 352h22.4c6.4 0 12.8-6.4 12.8-12.8V108.8c0-6.4-6.4-12.8-12.8-12.8h-22.4c-6.4 0-12.8 6.4-12.8 12.8v230.4c0 6.4 6.4 12.8 12.8 12.8zm-192 0h22.4c6.4 0 12.8-6.4 12.8-12.8V140.8c0-6.4-6.4-12.8-12.8-12.8h-22.4c-6.4 0-12.8 6.4-12.8 12.8v198.4c0 6.4 6.4 12.8 12.8 12.8zm96 0h22.4c6.4 0 12.8-6.4 12.8-12.8V204.8c0-6.4-6.4-12.8-12.8-12.8h-22.4c-6.4 0-12.8 6.4-12.8 12.8v134.4c0 6.4 6.4 12.8 12.8 12.8zM496 400H48V80c0-8.84-7.16-16-16-16H16C7.16 64 0 71.16 0 80v336c0 17.67 14.33 32 32 32h464c8.84 0 16-7.16 16-16v-16c0-8.84-7.16-16-16-16zm-387.2-48h22.4c6.4 0 12.8-6.4 12.8-12.8v-70.4c0-6.4-6.4-12.8-12.8-12.8h-22.4c-6.4 0-12.8 6.4-12.8 12.8v70.4c0 6.4 6.4 12.8 12.8 12.8z\" class=\"\"><\/path><\/svg><\/i> <img loading=\"lazy\" decoding=\"async\" width=\"16\" height=\"16\" alt=\"Loading\" src=\"https:\/\/www.raccontinellarete.it\/301\/wp-content\/plugins\/page-views-count\/ajax-loader-2x.gif\" border=0 \/><\/p><div class=\"pvc_clear\"><\/div>","protected":false},"excerpt":{"rendered":"<p>Fu nell\u2019anno del signore 1430, che Lapo realizz\u00f2 il suo sogno: divenne l\u2019arbusto di una quercia. Suo padre e sua madre, contadini che vivevano in una capanna nella campagna toscana in provincia di Lucca, lo misero al mondo dieci anni prima, e gli dettero il nome di Lapo. Appena partorito, i suoi genitori si accorsero [&hellip;]<\/p>\n<div class=\"pvc_clear\"><\/div>\n<p id=\"pvc_stats_47922\" class=\"pvc_stats all  \" data-element-id=\"47922\" style=\"\"><i class=\"pvc-stats-icon medium\" aria-hidden=\"true\"><svg aria-hidden=\"true\" focusable=\"false\" data-prefix=\"far\" data-icon=\"chart-bar\" role=\"img\" xmlns=\"http:\/\/www.w3.org\/2000\/svg\" viewBox=\"0 0 512 512\" class=\"svg-inline--fa fa-chart-bar fa-w-16 fa-2x\"><path fill=\"currentColor\" d=\"M396.8 352h22.4c6.4 0 12.8-6.4 12.8-12.8V108.8c0-6.4-6.4-12.8-12.8-12.8h-22.4c-6.4 0-12.8 6.4-12.8 12.8v230.4c0 6.4 6.4 12.8 12.8 12.8zm-192 0h22.4c6.4 0 12.8-6.4 12.8-12.8V140.8c0-6.4-6.4-12.8-12.8-12.8h-22.4c-6.4 0-12.8 6.4-12.8 12.8v198.4c0 6.4 6.4 12.8 12.8 12.8zm96 0h22.4c6.4 0 12.8-6.4 12.8-12.8V204.8c0-6.4-6.4-12.8-12.8-12.8h-22.4c-6.4 0-12.8 6.4-12.8 12.8v134.4c0 6.4 6.4 12.8 12.8 12.8zM496 400H48V80c0-8.84-7.16-16-16-16H16C7.16 64 0 71.16 0 80v336c0 17.67 14.33 32 32 32h464c8.84 0 16-7.16 16-16v-16c0-8.84-7.16-16-16-16zm-387.2-48h22.4c6.4 0 12.8-6.4 12.8-12.8v-70.4c0-6.4-6.4-12.8-12.8-12.8h-22.4c-6.4 0-12.8 6.4-12.8 12.8v70.4c0 6.4 6.4 12.8 12.8 12.8z\" class=\"\"><\/path><\/svg><\/i> <img loading=\"lazy\" decoding=\"async\" width=\"16\" height=\"16\" alt=\"Loading\" src=\"https:\/\/www.raccontinellarete.it\/301\/wp-content\/plugins\/page-views-count\/ajax-loader-2x.gif\" border=0 \/><\/p>\n<div class=\"pvc_clear\"><\/div>\n","protected":false},"author":22223,"featured_media":0,"comment_status":"open","ping_status":"closed","sticky":false,"template":"","format":"standard","meta":{"footnotes":""},"categories":[597],"tags":[],"class_list":["post-47922","post","type-post","status-publish","format-standard","hentry","category-premio-racconti-nella-rete-2022"],"_links":{"self":[{"href":"https:\/\/www.raccontinellarete.it\/index.php?rest_route=\/wp\/v2\/posts\/47922"}],"collection":[{"href":"https:\/\/www.raccontinellarete.it\/index.php?rest_route=\/wp\/v2\/posts"}],"about":[{"href":"https:\/\/www.raccontinellarete.it\/index.php?rest_route=\/wp\/v2\/types\/post"}],"author":[{"embeddable":true,"href":"https:\/\/www.raccontinellarete.it\/index.php?rest_route=\/wp\/v2\/users\/22223"}],"replies":[{"embeddable":true,"href":"https:\/\/www.raccontinellarete.it\/index.php?rest_route=%2Fwp%2Fv2%2Fcomments&post=47922"}],"version-history":[{"count":2,"href":"https:\/\/www.raccontinellarete.it\/index.php?rest_route=\/wp\/v2\/posts\/47922\/revisions"}],"predecessor-version":[{"id":47930,"href":"https:\/\/www.raccontinellarete.it\/index.php?rest_route=\/wp\/v2\/posts\/47922\/revisions\/47930"}],"wp:attachment":[{"href":"https:\/\/www.raccontinellarete.it\/index.php?rest_route=%2Fwp%2Fv2%2Fmedia&parent=47922"}],"wp:term":[{"taxonomy":"category","embeddable":true,"href":"https:\/\/www.raccontinellarete.it\/index.php?rest_route=%2Fwp%2Fv2%2Fcategories&post=47922"},{"taxonomy":"post_tag","embeddable":true,"href":"https:\/\/www.raccontinellarete.it\/index.php?rest_route=%2Fwp%2Fv2%2Ftags&post=47922"}],"curies":[{"name":"wp","href":"https:\/\/api.w.org\/{rel}","templated":true}]}}