{"id":47113,"date":"2021-10-11T19:26:27","date_gmt":"2021-10-11T18:26:27","guid":{"rendered":"http:\/\/www.raccontinellarete.it\/?p=47113"},"modified":"2021-10-11T19:26:28","modified_gmt":"2021-10-11T18:26:28","slug":"premio-racconti-nella-rete-2022-apnea-di-marco-lombardi","status":"publish","type":"post","link":"https:\/\/www.raccontinellarete.it\/?p=47113","title":{"rendered":"Premio Racconti nella Rete 2022 &#8220;Apnea&#8221; di Marco Lombardi"},"content":{"rendered":"\n<p>La mia carriera sportiva non si pu\u00f2 certo definire gloriosa. Fin da bambino ho giocato a calcio nella squadra della mia scuola ricoprendo tutti i ruoli, da portiere ad attaccante passando per i vari punti intermedi. All\u2019inizio pensavo che ci\u00f2 fosse dovuto alla mie estrema duttilit\u00e0 ma ben presto ho capito che la causa era la mia totale incapacit\u00e0. Col passaggio alle scuole superiori ho anche dato l\u2019addio al calcio col rimpianto di nessuno.&nbsp;<\/p>\n\n\n\n<p>Sono rimasto un tifoso piuttosto blando di calcio ma una delle pi\u00f9 grandi emozioni sportive mi \u00e8 stata regalata da una disciplina da me distante e da un campione entrato nella leggenda, Jury Chechi.<\/p>\n\n\n\n<p>Non voglio affrontare la sua carriera perch\u00e9 non sarei all\u2019altezza dei grandi giornalisti che lo hanno gi\u00e0 fatto, bens\u00ec un episodio specifico e che episodio: la vittoria dell\u2019oro olimpico ad Atlanta 1996. Lo far\u00f2 parlandovi dell\u2019emozioni da me provate in quell&#8217;occasione.<\/p>\n\n\n\n<p>Premetto che Jury ed io siamo concittadini e con questo le analogie ed i punti in comune terminano brutalmente (per me). Della ginnastica artistica non conoscevo veramente niente e come me tantissime altre persone ma il ragazzo dai capelli rossi l\u2019aveva fatta irrompere nelle nostre vite con una lunghissima serie di successi. Ovviamente erano nati esperti di fama internazionale e ginnasti provetti dalla notte alla mattina, io no, umilmente mi cullavo nel tepore rassicurante della mia ignoranza. D\u2019altronde avevo sedici anni e a quell\u2019et\u00e0&nbsp; pensavo ad altro, \u2019truccare\u2019 il motorino e ovviamente le ragazze. A parte episodi sporadici quest\u2019ultime rimanevano dei pensieri cos\u00ec potevo dedicarmi anima e corpo a cilindri, marmitte ecc.<\/p>\n\n\n\n<p>Fu proprio un pomeriggio di estate da sedicenne che avvenne l\u2019Evento. Nel mio quartiere, piuttosto popoloso, eravamo tantissimi ragazzi che fin dalla tenera et\u00e0 si affrontavano in epiche partite ai giardini sottostanti casa mia e che terminavano con le urla intimidatorie dei genitori per farci rincasare per i pasti. Crescendo erano diminuite le partite, riservate ormai alle nuove generazioni (quanta malinconia eh?) e noi ci dedicavamo adata fuori casa, era impossibile tenerci nelle mura domestiche. Pasti veloci e via di nuovo per ritrovarsi ed organizzare qualche riunione o meeting sui problemi dell\u2019umanit\u00e0 e su come risolverli. Credo abbiate colto l\u2019ironia di quest\u2019ultima affermazione, in realt\u00e0 stavamo fuori con l\u2019unico scopo di stare fuori il pi\u00f9 possibile. Fu cos\u00ec anche quel giorno, con una piccola variazione per\u00f2. Avevamo assegnato ai genitori il compito di avvertirci pochi minuti prima che iniziasse la prova del nostro concittadino in modo da poter rientrare e gustarcelo anche noi. Questa prassi era in uso solo per le partite della nazionale agli europei e ai mondiali. Quella fu l\u2019 eccezione per la ginnastica, gli anelli e per il loro signore.<\/p>\n\n\n\n<p>Era montata un\u2019attesa spasmodica perch\u00e9 comunque Jury era il pi\u00f9 accreditato alla vittoria dell\u2019oro data la sua palese superiorit\u00e0 rispetto agli altri atleti ma la sfiga poteva essere sempre in agguato. D\u2019altronde erano passati solo due anni dai mondiali di calcio in USA dei quali per\u00f2 non ricordo molto, anzi niente, si sono mai tenuti mondiali di calcio in USA? <\/p>\n\n\n\n<p>Tornando a noi, al primo richiamo rientrammo scegliendo come teatro il salotto di casa del mio amico Davide Fortino col quale dividevo la maggior parte del tempo. Non so perch\u00e9 ma facemmo cos\u00ec, abitava al piano superiore al mio. Quando entrammo nella stanza tutta la sua famiglia era gi\u00e0 schierata al gran completo davanti alla tv a confermare, ce ne fosse ancora bisogno,&nbsp; dell\u2019importanza dell\u2019evento. Salutammo e Fortino, perch\u00e9 ovviamente ci chiamavamo per cognome, si sedette sul divano, io no, rimasi in piedi in fondo al salotto. <\/p>\n\n\n\n<p>Dopo pochi istanti apparve Jury che venne aiutato dal suo allenatore ad afferrare gli anelli. Da quel momento ricordo che piomb\u00f2 su di noi un silenzio irreale, anche il giornalista non emise pi\u00f9 un suono, io mi focalizzai sul televisore e tutto il resto scomparve. Inizi\u00f2 con i vari movimenti e pur non conoscendo le regole si capiva che l\u2019 armonia e la precisione si stessero manifestando al massimo del loro livello immaginabile. Lo sguardo di Jury sembrava quello di chi sta bevendo un caff\u00e8 al bar, facendo pensare che tutto ci\u00f2 fosse di una semplicit\u00e0 imbarazzante, alla portata di chiunque. I suoi muscoli per\u00f2 no, smentivano ogni possibile illazione e chiarivano la grandezza di ci\u00f2 che stava accadendo in quel momento. L\u2019esecuzione appariva perfetta anche a occhi inesperti come i miei. Una sola cosa sapevo, che l\u2019esercizio si sarebbe dovuto concludere con un salto ed un atterraggio a piedi uniti, senza sbavature. Varie volte si erano viste perdite di equilibrio, piccoli passettini che avevano pregiudicato tutta l\u2019esecuzione. Quando arriv\u00f2 quel momento, sembr\u00f2 un\u2019eternit\u00e0 rispetto all\u2019 era geologica che era trascorsa durante l\u2019esercizio stesso.&nbsp; Il signore degli anelli dopo un\u2019esecuzione magistrale ed un volo maestoso atterr\u00f2 immobile come il Cristo di Rio de Janeiro con le braccia larghe, che a breve inizi\u00f2 ad agitare e sollevare in segno di vittoria, una vittoria schiacciante e troppo evidente per chiunque, anche prima dell\u2019annuncio dei voti dei giudici.&nbsp;<\/p>\n\n\n\n<p>L\u2019apoteosi conclusiva permise al giornalista di riacquisire l\u2019uso della voce per osannare il campione, ad una popolazione di festeggiarlo e, a me di tornare finalmente a respirare gioendo insieme.&nbsp;<\/p>\n\n\n\n<p>Senza accorgermene avevo trattenuto il fiato tutto il tempo e ad oggi ancora non mi spiego come possa aver fatto, oppure, la spiegazione pu\u00f2 essere semplice se collegata all\u2019importanza e al coinvolgimento di quel momento. Grazie Jury, ti siamo grati per quell\u2019emozione e per tutte le altre che ci hai fatto vivere ma ricorda che ancora ad oggi mi devi un minuto e mezzo di aria.&nbsp;<\/p>\n\n\n\n<p><\/p>\n\n\n\n<p><\/p>\n\n\n\n<p><\/p>\n<div class=\"pvc_clear\"><\/div><p id=\"pvc_stats_47113\" class=\"pvc_stats all  \" data-element-id=\"47113\" style=\"\"><i class=\"pvc-stats-icon medium\" aria-hidden=\"true\"><svg aria-hidden=\"true\" focusable=\"false\" data-prefix=\"far\" data-icon=\"chart-bar\" role=\"img\" xmlns=\"http:\/\/www.w3.org\/2000\/svg\" viewBox=\"0 0 512 512\" class=\"svg-inline--fa fa-chart-bar fa-w-16 fa-2x\"><path fill=\"currentColor\" d=\"M396.8 352h22.4c6.4 0 12.8-6.4 12.8-12.8V108.8c0-6.4-6.4-12.8-12.8-12.8h-22.4c-6.4 0-12.8 6.4-12.8 12.8v230.4c0 6.4 6.4 12.8 12.8 12.8zm-192 0h22.4c6.4 0 12.8-6.4 12.8-12.8V140.8c0-6.4-6.4-12.8-12.8-12.8h-22.4c-6.4 0-12.8 6.4-12.8 12.8v198.4c0 6.4 6.4 12.8 12.8 12.8zm96 0h22.4c6.4 0 12.8-6.4 12.8-12.8V204.8c0-6.4-6.4-12.8-12.8-12.8h-22.4c-6.4 0-12.8 6.4-12.8 12.8v134.4c0 6.4 6.4 12.8 12.8 12.8zM496 400H48V80c0-8.84-7.16-16-16-16H16C7.16 64 0 71.16 0 80v336c0 17.67 14.33 32 32 32h464c8.84 0 16-7.16 16-16v-16c0-8.84-7.16-16-16-16zm-387.2-48h22.4c6.4 0 12.8-6.4 12.8-12.8v-70.4c0-6.4-6.4-12.8-12.8-12.8h-22.4c-6.4 0-12.8 6.4-12.8 12.8v70.4c0 6.4 6.4 12.8 12.8 12.8z\" class=\"\"><\/path><\/svg><\/i> <img loading=\"lazy\" decoding=\"async\" width=\"16\" height=\"16\" alt=\"Loading\" src=\"https:\/\/www.raccontinellarete.it\/301\/wp-content\/plugins\/page-views-count\/ajax-loader-2x.gif\" border=0 \/><\/p><div class=\"pvc_clear\"><\/div>","protected":false},"excerpt":{"rendered":"<p>La mia carriera sportiva non si pu\u00f2 certo definire gloriosa. Fin da bambino ho giocato a calcio nella squadra della mia scuola ricoprendo tutti i ruoli, da portiere ad attaccante passando per i vari punti intermedi. All\u2019inizio pensavo che ci\u00f2 fosse dovuto alla mie estrema duttilit\u00e0 ma ben presto ho capito che la causa era [&hellip;]<\/p>\n<div class=\"pvc_clear\"><\/div>\n<p id=\"pvc_stats_47113\" class=\"pvc_stats all  \" data-element-id=\"47113\" style=\"\"><i class=\"pvc-stats-icon medium\" aria-hidden=\"true\"><svg aria-hidden=\"true\" focusable=\"false\" data-prefix=\"far\" data-icon=\"chart-bar\" role=\"img\" xmlns=\"http:\/\/www.w3.org\/2000\/svg\" viewBox=\"0 0 512 512\" class=\"svg-inline--fa fa-chart-bar fa-w-16 fa-2x\"><path fill=\"currentColor\" d=\"M396.8 352h22.4c6.4 0 12.8-6.4 12.8-12.8V108.8c0-6.4-6.4-12.8-12.8-12.8h-22.4c-6.4 0-12.8 6.4-12.8 12.8v230.4c0 6.4 6.4 12.8 12.8 12.8zm-192 0h22.4c6.4 0 12.8-6.4 12.8-12.8V140.8c0-6.4-6.4-12.8-12.8-12.8h-22.4c-6.4 0-12.8 6.4-12.8 12.8v198.4c0 6.4 6.4 12.8 12.8 12.8zm96 0h22.4c6.4 0 12.8-6.4 12.8-12.8V204.8c0-6.4-6.4-12.8-12.8-12.8h-22.4c-6.4 0-12.8 6.4-12.8 12.8v134.4c0 6.4 6.4 12.8 12.8 12.8zM496 400H48V80c0-8.84-7.16-16-16-16H16C7.16 64 0 71.16 0 80v336c0 17.67 14.33 32 32 32h464c8.84 0 16-7.16 16-16v-16c0-8.84-7.16-16-16-16zm-387.2-48h22.4c6.4 0 12.8-6.4 12.8-12.8v-70.4c0-6.4-6.4-12.8-12.8-12.8h-22.4c-6.4 0-12.8 6.4-12.8 12.8v70.4c0 6.4 6.4 12.8 12.8 12.8z\" class=\"\"><\/path><\/svg><\/i> <img loading=\"lazy\" decoding=\"async\" width=\"16\" height=\"16\" alt=\"Loading\" src=\"https:\/\/www.raccontinellarete.it\/301\/wp-content\/plugins\/page-views-count\/ajax-loader-2x.gif\" border=0 \/><\/p>\n<div class=\"pvc_clear\"><\/div>\n","protected":false},"author":21996,"featured_media":0,"comment_status":"open","ping_status":"closed","sticky":false,"template":"","format":"standard","meta":{"footnotes":""},"categories":[597],"tags":[],"class_list":["post-47113","post","type-post","status-publish","format-standard","hentry","category-premio-racconti-nella-rete-2022"],"_links":{"self":[{"href":"https:\/\/www.raccontinellarete.it\/index.php?rest_route=\/wp\/v2\/posts\/47113"}],"collection":[{"href":"https:\/\/www.raccontinellarete.it\/index.php?rest_route=\/wp\/v2\/posts"}],"about":[{"href":"https:\/\/www.raccontinellarete.it\/index.php?rest_route=\/wp\/v2\/types\/post"}],"author":[{"embeddable":true,"href":"https:\/\/www.raccontinellarete.it\/index.php?rest_route=\/wp\/v2\/users\/21996"}],"replies":[{"embeddable":true,"href":"https:\/\/www.raccontinellarete.it\/index.php?rest_route=%2Fwp%2Fv2%2Fcomments&post=47113"}],"version-history":[{"count":2,"href":"https:\/\/www.raccontinellarete.it\/index.php?rest_route=\/wp\/v2\/posts\/47113\/revisions"}],"predecessor-version":[{"id":47116,"href":"https:\/\/www.raccontinellarete.it\/index.php?rest_route=\/wp\/v2\/posts\/47113\/revisions\/47116"}],"wp:attachment":[{"href":"https:\/\/www.raccontinellarete.it\/index.php?rest_route=%2Fwp%2Fv2%2Fmedia&parent=47113"}],"wp:term":[{"taxonomy":"category","embeddable":true,"href":"https:\/\/www.raccontinellarete.it\/index.php?rest_route=%2Fwp%2Fv2%2Fcategories&post=47113"},{"taxonomy":"post_tag","embeddable":true,"href":"https:\/\/www.raccontinellarete.it\/index.php?rest_route=%2Fwp%2Fv2%2Ftags&post=47113"}],"curies":[{"name":"wp","href":"https:\/\/api.w.org\/{rel}","templated":true}]}}