{"id":47052,"date":"2021-10-01T12:16:37","date_gmt":"2021-10-01T11:16:37","guid":{"rendered":"http:\/\/www.raccontinellarete.it\/?p=47052"},"modified":"2021-10-01T12:16:38","modified_gmt":"2021-10-01T11:16:38","slug":"domenica-3-incontro-con-i-vincitori-di-racconti-nella-rete-ospite-francesco-sabatini","status":"publish","type":"post","link":"https:\/\/www.raccontinellarete.it\/?p=47052","title":{"rendered":"Domenica 3 incontro con i vincitori di Racconti nella Rete, ospite Francesco Sabatini"},"content":{"rendered":"\n<p><strong>DOMENICA 3 OTTOBRE\u00a0 Sala Conferenze &#8211; Villa Bottini<\/strong> <strong>(Lucca)\u00a0\u00a0\u00a0 <\/strong><\/p>\n\n\n\n<p><strong>ore 16,30&nbsp; Sala Conferenze Villa Bottini<\/strong><\/p>\n\n\n\n<p>Giornata conclusiva diLuccAutori.&nbsp; Viene proposto il cortometraggio vincitore della sezione Corti del premio Racconti nella Rete 2021 &#8211; \u201cCinque piccoli frammenti di Stefano\u201d di Antonio Lucarini. Prodotto da LuccAutori e Scuola di Cinema Immagina di Firenze. Regia di Giuseppe Ferlito. Saranno presenti l\u2019autore e gli attori protagonisti.<\/p>\n\n\n\n<p>A seguire presentazione dell\u2019antologia del premio letterario Racconti nella Rete 2021 a cura di Demetrio Brandi (Castelvecchi).&nbsp;&nbsp;&nbsp;Elena Marchini incontra gli scrittori&nbsp;&nbsp;TULLIO BUGARI, GIULIA MEATTINI, VANESSA POLICICCHIO RIZZOLI, SOFIA RICCI, GIULIA SORCIONI, LICIA TUMMINELLO, VALERIA VECCHIE\u2019, VALENTINA ZINZULA, ANTONIO LA SALA, GIOVANNI LAI, FRANCESCO SINDACO, CONCETTA PINTACUDA.&nbsp;&nbsp;<strong>Letture a cura di Mario Cenni, Fabio Dostuni e Antonella Lucii. Intervento musicale di Giuseppe Sanalitro.<\/strong><\/p>\n\n\n\n<p>Ore 18 Sala Conferenze Villa Bottini &#8211;&nbsp;<strong><u>Incontro con il professor FRANCESCO SABATINI<\/u>, presidente onorario dell\u2019Accademia della Crusca che interviene sul tema: &#8220;L&#8217;italiano di oggi e l&#8217;italiano di Dante&#8221; <\/strong>Partecipano all&#8217;incontro Elena Marchini ed&nbsp; il sindaco di Lucca, Alessandro Tambellini.<\/p>\n\n\n\n<p>Il professor Sabatini \u00e8 un linguista , filologo e lessicografo italiano. \u00c8 presidente onorario dell&#8217; Accademia della Crusca, di cui \u00e8 stato presidente dal 2000 al 2008, e professore emerito dell&#8217; Universit\u00e0 degli studi Roma Tre. Da diversi anni lo vediamo su Rai Uno, la domenica mattina, protagonista de \u201cIl pronto soccorso linguistico\u201d, uno dei momenti pi\u00f9 seguiti di Uno Mattina in famiglia.<\/p>\n\n\n\n<p>L&#8217;incontro si potr\u00e0 vedere anche&nbsp;in diretta streaming sulla pagina Youtube del Comune di Lucca &#8211; Live Love Lucca.<\/p>\n\n\n\n<p>Conduce Elena Marchini&nbsp;&nbsp; Direzione artistica Demetrio Brandi.<\/p>\n\n\n\n<p>&nbsp;<a href=\"https:\/\/www.raccontinellarete.it\/\">www.raccontinellarete.it<\/a>&nbsp;<\/p>\n\n\n\n<p><strong>Arrivederci al prossimo anno\u00a0 per la\u00a0 28^ edizione di LuccAutori<\/strong><\/p>\n\n\n\n<figure class=\"wp-block-image size-large\"><img loading=\"lazy\" decoding=\"async\" width=\"732\" height=\"1024\" src=\"https:\/\/www.raccontinellarete.it\/301\/wp-content\/uploads\/2021\/06\/COVER-racconti-nella-rete2021-732x1024.jpg\" alt=\"\" class=\"wp-image-46726\" srcset=\"https:\/\/www.raccontinellarete.it\/301\/wp-content\/uploads\/2021\/06\/COVER-racconti-nella-rete2021-732x1024.jpg 732w, https:\/\/www.raccontinellarete.it\/301\/wp-content\/uploads\/2021\/06\/COVER-racconti-nella-rete2021-179x250.jpg 179w, https:\/\/www.raccontinellarete.it\/301\/wp-content\/uploads\/2021\/06\/COVER-racconti-nella-rete2021-768x1075.jpg 768w, https:\/\/www.raccontinellarete.it\/301\/wp-content\/uploads\/2021\/06\/COVER-racconti-nella-rete2021-1097x1536.jpg 1097w, https:\/\/www.raccontinellarete.it\/301\/wp-content\/uploads\/2021\/06\/COVER-racconti-nella-rete2021-1463x2048.jpg 1463w, https:\/\/www.raccontinellarete.it\/301\/wp-content\/uploads\/2021\/06\/COVER-racconti-nella-rete2021.jpg 1772w\" sizes=\"(max-width: 732px) 100vw, 732px\" \/><\/figure>\n<div class=\"pvc_clear\"><\/div><p id=\"pvc_stats_47052\" class=\"pvc_stats all  \" data-element-id=\"47052\" style=\"\"><i class=\"pvc-stats-icon medium\" aria-hidden=\"true\"><svg aria-hidden=\"true\" focusable=\"false\" data-prefix=\"far\" data-icon=\"chart-bar\" role=\"img\" xmlns=\"http:\/\/www.w3.org\/2000\/svg\" viewBox=\"0 0 512 512\" class=\"svg-inline--fa fa-chart-bar fa-w-16 fa-2x\"><path fill=\"currentColor\" d=\"M396.8 352h22.4c6.4 0 12.8-6.4 12.8-12.8V108.8c0-6.4-6.4-12.8-12.8-12.8h-22.4c-6.4 0-12.8 6.4-12.8 12.8v230.4c0 6.4 6.4 12.8 12.8 12.8zm-192 0h22.4c6.4 0 12.8-6.4 12.8-12.8V140.8c0-6.4-6.4-12.8-12.8-12.8h-22.4c-6.4 0-12.8 6.4-12.8 12.8v198.4c0 6.4 6.4 12.8 12.8 12.8zm96 0h22.4c6.4 0 12.8-6.4 12.8-12.8V204.8c0-6.4-6.4-12.8-12.8-12.8h-22.4c-6.4 0-12.8 6.4-12.8 12.8v134.4c0 6.4 6.4 12.8 12.8 12.8zM496 400H48V80c0-8.84-7.16-16-16-16H16C7.16 64 0 71.16 0 80v336c0 17.67 14.33 32 32 32h464c8.84 0 16-7.16 16-16v-16c0-8.84-7.16-16-16-16zm-387.2-48h22.4c6.4 0 12.8-6.4 12.8-12.8v-70.4c0-6.4-6.4-12.8-12.8-12.8h-22.4c-6.4 0-12.8 6.4-12.8 12.8v70.4c0 6.4 6.4 12.8 12.8 12.8z\" class=\"\"><\/path><\/svg><\/i> <img loading=\"lazy\" decoding=\"async\" width=\"16\" height=\"16\" alt=\"Loading\" src=\"https:\/\/www.raccontinellarete.it\/301\/wp-content\/plugins\/page-views-count\/ajax-loader-2x.gif\" border=0 \/><\/p><div class=\"pvc_clear\"><\/div>","protected":false},"excerpt":{"rendered":"<p>DOMENICA 3 OTTOBRE\u00a0 Sala Conferenze &#8211; Villa Bottini (Lucca)\u00a0\u00a0\u00a0 ore 16,30&nbsp; Sala Conferenze Villa Bottini Giornata conclusiva diLuccAutori.&nbsp; Viene proposto il cortometraggio vincitore della sezione Corti del premio Racconti nella Rete 2021 &#8211; \u201cCinque piccoli frammenti di Stefano\u201d di Antonio Lucarini. Prodotto da LuccAutori e Scuola di Cinema Immagina di Firenze. Regia di Giuseppe Ferlito. [&hellip;]<\/p>\n<div class=\"pvc_clear\"><\/div>\n<p id=\"pvc_stats_47052\" class=\"pvc_stats all  \" data-element-id=\"47052\" style=\"\"><i class=\"pvc-stats-icon medium\" aria-hidden=\"true\"><svg aria-hidden=\"true\" focusable=\"false\" data-prefix=\"far\" data-icon=\"chart-bar\" role=\"img\" xmlns=\"http:\/\/www.w3.org\/2000\/svg\" viewBox=\"0 0 512 512\" class=\"svg-inline--fa fa-chart-bar fa-w-16 fa-2x\"><path fill=\"currentColor\" d=\"M396.8 352h22.4c6.4 0 12.8-6.4 12.8-12.8V108.8c0-6.4-6.4-12.8-12.8-12.8h-22.4c-6.4 0-12.8 6.4-12.8 12.8v230.4c0 6.4 6.4 12.8 12.8 12.8zm-192 0h22.4c6.4 0 12.8-6.4 12.8-12.8V140.8c0-6.4-6.4-12.8-12.8-12.8h-22.4c-6.4 0-12.8 6.4-12.8 12.8v198.4c0 6.4 6.4 12.8 12.8 12.8zm96 0h22.4c6.4 0 12.8-6.4 12.8-12.8V204.8c0-6.4-6.4-12.8-12.8-12.8h-22.4c-6.4 0-12.8 6.4-12.8 12.8v134.4c0 6.4 6.4 12.8 12.8 12.8zM496 400H48V80c0-8.84-7.16-16-16-16H16C7.16 64 0 71.16 0 80v336c0 17.67 14.33 32 32 32h464c8.84 0 16-7.16 16-16v-16c0-8.84-7.16-16-16-16zm-387.2-48h22.4c6.4 0 12.8-6.4 12.8-12.8v-70.4c0-6.4-6.4-12.8-12.8-12.8h-22.4c-6.4 0-12.8 6.4-12.8 12.8v70.4c0 6.4 6.4 12.8 12.8 12.8z\" class=\"\"><\/path><\/svg><\/i> <img loading=\"lazy\" decoding=\"async\" width=\"16\" height=\"16\" alt=\"Loading\" src=\"https:\/\/www.raccontinellarete.it\/301\/wp-content\/plugins\/page-views-count\/ajax-loader-2x.gif\" border=0 \/><\/p>\n<div class=\"pvc_clear\"><\/div>\n","protected":false},"author":3,"featured_media":47053,"comment_status":"open","ping_status":"closed","sticky":false,"template":"","format":"standard","meta":{"footnotes":""},"categories":[87,547,543,5],"tags":[],"class_list":["post-47052","post","type-post","status-publish","format-standard","has-post-thumbnail","hentry","category-comunicato-stampa","category-f-o-r-u-m","category-forum-di-racconti-nella-rete","category-racconti-nella-rete"],"_links":{"self":[{"href":"https:\/\/www.raccontinellarete.it\/index.php?rest_route=\/wp\/v2\/posts\/47052"}],"collection":[{"href":"https:\/\/www.raccontinellarete.it\/index.php?rest_route=\/wp\/v2\/posts"}],"about":[{"href":"https:\/\/www.raccontinellarete.it\/index.php?rest_route=\/wp\/v2\/types\/post"}],"author":[{"embeddable":true,"href":"https:\/\/www.raccontinellarete.it\/index.php?rest_route=\/wp\/v2\/users\/3"}],"replies":[{"embeddable":true,"href":"https:\/\/www.raccontinellarete.it\/index.php?rest_route=%2Fwp%2Fv2%2Fcomments&post=47052"}],"version-history":[{"count":1,"href":"https:\/\/www.raccontinellarete.it\/index.php?rest_route=\/wp\/v2\/posts\/47052\/revisions"}],"predecessor-version":[{"id":47054,"href":"https:\/\/www.raccontinellarete.it\/index.php?rest_route=\/wp\/v2\/posts\/47052\/revisions\/47054"}],"wp:featuredmedia":[{"embeddable":true,"href":"https:\/\/www.raccontinellarete.it\/index.php?rest_route=\/wp\/v2\/media\/47053"}],"wp:attachment":[{"href":"https:\/\/www.raccontinellarete.it\/index.php?rest_route=%2Fwp%2Fv2%2Fmedia&parent=47052"}],"wp:term":[{"taxonomy":"category","embeddable":true,"href":"https:\/\/www.raccontinellarete.it\/index.php?rest_route=%2Fwp%2Fv2%2Fcategories&post=47052"},{"taxonomy":"post_tag","embeddable":true,"href":"https:\/\/www.raccontinellarete.it\/index.php?rest_route=%2Fwp%2Fv2%2Ftags&post=47052"}],"curies":[{"name":"wp","href":"https:\/\/api.w.org\/{rel}","templated":true}]}}