{"id":47042,"date":"2021-09-29T17:31:46","date_gmt":"2021-09-29T16:31:46","guid":{"rendered":"http:\/\/www.raccontinellarete.it\/?p=47042"},"modified":"2021-09-29T17:33:51","modified_gmt":"2021-09-29T16:33:51","slug":"giovedi-30-settembre-giulio-ferroni-divier-nelli-e-nel-pomeriggio-giobbe-covatta-e-paola-catella","status":"publish","type":"post","link":"https:\/\/www.raccontinellarete.it\/?p=47042","title":{"rendered":"Gioved\u00ec 30 settembre GIULIO FERRONI, DIVIER NELLI, GIOBBE COVATTA, PAOLA CATELLA"},"content":{"rendered":"\n<p><strong>VILLA BOTTINI\u00a0 &#8211;\u00a0\u00a0\u00a0ore 10 sala conferenze Villa Bottini\u00a0<\/strong><\/p>\n\n\n\n<p>\u201c<strong>Occasioni Tobiniane\u201d&nbsp; incontro organizzato da LuccAutori&nbsp; e Fondazione Mario Tobino. Interviene Isabella Tobino, presidente della Fondazione Mario Tobino.&nbsp;&nbsp;<\/strong><strong>Giulio Ferroni<\/strong> presenta&nbsp; &#8220;L&#8217; Italia di Dante. Viaggio nel Paese della \u00abCommedia&#8221; (La Nave di Teseo).&nbsp; Con questa pubblicazione&nbsp;Ferroni&nbsp;ha vinto il premio Viareggio R\u00e8paci 2020 per la Saggistica.&nbsp;&nbsp; Seguendo la traccia della&nbsp;<em>Divina Commedia<\/em>, e quasi ripetendone il percorso, Giulio Ferroni compie un vero e proprio viaggio all\u2019interno della letteratura e della storia italiane: una mappa del nostro paese illuminata dai luoghi che Dante racconta in poesia. L\u2019incontro con tanta bellezza, palese o nascosta, nelle citt\u00e0 come in provincia, e insieme con tanti segni della violenza del passato e dei guasti del presente, \u00e8 un modo per rileggere la parola di Dante in dialogo con l\u2019attualit\u00e0, ma anche per ritrovare in questi luoghi una ricchezza, storica e letteraria, che spesso fatichiamo a riconoscere anche l\u00e0 dove ci troviamo a vivere. Da nord a sud, dalla cerchia alpina alla punta estrema della Sicilia, da Firenze al Monferrato, da Montaperti a Verona, da Siena a Roma, Ravenna, Brindisi, si seguono con Dante i diversi volti di questo paese \u201cdove \u2019l s\u00ec suona\u201d, \u201cserva Italia\u201d, \u201cbel paese\u201d, \u201cgiardin dell\u2019impero\u201d: un percorso attraverso la storia, l\u2019arte, la cultura, con quanto di essa luminosamente resiste e con ci\u00f2 che la consuma e la insidia; ma anche un viaggio che riesce a restituirci, pur tra le fuggevoli immagini di uno smarrito presente, la profondit\u00e0 sempre nuova della nostra memoria.&nbsp; &nbsp;Interviene <strong>Divier Nelli<\/strong>, autore di &#8220;Posso cambiarti la vita&#8221; (Vallecchi). <em>\u00abFaccio una cosa per te, tu una per me\u00bb<\/em>: con questo libro Divier Nelli racconta le estreme e meno scontate conseguenze del bullismo.&nbsp;Dopo la morte della madre, Perla vive con l&#8217;anziana nonna a Poggio in Chianti e frequenta la seconda classe al liceo tecnologico Margherita Hack di Firenze. \u00c8 una ragazzina bassa, obesa, brava a scuola, e per questo oggetto del bullismo spietato dei compagni. Perla \u00e8 docile, subisce in silenzio, sa che \u00e8 inutile opporsi al branco da sola. Col passare del tempo la situazione precipita, le offese sui social si moltiplicano, alcuni video diventano virali. Lei sfoga rabbia e frustrazioni abbuffandosi e chiudendosi in se stessa. Finch\u00e9 un giorno risponder\u00e0 a un messaggio restando coinvolta in qualcosa troppo pi\u00f9 grande di lei che le trasformer\u00e0 per sempre la vita.Nell&#8217;occasione si parler\u00e0 del libro di <strong>Mario Tobino&nbsp; &#8220;Biondo era e bello&#8221; (Mondadori) .&nbsp;<\/strong>Tobino ha voluto riferire l&#8217;esperienza di un amore che non \u00e8 stato solamente letterario. Ha lasciato passare sulla pagina, con una schiettezza estrema, ci\u00f2 che di Dante lo ha pi\u00f9 riguardato, toccato e messo in discussione. Il ritratto che ne \u00e8 uscito \u00e8 fedele e inedito allo stesso tempo perch\u00e9 restituisce Dante e Tobino insieme. Proprio come la poesia, che riporta indissolubilmente legate verit\u00e0 e immagine.<\/p>\n\n\n\n<p><strong>PALAZZO BERNARDINI &#8211; ore 18.30,&nbsp; sala conferenze,&nbsp; incontro organizzato da&nbsp;LuccAutori e Rotary Club Lucca.&nbsp;<\/strong>&nbsp;Conduce Elena Marchini&nbsp; con Carlo Lazzarini, presidente del Rotary Club Lucca, e Demetrio Brandi, presidente di LuccAutori .&nbsp; &nbsp;Ospiti della serata&nbsp; &nbsp;<strong>GIOBBE COVATTA E PAOLA CATELLA.&nbsp; Presentano il loro libro dal titolo DONNA SAPIENS (Giunti).&nbsp;<\/strong>&nbsp;Esistono esseri umani che possano dirsi superiori ad altri? Preparatevi: queste pagine ci rivelano che la risposta \u00e8 s\u00ec! Non \u00e8 questione di paese di nascita, cultura, religione, colore della pelle o conformazione fisica. La risposta \u00e8 pi\u00f9 semplice e inappellabile: in natura l\u2019essere superiore \u00e8 la femmina. Per dimostrare questa tesi gli autori hanno raccolto i pareri di esperti mondiali in ogni campo: dall\u2019antropologo studioso di smartphone fossili al sociologo esperto di favole in cui la bella \u00e8 sempre addormentata e il bullo sempre arrapato fino a Dio in persona, che si esprime tramiteil suo profilo Instagram\u2026 Paola Catella e Giobbe Covatta scrivono un racconto surreale, intelligente, esilarante: perch\u00e9 per cambiare il mondo non c\u2019\u00e8 nulla di meglio che ridere di noi stessi, dei luoghi comuni a cui troppo spesso non ci ribelliamo.<\/p>\n\n\n\n<p>Per il programma completo del Festival visitare il sito <a href=\"https:\/\/www.raccontinellarete.it\/\">www.raccontinellarete.it<\/a>&nbsp;.&nbsp;&nbsp;<strong>Gli incontri si svolgeranno nel rispetto delle normative sanitarie vigenti. L&#8217;uso della mascherina \u00e8 obbligatorio. I partecipanti dovranno mantenere il distanziamento di sicurezza di almeno 1 metro.<\/strong><\/p>\n\n\n\n<p>Tutti gli incontri sono ad ingresso libero&nbsp;fino ad esaurimento posti<\/p>\n\n\n\n<p>&nbsp;<a href=\"https:\/\/www.raccontinellarete.it\/\">www.raccontinellarete.it<\/a>&nbsp;<\/p>\n\n\n\n<figure class=\"wp-block-image size-large\"><img loading=\"lazy\" decoding=\"async\" width=\"1024\" height=\"683\" src=\"https:\/\/www.raccontinellarete.it\/301\/wp-content\/uploads\/2021\/09\/covatta-e-catella-1-1024x683.jpg\" alt=\"\" class=\"wp-image-47043\" srcset=\"https:\/\/www.raccontinellarete.it\/301\/wp-content\/uploads\/2021\/09\/covatta-e-catella-1-1024x683.jpg 1024w, https:\/\/www.raccontinellarete.it\/301\/wp-content\/uploads\/2021\/09\/covatta-e-catella-1-344x229.jpg 344w, https:\/\/www.raccontinellarete.it\/301\/wp-content\/uploads\/2021\/09\/covatta-e-catella-1-768x512.jpg 768w, https:\/\/www.raccontinellarete.it\/301\/wp-content\/uploads\/2021\/09\/covatta-e-catella-1.jpg 1392w\" sizes=\"(max-width: 1024px) 100vw, 1024px\" \/><\/figure>\n\n\n\n<figure class=\"wp-block-image size-large\"><img loading=\"lazy\" decoding=\"async\" width=\"800\" height=\"576\" src=\"https:\/\/www.raccontinellarete.it\/301\/wp-content\/uploads\/2021\/09\/ferroni-2.jpg\" alt=\"\" class=\"wp-image-47044\" srcset=\"https:\/\/www.raccontinellarete.it\/301\/wp-content\/uploads\/2021\/09\/ferroni-2.jpg 800w, https:\/\/www.raccontinellarete.it\/301\/wp-content\/uploads\/2021\/09\/ferroni-2-344x248.jpg 344w, https:\/\/www.raccontinellarete.it\/301\/wp-content\/uploads\/2021\/09\/ferroni-2-768x553.jpg 768w\" sizes=\"(max-width: 800px) 100vw, 800px\" \/><\/figure>\n\n\n\n<figure class=\"wp-block-image size-large\"><img loading=\"lazy\" decoding=\"async\" width=\"1024\" height=\"683\" src=\"https:\/\/www.raccontinellarete.it\/301\/wp-content\/uploads\/2021\/09\/DivierNelli-1024x683.jpg\" alt=\"\" class=\"wp-image-47045\" srcset=\"https:\/\/www.raccontinellarete.it\/301\/wp-content\/uploads\/2021\/09\/DivierNelli-1024x683.jpg 1024w, https:\/\/www.raccontinellarete.it\/301\/wp-content\/uploads\/2021\/09\/DivierNelli-344x229.jpg 344w, https:\/\/www.raccontinellarete.it\/301\/wp-content\/uploads\/2021\/09\/DivierNelli-768x512.jpg 768w, https:\/\/www.raccontinellarete.it\/301\/wp-content\/uploads\/2021\/09\/DivierNelli.jpg 1200w\" sizes=\"(max-width: 1024px) 100vw, 1024px\" \/><\/figure>\n<div class=\"pvc_clear\"><\/div><p id=\"pvc_stats_47042\" class=\"pvc_stats all  \" data-element-id=\"47042\" style=\"\"><i class=\"pvc-stats-icon medium\" aria-hidden=\"true\"><svg aria-hidden=\"true\" focusable=\"false\" data-prefix=\"far\" data-icon=\"chart-bar\" role=\"img\" xmlns=\"http:\/\/www.w3.org\/2000\/svg\" viewBox=\"0 0 512 512\" class=\"svg-inline--fa fa-chart-bar fa-w-16 fa-2x\"><path fill=\"currentColor\" d=\"M396.8 352h22.4c6.4 0 12.8-6.4 12.8-12.8V108.8c0-6.4-6.4-12.8-12.8-12.8h-22.4c-6.4 0-12.8 6.4-12.8 12.8v230.4c0 6.4 6.4 12.8 12.8 12.8zm-192 0h22.4c6.4 0 12.8-6.4 12.8-12.8V140.8c0-6.4-6.4-12.8-12.8-12.8h-22.4c-6.4 0-12.8 6.4-12.8 12.8v198.4c0 6.4 6.4 12.8 12.8 12.8zm96 0h22.4c6.4 0 12.8-6.4 12.8-12.8V204.8c0-6.4-6.4-12.8-12.8-12.8h-22.4c-6.4 0-12.8 6.4-12.8 12.8v134.4c0 6.4 6.4 12.8 12.8 12.8zM496 400H48V80c0-8.84-7.16-16-16-16H16C7.16 64 0 71.16 0 80v336c0 17.67 14.33 32 32 32h464c8.84 0 16-7.16 16-16v-16c0-8.84-7.16-16-16-16zm-387.2-48h22.4c6.4 0 12.8-6.4 12.8-12.8v-70.4c0-6.4-6.4-12.8-12.8-12.8h-22.4c-6.4 0-12.8 6.4-12.8 12.8v70.4c0 6.4 6.4 12.8 12.8 12.8z\" class=\"\"><\/path><\/svg><\/i> <img loading=\"lazy\" decoding=\"async\" width=\"16\" height=\"16\" alt=\"Loading\" src=\"https:\/\/www.raccontinellarete.it\/301\/wp-content\/plugins\/page-views-count\/ajax-loader-2x.gif\" border=0 \/><\/p><div class=\"pvc_clear\"><\/div>","protected":false},"excerpt":{"rendered":"<p>VILLA BOTTINI\u00a0 &#8211;\u00a0\u00a0\u00a0ore 10 sala conferenze Villa Bottini\u00a0 \u201cOccasioni Tobiniane\u201d&nbsp; incontro organizzato da LuccAutori&nbsp; e Fondazione Mario Tobino. Interviene Isabella Tobino, presidente della Fondazione Mario Tobino.&nbsp;&nbsp;Giulio Ferroni presenta&nbsp; &#8220;L&#8217; Italia di Dante. Viaggio nel Paese della \u00abCommedia&#8221; (La Nave di Teseo).&nbsp; Con questa pubblicazione&nbsp;Ferroni&nbsp;ha vinto il premio Viareggio R\u00e8paci 2020 per la Saggistica.&nbsp;&nbsp; Seguendo la [&hellip;]<\/p>\n<div class=\"pvc_clear\"><\/div>\n<p id=\"pvc_stats_47042\" class=\"pvc_stats all  \" data-element-id=\"47042\" style=\"\"><i class=\"pvc-stats-icon medium\" aria-hidden=\"true\"><svg aria-hidden=\"true\" focusable=\"false\" data-prefix=\"far\" data-icon=\"chart-bar\" role=\"img\" xmlns=\"http:\/\/www.w3.org\/2000\/svg\" viewBox=\"0 0 512 512\" class=\"svg-inline--fa fa-chart-bar fa-w-16 fa-2x\"><path fill=\"currentColor\" d=\"M396.8 352h22.4c6.4 0 12.8-6.4 12.8-12.8V108.8c0-6.4-6.4-12.8-12.8-12.8h-22.4c-6.4 0-12.8 6.4-12.8 12.8v230.4c0 6.4 6.4 12.8 12.8 12.8zm-192 0h22.4c6.4 0 12.8-6.4 12.8-12.8V140.8c0-6.4-6.4-12.8-12.8-12.8h-22.4c-6.4 0-12.8 6.4-12.8 12.8v198.4c0 6.4 6.4 12.8 12.8 12.8zm96 0h22.4c6.4 0 12.8-6.4 12.8-12.8V204.8c0-6.4-6.4-12.8-12.8-12.8h-22.4c-6.4 0-12.8 6.4-12.8 12.8v134.4c0 6.4 6.4 12.8 12.8 12.8zM496 400H48V80c0-8.84-7.16-16-16-16H16C7.16 64 0 71.16 0 80v336c0 17.67 14.33 32 32 32h464c8.84 0 16-7.16 16-16v-16c0-8.84-7.16-16-16-16zm-387.2-48h22.4c6.4 0 12.8-6.4 12.8-12.8v-70.4c0-6.4-6.4-12.8-12.8-12.8h-22.4c-6.4 0-12.8 6.4-12.8 12.8v70.4c0 6.4 6.4 12.8 12.8 12.8z\" class=\"\"><\/path><\/svg><\/i> <img loading=\"lazy\" decoding=\"async\" width=\"16\" height=\"16\" alt=\"Loading\" src=\"https:\/\/www.raccontinellarete.it\/301\/wp-content\/plugins\/page-views-count\/ajax-loader-2x.gif\" border=0 \/><\/p>\n<div class=\"pvc_clear\"><\/div>\n","protected":false},"author":3,"featured_media":47043,"comment_status":"open","ping_status":"closed","sticky":false,"template":"","format":"standard","meta":{"footnotes":""},"categories":[87,5],"tags":[],"class_list":["post-47042","post","type-post","status-publish","format-standard","has-post-thumbnail","hentry","category-comunicato-stampa","category-racconti-nella-rete"],"_links":{"self":[{"href":"https:\/\/www.raccontinellarete.it\/index.php?rest_route=\/wp\/v2\/posts\/47042"}],"collection":[{"href":"https:\/\/www.raccontinellarete.it\/index.php?rest_route=\/wp\/v2\/posts"}],"about":[{"href":"https:\/\/www.raccontinellarete.it\/index.php?rest_route=\/wp\/v2\/types\/post"}],"author":[{"embeddable":true,"href":"https:\/\/www.raccontinellarete.it\/index.php?rest_route=\/wp\/v2\/users\/3"}],"replies":[{"embeddable":true,"href":"https:\/\/www.raccontinellarete.it\/index.php?rest_route=%2Fwp%2Fv2%2Fcomments&post=47042"}],"version-history":[{"count":2,"href":"https:\/\/www.raccontinellarete.it\/index.php?rest_route=\/wp\/v2\/posts\/47042\/revisions"}],"predecessor-version":[{"id":47047,"href":"https:\/\/www.raccontinellarete.it\/index.php?rest_route=\/wp\/v2\/posts\/47042\/revisions\/47047"}],"wp:featuredmedia":[{"embeddable":true,"href":"https:\/\/www.raccontinellarete.it\/index.php?rest_route=\/wp\/v2\/media\/47043"}],"wp:attachment":[{"href":"https:\/\/www.raccontinellarete.it\/index.php?rest_route=%2Fwp%2Fv2%2Fmedia&parent=47042"}],"wp:term":[{"taxonomy":"category","embeddable":true,"href":"https:\/\/www.raccontinellarete.it\/index.php?rest_route=%2Fwp%2Fv2%2Fcategories&post=47042"},{"taxonomy":"post_tag","embeddable":true,"href":"https:\/\/www.raccontinellarete.it\/index.php?rest_route=%2Fwp%2Fv2%2Ftags&post=47042"}],"curies":[{"name":"wp","href":"https:\/\/api.w.org\/{rel}","templated":true}]}}