{"id":47031,"date":"2021-09-22T18:40:24","date_gmt":"2021-09-22T17:40:24","guid":{"rendered":"http:\/\/www.raccontinellarete.it\/?p=47031"},"modified":"2021-09-22T18:44:19","modified_gmt":"2021-09-22T17:44:19","slug":"le-mostre-dante-sette-volte-cento-e-racconti-a-colori","status":"publish","type":"post","link":"https:\/\/www.raccontinellarete.it\/?p=47031","title":{"rendered":"Le mostre &#8220;Dante sette volte cento&#8221; e &#8220;Racconti a Colori&#8221;"},"content":{"rendered":"\n<p><strong>Lucca &#8211; Sabato 25 settembre alle 10 doppia inaugurazione\u00a0 a Villa Bottini<\/strong> delle\u00a0 mostre \u201c<strong>DANTE SETTE VOLTE CENTO<\/strong>\u201d, con le opere di grandi illustratori e vignettisti italiani, e \u201c<strong>RACCONTI A COLORI<\/strong>\u201d con i disegni gli studenti del liceo artistico Passaglia che hanno illustrato i venticinque racconti vincitori del premio\u00a0<strong>Racconti nella Rete 2021<\/strong>.\u00a0\u00a0Tra gli ospiti l\u2019attore <strong>GIANCARLO GORI che nei panni di Dante recita i canti terzo, quinto e trentatreesimo,<\/strong>\u00a0 lo scrittore <strong>MARIO BERNARDI GUARDI<\/strong> che presenta il suo libro dal titolo \u201c<strong>Toscani all\u2019inferno<\/strong>\u201d (La Vela) ed il disegnatore umoristico <strong>LIDO CONTEMORI<\/strong>.\u00a0 <\/p>\n\n\n\n<p>I premi per gli studenti del Passaglia sono offerti da <strong>Unicoopfirenze<\/strong> e dagli artisti <strong>Enrico Bandelli, Mauro Pispoli e Massimo Presciutti<\/strong>.\u00a0<\/p>\n\n\n\n<p><strong>Le mostre saranno aperte soltanto in occasione degli incontri di LuccAutori previsti a Villa Bottini.<\/strong><\/p>\n\n\n\n<p><strong>MARIO BERNARDI GUARDI presenta \u201cToscani all\u2019inferno&#8221; (La Vela).&nbsp;<\/strong>&nbsp;Perch\u00e9 Dante si trova smarrito in una selva oscura e non sa quando e come ci \u00e8 capitato? Perch\u00e9 \u00e8 un uomo. Diritto, anche se cammina a capo chino, come annebbiato dal sonno. Un uomo che si \u00e8 inerpicato sui sentieri della conoscenza ebbro di intendere, in un disordine glorioso di suggestioni che lo hanno portato a confliggere con la ragione e con la fede, cos\u00ec come Dio comanda, le comanda, ci comanda.&nbsp;<\/p>\n\n\n\n<p><strong>Inaugurazione della mostra \u201cDANTE SETTE VOLTE CENTO\u201d a cura di Stefano Giraldi. Vengono esposte opere realizzate da importanti artisti contemporanei.&nbsp;&nbsp;<\/strong> Gi\u00e0 dalla sua nascita , la Divina Commedia trova appassionati interpreti che ne rinnovano la lettura e il culto. Basti citare il pittore Sandro Botticelli : le sue immagini figurative sono come una narrazione di una storia reale dentro un&#8217;atmosfera intuitiva e visionaria, quasi metafisica. <\/p>\n\n\n\n<p>Gli artisti contemporanei della mostra<strong> Dante 7 volte 100<\/strong> traducono oggi visivamente il poema dantesco e Dante stesso, in una estrinsecazione di forme, volti, gesti e atteggiamenti che omaggiano il genio italico in sintesi figurative di spessore artistico.&nbsp;La mostra si presenta come una commedia di caricature dei difetti del Sommo Poeta in cui ogni uomo si riconosce. <\/p>\n\n\n\n<p><strong>Una Mostra Commedia che i parametri moderni ci indurrebbero a definire &#8220;fiction&#8221;, perch\u00e9 non racconta il concreto ma con ironia il possibile.&nbsp;<\/strong>Non possiamo ignorare l&#8217;eterna giovinezza del capolavoro della letteratura universale che la Divina Commedia rappresenta: ognuno di noi dovrebbe essere consapevole che il genio di Dante non ci ha dato solo la lingua, ma un&#8217;idea di noi stessi e del tempo che ci \u00e8 concesso.&nbsp; &nbsp;<\/p>\n\n\n\n<p>A seguire l\u2019elenco completo degli artisti presenti con una loro opera:&nbsp;<strong>SABRINA ALWAIS \/ DINO ALOI \/ ANDREA FERRARA \/ MASSIMO PRESCIUTTI \/ MAURO PISPOLI \/ MARCO DE ANGELIS \/ GIOVANNI MAZZI,&nbsp; BRUNO BOZZETTO \/ LUANA LAPI \/ ENRICO BANDELLI \/ MILKO DALLA BATTISTA \/ GIANNI AUDISIO&nbsp; MASSIMO CAVEZZALI \/ LIDO CONTEMORI \/ MASSIMO CANTINI \/ ANGELA VOLPI \/ ANGELA PERRI \/ SERGIO FORTUNA \/ BRUNO LATELLA \/ ALESSANDRO NOCENTINI \/ GIAMPAOLO GIOVANNETTI \/ SERGIO STAINO \/ GIULIANO ROSSETTI \/ ANGELO VADAL\u00c0, &nbsp;RICCARDO GHIRIBELLI \/ STEFANO CARLO VECOLI \/ ANNA DI VOLO \/ GIANNI OLIVETI \/ ANDREA GRANCHI.<\/strong><\/p>\n\n\n\n<p><br>Tutto il programma di LuccAutori 2021&nbsp; su www.raccontinellarete.it&nbsp;<\/p>\n\n\n\n<figure class=\"wp-block-image size-large\"><img loading=\"lazy\" decoding=\"async\" width=\"763\" height=\"1024\" src=\"https:\/\/www.raccontinellarete.it\/301\/wp-content\/uploads\/2021\/09\/giancarlo-gori-nei-panni-di-dante-763x1024.jpg\" alt=\"\" class=\"wp-image-47032\" srcset=\"https:\/\/www.raccontinellarete.it\/301\/wp-content\/uploads\/2021\/09\/giancarlo-gori-nei-panni-di-dante-763x1024.jpg 763w, https:\/\/www.raccontinellarete.it\/301\/wp-content\/uploads\/2021\/09\/giancarlo-gori-nei-panni-di-dante-186x250.jpg 186w, https:\/\/www.raccontinellarete.it\/301\/wp-content\/uploads\/2021\/09\/giancarlo-gori-nei-panni-di-dante-768x1031.jpg 768w, https:\/\/www.raccontinellarete.it\/301\/wp-content\/uploads\/2021\/09\/giancarlo-gori-nei-panni-di-dante-1144x1536.jpg 1144w, https:\/\/www.raccontinellarete.it\/301\/wp-content\/uploads\/2021\/09\/giancarlo-gori-nei-panni-di-dante.jpg 1216w\" sizes=\"(max-width: 763px) 100vw, 763px\" \/><\/figure>\n\n\n<div class=\"pvc_clear\"><\/div><p id=\"pvc_stats_47031\" class=\"pvc_stats all  \" data-element-id=\"47031\" style=\"\"><i class=\"pvc-stats-icon medium\" aria-hidden=\"true\"><svg aria-hidden=\"true\" focusable=\"false\" data-prefix=\"far\" data-icon=\"chart-bar\" role=\"img\" xmlns=\"http:\/\/www.w3.org\/2000\/svg\" viewBox=\"0 0 512 512\" class=\"svg-inline--fa fa-chart-bar fa-w-16 fa-2x\"><path fill=\"currentColor\" d=\"M396.8 352h22.4c6.4 0 12.8-6.4 12.8-12.8V108.8c0-6.4-6.4-12.8-12.8-12.8h-22.4c-6.4 0-12.8 6.4-12.8 12.8v230.4c0 6.4 6.4 12.8 12.8 12.8zm-192 0h22.4c6.4 0 12.8-6.4 12.8-12.8V140.8c0-6.4-6.4-12.8-12.8-12.8h-22.4c-6.4 0-12.8 6.4-12.8 12.8v198.4c0 6.4 6.4 12.8 12.8 12.8zm96 0h22.4c6.4 0 12.8-6.4 12.8-12.8V204.8c0-6.4-6.4-12.8-12.8-12.8h-22.4c-6.4 0-12.8 6.4-12.8 12.8v134.4c0 6.4 6.4 12.8 12.8 12.8zM496 400H48V80c0-8.84-7.16-16-16-16H16C7.16 64 0 71.16 0 80v336c0 17.67 14.33 32 32 32h464c8.84 0 16-7.16 16-16v-16c0-8.84-7.16-16-16-16zm-387.2-48h22.4c6.4 0 12.8-6.4 12.8-12.8v-70.4c0-6.4-6.4-12.8-12.8-12.8h-22.4c-6.4 0-12.8 6.4-12.8 12.8v70.4c0 6.4 6.4 12.8 12.8 12.8z\" class=\"\"><\/path><\/svg><\/i> <img loading=\"lazy\" decoding=\"async\" width=\"16\" height=\"16\" alt=\"Loading\" src=\"https:\/\/www.raccontinellarete.it\/301\/wp-content\/plugins\/page-views-count\/ajax-loader-2x.gif\" border=0 \/><\/p><div class=\"pvc_clear\"><\/div>","protected":false},"excerpt":{"rendered":"<p>Lucca &#8211; Sabato 25 settembre alle 10 doppia inaugurazione\u00a0 a Villa Bottini delle\u00a0 mostre \u201cDANTE SETTE VOLTE CENTO\u201d, con le opere di grandi illustratori e vignettisti italiani, e \u201cRACCONTI A COLORI\u201d con i disegni gli studenti del liceo artistico Passaglia che hanno illustrato i venticinque racconti vincitori del premio\u00a0Racconti nella Rete 2021.\u00a0\u00a0Tra gli ospiti l\u2019attore [&hellip;]<\/p>\n<div class=\"pvc_clear\"><\/div>\n<p id=\"pvc_stats_47031\" class=\"pvc_stats all  \" data-element-id=\"47031\" style=\"\"><i class=\"pvc-stats-icon medium\" aria-hidden=\"true\"><svg aria-hidden=\"true\" focusable=\"false\" data-prefix=\"far\" data-icon=\"chart-bar\" role=\"img\" xmlns=\"http:\/\/www.w3.org\/2000\/svg\" viewBox=\"0 0 512 512\" class=\"svg-inline--fa fa-chart-bar fa-w-16 fa-2x\"><path fill=\"currentColor\" d=\"M396.8 352h22.4c6.4 0 12.8-6.4 12.8-12.8V108.8c0-6.4-6.4-12.8-12.8-12.8h-22.4c-6.4 0-12.8 6.4-12.8 12.8v230.4c0 6.4 6.4 12.8 12.8 12.8zm-192 0h22.4c6.4 0 12.8-6.4 12.8-12.8V140.8c0-6.4-6.4-12.8-12.8-12.8h-22.4c-6.4 0-12.8 6.4-12.8 12.8v198.4c0 6.4 6.4 12.8 12.8 12.8zm96 0h22.4c6.4 0 12.8-6.4 12.8-12.8V204.8c0-6.4-6.4-12.8-12.8-12.8h-22.4c-6.4 0-12.8 6.4-12.8 12.8v134.4c0 6.4 6.4 12.8 12.8 12.8zM496 400H48V80c0-8.84-7.16-16-16-16H16C7.16 64 0 71.16 0 80v336c0 17.67 14.33 32 32 32h464c8.84 0 16-7.16 16-16v-16c0-8.84-7.16-16-16-16zm-387.2-48h22.4c6.4 0 12.8-6.4 12.8-12.8v-70.4c0-6.4-6.4-12.8-12.8-12.8h-22.4c-6.4 0-12.8 6.4-12.8 12.8v70.4c0 6.4 6.4 12.8 12.8 12.8z\" class=\"\"><\/path><\/svg><\/i> <img loading=\"lazy\" decoding=\"async\" width=\"16\" height=\"16\" alt=\"Loading\" src=\"https:\/\/www.raccontinellarete.it\/301\/wp-content\/plugins\/page-views-count\/ajax-loader-2x.gif\" border=0 \/><\/p>\n<div class=\"pvc_clear\"><\/div>\n","protected":false},"author":3,"featured_media":44662,"comment_status":"open","ping_status":"closed","sticky":false,"template":"","format":"standard","meta":{"footnotes":""},"categories":[87,547,543,5],"tags":[],"class_list":["post-47031","post","type-post","status-publish","format-standard","has-post-thumbnail","hentry","category-comunicato-stampa","category-f-o-r-u-m","category-forum-di-racconti-nella-rete","category-racconti-nella-rete"],"_links":{"self":[{"href":"https:\/\/www.raccontinellarete.it\/index.php?rest_route=\/wp\/v2\/posts\/47031"}],"collection":[{"href":"https:\/\/www.raccontinellarete.it\/index.php?rest_route=\/wp\/v2\/posts"}],"about":[{"href":"https:\/\/www.raccontinellarete.it\/index.php?rest_route=\/wp\/v2\/types\/post"}],"author":[{"embeddable":true,"href":"https:\/\/www.raccontinellarete.it\/index.php?rest_route=\/wp\/v2\/users\/3"}],"replies":[{"embeddable":true,"href":"https:\/\/www.raccontinellarete.it\/index.php?rest_route=%2Fwp%2Fv2%2Fcomments&post=47031"}],"version-history":[{"count":2,"href":"https:\/\/www.raccontinellarete.it\/index.php?rest_route=\/wp\/v2\/posts\/47031\/revisions"}],"predecessor-version":[{"id":47035,"href":"https:\/\/www.raccontinellarete.it\/index.php?rest_route=\/wp\/v2\/posts\/47031\/revisions\/47035"}],"wp:featuredmedia":[{"embeddable":true,"href":"https:\/\/www.raccontinellarete.it\/index.php?rest_route=\/wp\/v2\/media\/44662"}],"wp:attachment":[{"href":"https:\/\/www.raccontinellarete.it\/index.php?rest_route=%2Fwp%2Fv2%2Fmedia&parent=47031"}],"wp:term":[{"taxonomy":"category","embeddable":true,"href":"https:\/\/www.raccontinellarete.it\/index.php?rest_route=%2Fwp%2Fv2%2Fcategories&post=47031"},{"taxonomy":"post_tag","embeddable":true,"href":"https:\/\/www.raccontinellarete.it\/index.php?rest_route=%2Fwp%2Fv2%2Ftags&post=47031"}],"curies":[{"name":"wp","href":"https:\/\/api.w.org\/{rel}","templated":true}]}}