{"id":46976,"date":"2021-09-06T19:00:24","date_gmt":"2021-09-06T18:00:24","guid":{"rendered":"http:\/\/www.raccontinellarete.it\/?p=46976"},"modified":"2021-09-06T19:02:14","modified_gmt":"2021-09-06T18:02:14","slug":"le-immagini-del-set-di-cinque-piccoli-frammenti-di-stefano-la-proiezione-a-luccautori-sabato-2-ottobre","status":"publish","type":"post","link":"https:\/\/www.raccontinellarete.it\/?p=46976","title":{"rendered":"Le immagini del set di &#8220;Cinque piccoli frammenti di Stefano&#8221;. La proiezione a LuccAutori sabato 2 ottobre"},"content":{"rendered":"\n<p><strong>E\u2019 stato girato interamente a Lucca il corto \u201cCinque piccoli frammenti di Stefano\u201d dello sceneggiatore jesino Antonio Lucarini,&nbsp; vincitore della sezione corti del 20\u00b0 premio Racconti nella Rete 2021.&nbsp;<\/strong><\/p>\n\n\n\n<p>Set del cortometraggio il centro storico, le mura e porta Elisa, il parco di Villa Bottini, il ristorante Mecenate e Domina Hair Wellness.&nbsp; Grazie alla collaborazione del Comune di Lucca, si tratta del dodicesimo corto girato in citt\u00e0&nbsp; e diretto da &nbsp;Giuseppe Ferlito.&nbsp; <\/p>\n\n\n\n<p>Il cortometraggio, prodotto da LuccAutori e Scuola di Cinema Immagina,&nbsp; vede protagonisti gli attori Ivan Izzo, Vittorio Bernardini, Samanta Terreni, Ivan Izzo, Virginia Ricci,&nbsp; Cristina Farese, Gaia Cervelli,&nbsp; Emma Nardi e Giulia Amari.&nbsp; Aiuto regista Francesco Squillantini.&nbsp; Assistenti alla regia&nbsp; Luigi Maria Mennella, Julian Vincenzo Ricci,&nbsp; Melanie Marrone. Fotografo &nbsp;di scena&nbsp; Rinaldo Serra.&nbsp; <\/p>\n\n\n\n<p>E\u2019 la storia di Stefano Verme, scrittore fallito che scompare nell\u2019indifferenza del mondo.&nbsp;Il corto \u00e8 una malinconica presa di coscienza dell\u2019inutilit\u00e0 della creazione artistica e di ogni forma di spiritualit\u00e0 nella societ\u00e0 attuale. L\u2019individuo (in primis l\u2019artista vero) \u00e8 spesso schiacciato nelle proprie miserie quotidiane, \u00e8 ripiegato nella propria alienazione. Stefano Verme si sente ormai un oggetto inutile, esattamente come gli oggetti protagonisti delle sue storie. Annaspa, fugge e alla fine la sua scomparsa \u00e8 assolutamente indolore. I frammenti che lo ritraggono nella sua condizione d\u2019impotenza, sono granelli di sale che affondano nell\u2019acqua.&nbsp;&nbsp;&nbsp;<\/p>\n\n\n\n<p>La proiezione in anteprima assoluta avr\u00e0 luogo sabato 2 ottobre alle 16.30 presso Villa Bottini di Lucca in occasione della&nbsp; 27^ edizione del festival LuccAutori \u2013 Premio Racconti nella Rete diretto da Demetrio Brandi.&nbsp;&nbsp;Autore del soggetto \u00e8 Stefano Lucarini, gi\u00e0 filmaker di fama nazionale e autore nonch\u00e9 attore di teatro.&nbsp;&nbsp;<\/p>\n\n\n\n<p>Nei prossimi giorni&nbsp; \u00e8 prevista una conferenza stampa durante la quale sar\u00e0 presentato il programma dettagliato del festival LuccAutori, che inizier\u00e0 sabato 18 settembre con un evento dedicato ai venti anni del premio letterario Racconti nella Rete.&nbsp; A Lucca si ritroveranno molti tra i vincitori del premio che in questi anni si \u00e8 affermato come il pi\u00f9 grande&nbsp; concorso nazionale per inediti online.&nbsp;<\/p>\n\n\n\n<figure class=\"wp-block-image size-large\"><img loading=\"lazy\" decoding=\"async\" width=\"1024\" height=\"768\" src=\"https:\/\/www.raccontinellarete.it\/301\/wp-content\/uploads\/2021\/09\/lucca-9-1024x768.jpeg\" alt=\"\" class=\"wp-image-46977\" srcset=\"https:\/\/www.raccontinellarete.it\/301\/wp-content\/uploads\/2021\/09\/lucca-9-1024x768.jpeg 1024w, https:\/\/www.raccontinellarete.it\/301\/wp-content\/uploads\/2021\/09\/lucca-9-333x250.jpeg 333w, https:\/\/www.raccontinellarete.it\/301\/wp-content\/uploads\/2021\/09\/lucca-9-768x576.jpeg 768w, https:\/\/www.raccontinellarete.it\/301\/wp-content\/uploads\/2021\/09\/lucca-9-1536x1152.jpeg 1536w, https:\/\/www.raccontinellarete.it\/301\/wp-content\/uploads\/2021\/09\/lucca-9.jpeg 2048w\" sizes=\"(max-width: 1024px) 100vw, 1024px\" \/><\/figure>\n\n\n\n<figure class=\"wp-block-image size-large\"><img loading=\"lazy\" decoding=\"async\" width=\"768\" height=\"1024\" src=\"https:\/\/www.raccontinellarete.it\/301\/wp-content\/uploads\/2021\/09\/lucca-5-768x1024.jpeg\" alt=\"\" class=\"wp-image-46980\" srcset=\"https:\/\/www.raccontinellarete.it\/301\/wp-content\/uploads\/2021\/09\/lucca-5-768x1024.jpeg 768w, https:\/\/www.raccontinellarete.it\/301\/wp-content\/uploads\/2021\/09\/lucca-5-188x250.jpeg 188w, https:\/\/www.raccontinellarete.it\/301\/wp-content\/uploads\/2021\/09\/lucca-5-1152x1536.jpeg 1152w, https:\/\/www.raccontinellarete.it\/301\/wp-content\/uploads\/2021\/09\/lucca-5.jpeg 1200w\" sizes=\"(max-width: 768px) 100vw, 768px\" \/><\/figure>\n<div class=\"pvc_clear\"><\/div><p id=\"pvc_stats_46976\" class=\"pvc_stats all  \" data-element-id=\"46976\" style=\"\"><i class=\"pvc-stats-icon medium\" aria-hidden=\"true\"><svg aria-hidden=\"true\" focusable=\"false\" data-prefix=\"far\" data-icon=\"chart-bar\" role=\"img\" xmlns=\"http:\/\/www.w3.org\/2000\/svg\" viewBox=\"0 0 512 512\" class=\"svg-inline--fa fa-chart-bar fa-w-16 fa-2x\"><path fill=\"currentColor\" d=\"M396.8 352h22.4c6.4 0 12.8-6.4 12.8-12.8V108.8c0-6.4-6.4-12.8-12.8-12.8h-22.4c-6.4 0-12.8 6.4-12.8 12.8v230.4c0 6.4 6.4 12.8 12.8 12.8zm-192 0h22.4c6.4 0 12.8-6.4 12.8-12.8V140.8c0-6.4-6.4-12.8-12.8-12.8h-22.4c-6.4 0-12.8 6.4-12.8 12.8v198.4c0 6.4 6.4 12.8 12.8 12.8zm96 0h22.4c6.4 0 12.8-6.4 12.8-12.8V204.8c0-6.4-6.4-12.8-12.8-12.8h-22.4c-6.4 0-12.8 6.4-12.8 12.8v134.4c0 6.4 6.4 12.8 12.8 12.8zM496 400H48V80c0-8.84-7.16-16-16-16H16C7.16 64 0 71.16 0 80v336c0 17.67 14.33 32 32 32h464c8.84 0 16-7.16 16-16v-16c0-8.84-7.16-16-16-16zm-387.2-48h22.4c6.4 0 12.8-6.4 12.8-12.8v-70.4c0-6.4-6.4-12.8-12.8-12.8h-22.4c-6.4 0-12.8 6.4-12.8 12.8v70.4c0 6.4 6.4 12.8 12.8 12.8z\" class=\"\"><\/path><\/svg><\/i> <img loading=\"lazy\" decoding=\"async\" width=\"16\" height=\"16\" alt=\"Loading\" src=\"https:\/\/www.raccontinellarete.it\/301\/wp-content\/plugins\/page-views-count\/ajax-loader-2x.gif\" border=0 \/><\/p><div class=\"pvc_clear\"><\/div>","protected":false},"excerpt":{"rendered":"<p>E\u2019 stato girato interamente a Lucca il corto \u201cCinque piccoli frammenti di Stefano\u201d dello sceneggiatore jesino Antonio Lucarini,&nbsp; vincitore della sezione corti del 20\u00b0 premio Racconti nella Rete 2021.&nbsp; Set del cortometraggio il centro storico, le mura e porta Elisa, il parco di Villa Bottini, il ristorante Mecenate e Domina Hair Wellness.&nbsp; Grazie alla collaborazione [&hellip;]<\/p>\n<div class=\"pvc_clear\"><\/div>\n<p id=\"pvc_stats_46976\" class=\"pvc_stats all  \" data-element-id=\"46976\" style=\"\"><i class=\"pvc-stats-icon medium\" aria-hidden=\"true\"><svg aria-hidden=\"true\" focusable=\"false\" data-prefix=\"far\" data-icon=\"chart-bar\" role=\"img\" xmlns=\"http:\/\/www.w3.org\/2000\/svg\" viewBox=\"0 0 512 512\" class=\"svg-inline--fa fa-chart-bar fa-w-16 fa-2x\"><path fill=\"currentColor\" d=\"M396.8 352h22.4c6.4 0 12.8-6.4 12.8-12.8V108.8c0-6.4-6.4-12.8-12.8-12.8h-22.4c-6.4 0-12.8 6.4-12.8 12.8v230.4c0 6.4 6.4 12.8 12.8 12.8zm-192 0h22.4c6.4 0 12.8-6.4 12.8-12.8V140.8c0-6.4-6.4-12.8-12.8-12.8h-22.4c-6.4 0-12.8 6.4-12.8 12.8v198.4c0 6.4 6.4 12.8 12.8 12.8zm96 0h22.4c6.4 0 12.8-6.4 12.8-12.8V204.8c0-6.4-6.4-12.8-12.8-12.8h-22.4c-6.4 0-12.8 6.4-12.8 12.8v134.4c0 6.4 6.4 12.8 12.8 12.8zM496 400H48V80c0-8.84-7.16-16-16-16H16C7.16 64 0 71.16 0 80v336c0 17.67 14.33 32 32 32h464c8.84 0 16-7.16 16-16v-16c0-8.84-7.16-16-16-16zm-387.2-48h22.4c6.4 0 12.8-6.4 12.8-12.8v-70.4c0-6.4-6.4-12.8-12.8-12.8h-22.4c-6.4 0-12.8 6.4-12.8 12.8v70.4c0 6.4 6.4 12.8 12.8 12.8z\" class=\"\"><\/path><\/svg><\/i> <img loading=\"lazy\" decoding=\"async\" width=\"16\" height=\"16\" alt=\"Loading\" src=\"https:\/\/www.raccontinellarete.it\/301\/wp-content\/plugins\/page-views-count\/ajax-loader-2x.gif\" border=0 \/><\/p>\n<div class=\"pvc_clear\"><\/div>\n","protected":false},"author":3,"featured_media":46978,"comment_status":"open","ping_status":"closed","sticky":false,"template":"","format":"standard","meta":{"footnotes":""},"categories":[87,5],"tags":[],"class_list":["post-46976","post","type-post","status-publish","format-standard","has-post-thumbnail","hentry","category-comunicato-stampa","category-racconti-nella-rete"],"_links":{"self":[{"href":"https:\/\/www.raccontinellarete.it\/index.php?rest_route=\/wp\/v2\/posts\/46976"}],"collection":[{"href":"https:\/\/www.raccontinellarete.it\/index.php?rest_route=\/wp\/v2\/posts"}],"about":[{"href":"https:\/\/www.raccontinellarete.it\/index.php?rest_route=\/wp\/v2\/types\/post"}],"author":[{"embeddable":true,"href":"https:\/\/www.raccontinellarete.it\/index.php?rest_route=\/wp\/v2\/users\/3"}],"replies":[{"embeddable":true,"href":"https:\/\/www.raccontinellarete.it\/index.php?rest_route=%2Fwp%2Fv2%2Fcomments&post=46976"}],"version-history":[{"count":2,"href":"https:\/\/www.raccontinellarete.it\/index.php?rest_route=\/wp\/v2\/posts\/46976\/revisions"}],"predecessor-version":[{"id":46982,"href":"https:\/\/www.raccontinellarete.it\/index.php?rest_route=\/wp\/v2\/posts\/46976\/revisions\/46982"}],"wp:featuredmedia":[{"embeddable":true,"href":"https:\/\/www.raccontinellarete.it\/index.php?rest_route=\/wp\/v2\/media\/46978"}],"wp:attachment":[{"href":"https:\/\/www.raccontinellarete.it\/index.php?rest_route=%2Fwp%2Fv2%2Fmedia&parent=46976"}],"wp:term":[{"taxonomy":"category","embeddable":true,"href":"https:\/\/www.raccontinellarete.it\/index.php?rest_route=%2Fwp%2Fv2%2Fcategories&post=46976"},{"taxonomy":"post_tag","embeddable":true,"href":"https:\/\/www.raccontinellarete.it\/index.php?rest_route=%2Fwp%2Fv2%2Ftags&post=46976"}],"curies":[{"name":"wp","href":"https:\/\/api.w.org\/{rel}","templated":true}]}}