{"id":46970,"date":"2021-09-02T19:33:18","date_gmt":"2021-09-02T18:33:18","guid":{"rendered":"http:\/\/www.raccontinellarete.it\/?p=46970"},"modified":"2021-09-02T19:34:48","modified_gmt":"2021-09-02T18:34:48","slug":"ciak-si-gira-il-corto-vincitore-di-racconti-nella-rete-luccautori-2021","status":"publish","type":"post","link":"https:\/\/www.raccontinellarete.it\/?p=46970","title":{"rendered":"Ciak  si gira il corto vincitore di Racconti nella Rete \/ LuccAutori 2021"},"content":{"rendered":"\n<p><br><strong>Lucca &#8211; Sabato 4 settembre sono in programma le riprese del cortometraggio \u201cCinque piccoli frammenti di Stefano \u201d dell\u2019autore&nbsp; jesino Antonio Lucarini, vincitore della sezione \u201cCorti\u201d del Premio Letterario Racconti nella Rete 2021. <\/strong><\/p>\n\n\n\n<p>Il cortometraggio, prodotto da LuccAutori e Scuola di Cinema Immagina sar\u00e0 diretto dal regista&nbsp;Giuseppe Ferlito&nbsp; e interpretato dagli attori&nbsp; Vittorio Bernardini, Samanta Terreni, Ivan Izzo, Cristina Farese, Gaia Cervelli,&nbsp; Emma Nardi e Giulia Amari. Set e magico sfondo per le riprese sar\u00e0 il centro strorico della citt\u00e0 di Lucca. E\u2019 la storia di Stefano Verme, scrittore fallito che scompare nell\u2019indifferenza del mondo.&nbsp;<\/p>\n\n\n\n<p>Il corto \u00e8 una malinconica presa di coscienza dell\u2019inutilit\u00e0 della creazione artistica e di ogni forma di spiritualit\u00e0 nella societ\u00e0 attuale. L\u2019individuo (in primis l\u2019artista vero) \u00e8 spesso schiacciato nelle proprie miserie quotidiane, \u00e8 ripiegato nella propria alienazione. Stefano Verme si sente ormai un oggetto inutile, esattamente come gli oggetti protagonisti delle sue storie. Annaspa, fugge e alla fine la sua scomparsa \u00e8 assolutamente indolore. I frammenti che lo ritraggono nella sua condizione d\u2019impotenza, sono granelli di sale che affondano nell\u2019acqua. <\/p>\n\n\n\n<p>La proiezione in anteprima assoluta avr\u00e0 luogo sabato 2 ottobre alle 16.30 presso Villa Bottini di Lucca in occasione della&nbsp; 27^ edizione del festival LuccAutori \u2013 Premio Racconti nella Rete.&nbsp;&nbsp;Autore del soggetto \u00e8 Stefano Lucarini gi\u00e0 filmaker di fama nazionale e autore nonch\u00e9 attore di teatro.&nbsp; Lucarini&nbsp;esordisce come scrittore&nbsp; a tutto tondo nel 2017 con il romanzo&nbsp;\u201cStrana Rana\u201d, per l\u2019editore &nbsp;Le Mezzelane Edizioni. Successivamente, pubblica, sempre con Le Mezzelane, &nbsp;tre romanzi&nbsp; thriller (\u201cPioggia\u201d, \u201cRiflessi di morte\u201d e \u201cCroce e delizia\u201d) scritti a quattro mani con l\u2019editrice Rita Angelelli. Da maggio 2019 partecipa a diversi concorsi letterari nazionali per racconti e risulta ben nove volte tra i vincitori.&nbsp; Il prossimo anno \u00e8 annunciato un&nbsp; nuovo libro per Le Mezzelane Edizioni,&nbsp; il romanzo distopico \u201cOltrepassando\u201d&nbsp;e con le Edizioni il Viandante di Chieti, il romanzo tragicomico \u201cTu sei una nuvola\u201d.<\/p>\n\n\n\n<p><strong><br>Nei prossimi giorni sar\u00e0 presentato il programma dettagliato del festival LuccAutori, che inizier\u00e0 sabato 18 settembre con un evento dedicato ai venti anni del premio letterario Racconti nella Rete.&nbsp; <\/strong><\/p>\n\n\n\n<p><strong>A Lucca si ritroveranno molti tra i vincitori del premio che in questi anni si \u00e8 affermato come il pi\u00f9 grande&nbsp; concorso nazionale per inediti online.&nbsp;<\/strong> &nbsp;<\/p>\n\n\n\n<figure class=\"wp-block-image size-large\"><img loading=\"lazy\" decoding=\"async\" width=\"640\" height=\"420\" src=\"https:\/\/www.raccontinellarete.it\/301\/wp-content\/uploads\/2021\/09\/antonio-lucarini.jpg\" alt=\"\" class=\"wp-image-46972\" srcset=\"https:\/\/www.raccontinellarete.it\/301\/wp-content\/uploads\/2021\/09\/antonio-lucarini.jpg 640w, https:\/\/www.raccontinellarete.it\/301\/wp-content\/uploads\/2021\/09\/antonio-lucarini-344x226.jpg 344w\" sizes=\"(max-width: 640px) 100vw, 640px\" \/><figcaption>Antonio Lucarini<\/figcaption><\/figure>\n<div class=\"pvc_clear\"><\/div><p id=\"pvc_stats_46970\" class=\"pvc_stats all  \" data-element-id=\"46970\" style=\"\"><i class=\"pvc-stats-icon medium\" aria-hidden=\"true\"><svg aria-hidden=\"true\" focusable=\"false\" data-prefix=\"far\" data-icon=\"chart-bar\" role=\"img\" xmlns=\"http:\/\/www.w3.org\/2000\/svg\" viewBox=\"0 0 512 512\" class=\"svg-inline--fa fa-chart-bar fa-w-16 fa-2x\"><path fill=\"currentColor\" d=\"M396.8 352h22.4c6.4 0 12.8-6.4 12.8-12.8V108.8c0-6.4-6.4-12.8-12.8-12.8h-22.4c-6.4 0-12.8 6.4-12.8 12.8v230.4c0 6.4 6.4 12.8 12.8 12.8zm-192 0h22.4c6.4 0 12.8-6.4 12.8-12.8V140.8c0-6.4-6.4-12.8-12.8-12.8h-22.4c-6.4 0-12.8 6.4-12.8 12.8v198.4c0 6.4 6.4 12.8 12.8 12.8zm96 0h22.4c6.4 0 12.8-6.4 12.8-12.8V204.8c0-6.4-6.4-12.8-12.8-12.8h-22.4c-6.4 0-12.8 6.4-12.8 12.8v134.4c0 6.4 6.4 12.8 12.8 12.8zM496 400H48V80c0-8.84-7.16-16-16-16H16C7.16 64 0 71.16 0 80v336c0 17.67 14.33 32 32 32h464c8.84 0 16-7.16 16-16v-16c0-8.84-7.16-16-16-16zm-387.2-48h22.4c6.4 0 12.8-6.4 12.8-12.8v-70.4c0-6.4-6.4-12.8-12.8-12.8h-22.4c-6.4 0-12.8 6.4-12.8 12.8v70.4c0 6.4 6.4 12.8 12.8 12.8z\" class=\"\"><\/path><\/svg><\/i> <img loading=\"lazy\" decoding=\"async\" width=\"16\" height=\"16\" alt=\"Loading\" src=\"https:\/\/www.raccontinellarete.it\/301\/wp-content\/plugins\/page-views-count\/ajax-loader-2x.gif\" border=0 \/><\/p><div class=\"pvc_clear\"><\/div>","protected":false},"excerpt":{"rendered":"<p>Lucca &#8211; Sabato 4 settembre sono in programma le riprese del cortometraggio \u201cCinque piccoli frammenti di Stefano \u201d dell\u2019autore&nbsp; jesino Antonio Lucarini, vincitore della sezione \u201cCorti\u201d del Premio Letterario Racconti nella Rete 2021. Il cortometraggio, prodotto da LuccAutori e Scuola di Cinema Immagina sar\u00e0 diretto dal regista&nbsp;Giuseppe Ferlito&nbsp; e interpretato dagli attori&nbsp; Vittorio Bernardini, Samanta [&hellip;]<\/p>\n<div class=\"pvc_clear\"><\/div>\n<p id=\"pvc_stats_46970\" class=\"pvc_stats all  \" data-element-id=\"46970\" style=\"\"><i class=\"pvc-stats-icon medium\" aria-hidden=\"true\"><svg aria-hidden=\"true\" focusable=\"false\" data-prefix=\"far\" data-icon=\"chart-bar\" role=\"img\" xmlns=\"http:\/\/www.w3.org\/2000\/svg\" viewBox=\"0 0 512 512\" class=\"svg-inline--fa fa-chart-bar fa-w-16 fa-2x\"><path fill=\"currentColor\" d=\"M396.8 352h22.4c6.4 0 12.8-6.4 12.8-12.8V108.8c0-6.4-6.4-12.8-12.8-12.8h-22.4c-6.4 0-12.8 6.4-12.8 12.8v230.4c0 6.4 6.4 12.8 12.8 12.8zm-192 0h22.4c6.4 0 12.8-6.4 12.8-12.8V140.8c0-6.4-6.4-12.8-12.8-12.8h-22.4c-6.4 0-12.8 6.4-12.8 12.8v198.4c0 6.4 6.4 12.8 12.8 12.8zm96 0h22.4c6.4 0 12.8-6.4 12.8-12.8V204.8c0-6.4-6.4-12.8-12.8-12.8h-22.4c-6.4 0-12.8 6.4-12.8 12.8v134.4c0 6.4 6.4 12.8 12.8 12.8zM496 400H48V80c0-8.84-7.16-16-16-16H16C7.16 64 0 71.16 0 80v336c0 17.67 14.33 32 32 32h464c8.84 0 16-7.16 16-16v-16c0-8.84-7.16-16-16-16zm-387.2-48h22.4c6.4 0 12.8-6.4 12.8-12.8v-70.4c0-6.4-6.4-12.8-12.8-12.8h-22.4c-6.4 0-12.8 6.4-12.8 12.8v70.4c0 6.4 6.4 12.8 12.8 12.8z\" class=\"\"><\/path><\/svg><\/i> <img loading=\"lazy\" decoding=\"async\" width=\"16\" height=\"16\" alt=\"Loading\" src=\"https:\/\/www.raccontinellarete.it\/301\/wp-content\/plugins\/page-views-count\/ajax-loader-2x.gif\" border=0 \/><\/p>\n<div class=\"pvc_clear\"><\/div>\n","protected":false},"author":3,"featured_media":46971,"comment_status":"open","ping_status":"closed","sticky":false,"template":"","format":"standard","meta":{"footnotes":""},"categories":[87,5],"tags":[],"class_list":["post-46970","post","type-post","status-publish","format-standard","has-post-thumbnail","hentry","category-comunicato-stampa","category-racconti-nella-rete"],"_links":{"self":[{"href":"https:\/\/www.raccontinellarete.it\/index.php?rest_route=\/wp\/v2\/posts\/46970"}],"collection":[{"href":"https:\/\/www.raccontinellarete.it\/index.php?rest_route=\/wp\/v2\/posts"}],"about":[{"href":"https:\/\/www.raccontinellarete.it\/index.php?rest_route=\/wp\/v2\/types\/post"}],"author":[{"embeddable":true,"href":"https:\/\/www.raccontinellarete.it\/index.php?rest_route=\/wp\/v2\/users\/3"}],"replies":[{"embeddable":true,"href":"https:\/\/www.raccontinellarete.it\/index.php?rest_route=%2Fwp%2Fv2%2Fcomments&post=46970"}],"version-history":[{"count":2,"href":"https:\/\/www.raccontinellarete.it\/index.php?rest_route=\/wp\/v2\/posts\/46970\/revisions"}],"predecessor-version":[{"id":46974,"href":"https:\/\/www.raccontinellarete.it\/index.php?rest_route=\/wp\/v2\/posts\/46970\/revisions\/46974"}],"wp:featuredmedia":[{"embeddable":true,"href":"https:\/\/www.raccontinellarete.it\/index.php?rest_route=\/wp\/v2\/media\/46971"}],"wp:attachment":[{"href":"https:\/\/www.raccontinellarete.it\/index.php?rest_route=%2Fwp%2Fv2%2Fmedia&parent=46970"}],"wp:term":[{"taxonomy":"category","embeddable":true,"href":"https:\/\/www.raccontinellarete.it\/index.php?rest_route=%2Fwp%2Fv2%2Fcategories&post=46970"},{"taxonomy":"post_tag","embeddable":true,"href":"https:\/\/www.raccontinellarete.it\/index.php?rest_route=%2Fwp%2Fv2%2Ftags&post=46970"}],"curies":[{"name":"wp","href":"https:\/\/api.w.org\/{rel}","templated":true}]}}