{"id":46943,"date":"2021-08-23T18:52:55","date_gmt":"2021-08-23T17:52:55","guid":{"rendered":"http:\/\/www.raccontinellarete.it\/?p=46943"},"modified":"2021-08-24T18:34:50","modified_gmt":"2021-08-24T17:34:50","slug":"parte-ad-ottobre-la-21-edizione-del-premio","status":"publish","type":"post","link":"https:\/\/www.raccontinellarete.it\/?p=46943","title":{"rendered":"Parte ad ottobre la 21^ edizione del premio"},"content":{"rendered":"\n<p>Inizier\u00e0 a fine ottobre la nuova edizione del Premio Racconti nella Rete (2021 &#8211; 2022). In questi giorni potete leggere il nuovo regolamento aggiornato (in alto nella home page).  <\/p>\n\n\n\n<p><a href=\"https:\/\/www.raccontinellarete.it\/?page_id=6\">https:\/\/www.raccontinellarete.it\/?page_id=6<\/a><\/p>\n\n\n\n<p><a href=\"https:\/\/www.raccontinellarete.it\/?page_id=1946\">https:\/\/www.raccontinellarete.it\/?page_id=1946<\/a><\/p>\n\n\n\n<p><\/p>\n\n\n\n<p>Si potranno inserire racconti inediti, anche per la sezione bambini, e soggetti per cortometraggi.  Il premio terminer\u00e0 il 31 maggio 2022.  Il banner con le indicazioni per partecipare al concorso verr\u00e0 inserito a met\u00e0 ottobre al centro della home page.  Scrivete i vostri racconti e&#8230;. a presto!<\/p>\n\n\n\n<figure class=\"wp-block-image size-large\"><img loading=\"lazy\" decoding=\"async\" width=\"1024\" height=\"768\" src=\"https:\/\/www.raccontinellarete.it\/301\/wp-content\/uploads\/2021\/08\/10bf07f8-2a4b-4b84-b8df-c91854a25bff-1024x768.jpg\" alt=\"\" class=\"wp-image-46944\" srcset=\"https:\/\/www.raccontinellarete.it\/301\/wp-content\/uploads\/2021\/08\/10bf07f8-2a4b-4b84-b8df-c91854a25bff-1024x768.jpg 1024w, https:\/\/www.raccontinellarete.it\/301\/wp-content\/uploads\/2021\/08\/10bf07f8-2a4b-4b84-b8df-c91854a25bff-333x250.jpg 333w, https:\/\/www.raccontinellarete.it\/301\/wp-content\/uploads\/2021\/08\/10bf07f8-2a4b-4b84-b8df-c91854a25bff-768x576.jpg 768w, https:\/\/www.raccontinellarete.it\/301\/wp-content\/uploads\/2021\/08\/10bf07f8-2a4b-4b84-b8df-c91854a25bff-1536x1152.jpg 1536w, https:\/\/www.raccontinellarete.it\/301\/wp-content\/uploads\/2021\/08\/10bf07f8-2a4b-4b84-b8df-c91854a25bff.jpg 1600w\" sizes=\"(max-width: 1024px) 100vw, 1024px\" \/><\/figure>\n<div class=\"pvc_clear\"><\/div><p id=\"pvc_stats_46943\" class=\"pvc_stats all  \" data-element-id=\"46943\" style=\"\"><i class=\"pvc-stats-icon medium\" aria-hidden=\"true\"><svg aria-hidden=\"true\" focusable=\"false\" data-prefix=\"far\" data-icon=\"chart-bar\" role=\"img\" xmlns=\"http:\/\/www.w3.org\/2000\/svg\" viewBox=\"0 0 512 512\" class=\"svg-inline--fa fa-chart-bar fa-w-16 fa-2x\"><path fill=\"currentColor\" d=\"M396.8 352h22.4c6.4 0 12.8-6.4 12.8-12.8V108.8c0-6.4-6.4-12.8-12.8-12.8h-22.4c-6.4 0-12.8 6.4-12.8 12.8v230.4c0 6.4 6.4 12.8 12.8 12.8zm-192 0h22.4c6.4 0 12.8-6.4 12.8-12.8V140.8c0-6.4-6.4-12.8-12.8-12.8h-22.4c-6.4 0-12.8 6.4-12.8 12.8v198.4c0 6.4 6.4 12.8 12.8 12.8zm96 0h22.4c6.4 0 12.8-6.4 12.8-12.8V204.8c0-6.4-6.4-12.8-12.8-12.8h-22.4c-6.4 0-12.8 6.4-12.8 12.8v134.4c0 6.4 6.4 12.8 12.8 12.8zM496 400H48V80c0-8.84-7.16-16-16-16H16C7.16 64 0 71.16 0 80v336c0 17.67 14.33 32 32 32h464c8.84 0 16-7.16 16-16v-16c0-8.84-7.16-16-16-16zm-387.2-48h22.4c6.4 0 12.8-6.4 12.8-12.8v-70.4c0-6.4-6.4-12.8-12.8-12.8h-22.4c-6.4 0-12.8 6.4-12.8 12.8v70.4c0 6.4 6.4 12.8 12.8 12.8z\" class=\"\"><\/path><\/svg><\/i> <img loading=\"lazy\" decoding=\"async\" width=\"16\" height=\"16\" alt=\"Loading\" src=\"https:\/\/www.raccontinellarete.it\/301\/wp-content\/plugins\/page-views-count\/ajax-loader-2x.gif\" border=0 \/><\/p><div class=\"pvc_clear\"><\/div>","protected":false},"excerpt":{"rendered":"<p>Inizier\u00e0 a fine ottobre la nuova edizione del Premio Racconti nella Rete (2021 &#8211; 2022). In questi giorni potete leggere il nuovo regolamento aggiornato (in alto nella home page). https:\/\/www.raccontinellarete.it\/?page_id=6 https:\/\/www.raccontinellarete.it\/?page_id=1946 Si potranno inserire racconti inediti, anche per la sezione bambini, e soggetti per cortometraggi. Il premio terminer\u00e0 il 31 maggio 2022. Il banner con [&hellip;]<\/p>\n<div class=\"pvc_clear\"><\/div>\n<p id=\"pvc_stats_46943\" class=\"pvc_stats all  \" data-element-id=\"46943\" style=\"\"><i class=\"pvc-stats-icon medium\" aria-hidden=\"true\"><svg aria-hidden=\"true\" focusable=\"false\" data-prefix=\"far\" data-icon=\"chart-bar\" role=\"img\" xmlns=\"http:\/\/www.w3.org\/2000\/svg\" viewBox=\"0 0 512 512\" class=\"svg-inline--fa fa-chart-bar fa-w-16 fa-2x\"><path fill=\"currentColor\" d=\"M396.8 352h22.4c6.4 0 12.8-6.4 12.8-12.8V108.8c0-6.4-6.4-12.8-12.8-12.8h-22.4c-6.4 0-12.8 6.4-12.8 12.8v230.4c0 6.4 6.4 12.8 12.8 12.8zm-192 0h22.4c6.4 0 12.8-6.4 12.8-12.8V140.8c0-6.4-6.4-12.8-12.8-12.8h-22.4c-6.4 0-12.8 6.4-12.8 12.8v198.4c0 6.4 6.4 12.8 12.8 12.8zm96 0h22.4c6.4 0 12.8-6.4 12.8-12.8V204.8c0-6.4-6.4-12.8-12.8-12.8h-22.4c-6.4 0-12.8 6.4-12.8 12.8v134.4c0 6.4 6.4 12.8 12.8 12.8zM496 400H48V80c0-8.84-7.16-16-16-16H16C7.16 64 0 71.16 0 80v336c0 17.67 14.33 32 32 32h464c8.84 0 16-7.16 16-16v-16c0-8.84-7.16-16-16-16zm-387.2-48h22.4c6.4 0 12.8-6.4 12.8-12.8v-70.4c0-6.4-6.4-12.8-12.8-12.8h-22.4c-6.4 0-12.8 6.4-12.8 12.8v70.4c0 6.4 6.4 12.8 12.8 12.8z\" class=\"\"><\/path><\/svg><\/i> <img loading=\"lazy\" decoding=\"async\" width=\"16\" height=\"16\" alt=\"Loading\" src=\"https:\/\/www.raccontinellarete.it\/301\/wp-content\/plugins\/page-views-count\/ajax-loader-2x.gif\" border=0 \/><\/p>\n<div class=\"pvc_clear\"><\/div>\n","protected":false},"author":3,"featured_media":0,"comment_status":"open","ping_status":"closed","sticky":false,"template":"","format":"standard","meta":{"footnotes":""},"categories":[547,543,4,86],"tags":[],"class_list":["post-46943","post","type-post","status-publish","format-standard","hentry","category-f-o-r-u-m","category-forum-di-racconti-nella-rete","category-news","category-news-racconti-nella-rete"],"_links":{"self":[{"href":"https:\/\/www.raccontinellarete.it\/index.php?rest_route=\/wp\/v2\/posts\/46943"}],"collection":[{"href":"https:\/\/www.raccontinellarete.it\/index.php?rest_route=\/wp\/v2\/posts"}],"about":[{"href":"https:\/\/www.raccontinellarete.it\/index.php?rest_route=\/wp\/v2\/types\/post"}],"author":[{"embeddable":true,"href":"https:\/\/www.raccontinellarete.it\/index.php?rest_route=\/wp\/v2\/users\/3"}],"replies":[{"embeddable":true,"href":"https:\/\/www.raccontinellarete.it\/index.php?rest_route=%2Fwp%2Fv2%2Fcomments&post=46943"}],"version-history":[{"count":3,"href":"https:\/\/www.raccontinellarete.it\/index.php?rest_route=\/wp\/v2\/posts\/46943\/revisions"}],"predecessor-version":[{"id":46961,"href":"https:\/\/www.raccontinellarete.it\/index.php?rest_route=\/wp\/v2\/posts\/46943\/revisions\/46961"}],"wp:attachment":[{"href":"https:\/\/www.raccontinellarete.it\/index.php?rest_route=%2Fwp%2Fv2%2Fmedia&parent=46943"}],"wp:term":[{"taxonomy":"category","embeddable":true,"href":"https:\/\/www.raccontinellarete.it\/index.php?rest_route=%2Fwp%2Fv2%2Fcategories&post=46943"},{"taxonomy":"post_tag","embeddable":true,"href":"https:\/\/www.raccontinellarete.it\/index.php?rest_route=%2Fwp%2Fv2%2Ftags&post=46943"}],"curies":[{"name":"wp","href":"https:\/\/api.w.org\/{rel}","templated":true}]}}