{"id":46936,"date":"2021-08-23T18:00:43","date_gmt":"2021-08-23T17:00:43","guid":{"rendered":"http:\/\/www.raccontinellarete.it\/?p=46936"},"modified":"2021-08-23T18:01:41","modified_gmt":"2021-08-23T17:01:41","slug":"tagliacozzo-successo-per-il-premio-racconti-nella-rete-e-la-mostra-dante-sette-volte-cento","status":"publish","type":"post","link":"https:\/\/www.raccontinellarete.it\/?p=46936","title":{"rendered":"Tagliacozzo &#8211; Successo per il premio Racconti nella Rete e la mostra &#8220;Dante sette volte cento&#8221;"},"content":{"rendered":"\n<p><strong>GRANDE SUCCESSO PER\u00a0 GLI APPUNTAMENTI ORGANIZZATI al &#8220;37\u00b0 Festival Internazionale di Mezza Estate\u201d di Tagliacozzo \u00a0in collaborazione con il festival LuccAutori<\/strong><\/p>\n\n\n\n<p><strong>Ha destato grande interesse l\u2019inaugurazione della mostra&nbsp; \u201cDante sette volte cento\u201d&nbsp; allestita presso il Chiostro di San Francesco&nbsp;.&nbsp; L\u2019esposizione di disegni umoristici &nbsp;di importanti illustratori e vignettisti, a cura di Stefano Giraldi,&nbsp; \u00e8 collegata al festival letterario LuccAutori.&nbsp; <\/strong>La&nbsp;mostra, organizzata con il patrocinio&nbsp;del Comune di Tagliacozzo e in collaborazione con il Comitato Danted\u00ec&nbsp; \u2013 Centro Studi Medievali Internazionali di Tagliacozzo, sar\u00e0 visitabile tutti i giorni dalle 10.30 alle 19 fino al 15 settembre.&nbsp; Le opere sono state commentate dalla coordinatrice della premi\u00e8re abruzzese Donatella Salucci in collaborazione con il presidente di LuccAutori, Demetrio Brandi. \u00c8 intervenuta la presidente del Comitato Danted\u00ec, Laura Micalizio; presenti in sala, il presidente onorario Franco Salvatori, il consigliere Emanuele Nicolini.<\/p>\n\n\n\n<p>La mostra \u00e8 un omaggio al sommo poeta e alla sua Divina Commedia.&nbsp; Gli artisti presenti con i loro disegni sono Sergio Staino, Bruno Bozzetto, Marco De Angelis, Lido Contemori, Dino Aloi, Gianni Audisio, Enrico Bandelli, Massimo Cantini, Milko Dalla Battista, Massimo Cavezzali, Andrea Granchi, Andrea Ferrara, Giovanni Mazzi, Gianni Oliveti, Mauro Pispoli, Massimo Presciutti, Giuliano Rossetti, Stefano Carlo Vecoli, Angela Volpi.<\/p>\n\n\n\n<p><strong>Nel pomeriggio di gioved\u00ec, al teatro Talia, si \u00e8 svolto l\u2019incontro con alcuni vincitori&nbsp;del Premio letterario Racconti nella Rete<\/strong>.&nbsp;&nbsp;Il sindaco Vincenzo Giovagnorio ha introdotto l\u2019incontro inserito nel programma del 37\u00b0 Festival Internazionale di Mezza Estate.&nbsp; In sala la presidente del consiglio comunale Anna Mastroddi.&nbsp; Con&nbsp;Demetrio&nbsp;Brandi, presidente di LuccAutori e del premio letterario, sono intervenuti gli scrittori Elisa De Leonardis, Salvatore D\u2019Ascenzo e Marco Floridia. Le letture dei racconti sono state curate da due ospiti d\u2019eccezione: la scrittrice e attrice pescarese Franca Minnucci e l\u2019attore avezzanese Antonio Pellegrini. L\u2019appuntamento letterario \u00e8 stato introdotto dalla curatrice dell\u2019evento Donatella Salucci, vicepresidente del Comitato Danted\u00ec CSMI \u2013 Tagliacozzo, e membro della giuria del premio letterario.&nbsp; Nell\u2019occasione Demetrio Brandi ha ricordato le prime venti edizioni del premio.&nbsp; Il Premio letterario \u201cRacconti nella Rete\u201d viene considerato il pi\u00f9 grande premio nazionale per inediti online.<\/p>\n\n\n\n<p>La copertina dell\u2019antologia 2021, edita da Castelvecchi,&nbsp; \u00e8 arricchita dalla copertina realizzata da Bruno Bozzetto&nbsp; e dalla prefazione di Ennio Cavalli.&nbsp;&nbsp;&nbsp;<\/p>\n\n\n\n<p>Nel sito del premio gli utenti trovano una piattaforma di confronto per chi desidera mettersi alla prova con le parole, per quanti non temono di mettere a nudo i propri sentimenti sottoponendo i propri scritti al giudizio di altri lettori e scrittori. La peculiarit\u00e0 del premio consiste nella pubblicazione nel sito&nbsp;<a href=\"https:\/\/www.raccontinellarete.it\/\">www.raccontinellarete.it<\/a>&nbsp; di tutti racconti in concorso e nella possibilit\u00e0 che questi vengano letti e commentati dagli utenti.<\/p>\n\n\n\n<p>Il volume raccoglie i 25 racconti vincitori della ventesima edizione del premio. Scrigno di piccole storie compiute, l\u2019antologia diventa testimonianza del tempo in cui viviamo ed espressione di tematiche sociali affrontate a volte con leggerezza altre volte con passione, sensibilit\u00e0 e rabbia. Espressione di una qualit\u00e0 letteraria in continua crescita, i racconti si caratterizzano per una prosa sempre pi\u00f9 raffinata e variegata e con stili narrativi originali.&nbsp;&nbsp;<\/p>\n\n\n\n<p>Durante l\u2019incontro verr\u00e0 presentata la nuova edizione del premio, riservato a racconti brevi e soggetti per cortometraggi.&nbsp; Il concorso, che prevede anche una sezione dedicata ai racconti per bambini, parte a fine ottobre nel sito&nbsp;<a href=\"https:\/\/www.raccontinellarete.it\/\">www.raccontinellarete.it<\/a>&nbsp;e si concluder\u00e0 il 31 maggio. Dopo ci sar\u00e0 la selezione dei racconti, la pubblicazione e la premiazione a Lucca, nell\u2019ambito del Festival LuccAutori.&nbsp; Il vincitore della sezione corti vedr\u00e0 realizzato il proprio cortometraggio in collaborazione con la scuola di cinema Immagina di Firenze.&nbsp;<\/p>\n\n\n\n<p>La premiazione dei vincitori della ventesima edizione \u00e8 in programma a Lucca il 2 e 3 ottobre nell\u2019ambito della ventisettesima edizione del festival LuccAutori.<\/p>\n\n\n\n<figure class=\"wp-block-image size-large\"><img loading=\"lazy\" decoding=\"async\" width=\"1024\" height=\"768\" src=\"https:\/\/www.raccontinellarete.it\/301\/wp-content\/uploads\/2021\/08\/3c5aaf77-506e-4270-848d-fc61f841b93f-1024x768.jpg\" alt=\"\" class=\"wp-image-46937\" srcset=\"https:\/\/www.raccontinellarete.it\/301\/wp-content\/uploads\/2021\/08\/3c5aaf77-506e-4270-848d-fc61f841b93f-1024x768.jpg 1024w, https:\/\/www.raccontinellarete.it\/301\/wp-content\/uploads\/2021\/08\/3c5aaf77-506e-4270-848d-fc61f841b93f-333x250.jpg 333w, https:\/\/www.raccontinellarete.it\/301\/wp-content\/uploads\/2021\/08\/3c5aaf77-506e-4270-848d-fc61f841b93f-768x576.jpg 768w, https:\/\/www.raccontinellarete.it\/301\/wp-content\/uploads\/2021\/08\/3c5aaf77-506e-4270-848d-fc61f841b93f-1536x1152.jpg 1536w, https:\/\/www.raccontinellarete.it\/301\/wp-content\/uploads\/2021\/08\/3c5aaf77-506e-4270-848d-fc61f841b93f.jpg 1600w\" sizes=\"(max-width: 1024px) 100vw, 1024px\" \/><\/figure>\n\n\n\n<figure class=\"wp-block-image size-large\"><img loading=\"lazy\" decoding=\"async\" width=\"1024\" height=\"472\" src=\"https:\/\/www.raccontinellarete.it\/301\/wp-content\/uploads\/2021\/08\/11f0db57-9eee-4540-bbdb-0cccc2ee09a5-1024x472.jpg\" alt=\"\" class=\"wp-image-46938\" srcset=\"https:\/\/www.raccontinellarete.it\/301\/wp-content\/uploads\/2021\/08\/11f0db57-9eee-4540-bbdb-0cccc2ee09a5-1024x472.jpg 1024w, https:\/\/www.raccontinellarete.it\/301\/wp-content\/uploads\/2021\/08\/11f0db57-9eee-4540-bbdb-0cccc2ee09a5-344x158.jpg 344w, https:\/\/www.raccontinellarete.it\/301\/wp-content\/uploads\/2021\/08\/11f0db57-9eee-4540-bbdb-0cccc2ee09a5-768x354.jpg 768w, https:\/\/www.raccontinellarete.it\/301\/wp-content\/uploads\/2021\/08\/11f0db57-9eee-4540-bbdb-0cccc2ee09a5-1536x708.jpg 1536w, https:\/\/www.raccontinellarete.it\/301\/wp-content\/uploads\/2021\/08\/11f0db57-9eee-4540-bbdb-0cccc2ee09a5.jpg 1600w\" sizes=\"(max-width: 1024px) 100vw, 1024px\" \/><\/figure>\n<div class=\"pvc_clear\"><\/div><p id=\"pvc_stats_46936\" class=\"pvc_stats all  \" data-element-id=\"46936\" style=\"\"><i class=\"pvc-stats-icon medium\" aria-hidden=\"true\"><svg aria-hidden=\"true\" focusable=\"false\" data-prefix=\"far\" data-icon=\"chart-bar\" role=\"img\" xmlns=\"http:\/\/www.w3.org\/2000\/svg\" viewBox=\"0 0 512 512\" class=\"svg-inline--fa fa-chart-bar fa-w-16 fa-2x\"><path fill=\"currentColor\" d=\"M396.8 352h22.4c6.4 0 12.8-6.4 12.8-12.8V108.8c0-6.4-6.4-12.8-12.8-12.8h-22.4c-6.4 0-12.8 6.4-12.8 12.8v230.4c0 6.4 6.4 12.8 12.8 12.8zm-192 0h22.4c6.4 0 12.8-6.4 12.8-12.8V140.8c0-6.4-6.4-12.8-12.8-12.8h-22.4c-6.4 0-12.8 6.4-12.8 12.8v198.4c0 6.4 6.4 12.8 12.8 12.8zm96 0h22.4c6.4 0 12.8-6.4 12.8-12.8V204.8c0-6.4-6.4-12.8-12.8-12.8h-22.4c-6.4 0-12.8 6.4-12.8 12.8v134.4c0 6.4 6.4 12.8 12.8 12.8zM496 400H48V80c0-8.84-7.16-16-16-16H16C7.16 64 0 71.16 0 80v336c0 17.67 14.33 32 32 32h464c8.84 0 16-7.16 16-16v-16c0-8.84-7.16-16-16-16zm-387.2-48h22.4c6.4 0 12.8-6.4 12.8-12.8v-70.4c0-6.4-6.4-12.8-12.8-12.8h-22.4c-6.4 0-12.8 6.4-12.8 12.8v70.4c0 6.4 6.4 12.8 12.8 12.8z\" class=\"\"><\/path><\/svg><\/i> <img loading=\"lazy\" decoding=\"async\" width=\"16\" height=\"16\" alt=\"Loading\" src=\"https:\/\/www.raccontinellarete.it\/301\/wp-content\/plugins\/page-views-count\/ajax-loader-2x.gif\" border=0 \/><\/p><div class=\"pvc_clear\"><\/div>","protected":false},"excerpt":{"rendered":"<p>GRANDE SUCCESSO PER\u00a0 GLI APPUNTAMENTI ORGANIZZATI al &#8220;37\u00b0 Festival Internazionale di Mezza Estate\u201d di Tagliacozzo \u00a0in collaborazione con il festival LuccAutori Ha destato grande interesse l\u2019inaugurazione della mostra&nbsp; \u201cDante sette volte cento\u201d&nbsp; allestita presso il Chiostro di San Francesco&nbsp;.&nbsp; L\u2019esposizione di disegni umoristici &nbsp;di importanti illustratori e vignettisti, a cura di Stefano Giraldi,&nbsp; \u00e8 collegata [&hellip;]<\/p>\n<div class=\"pvc_clear\"><\/div>\n<p id=\"pvc_stats_46936\" class=\"pvc_stats all  \" data-element-id=\"46936\" style=\"\"><i class=\"pvc-stats-icon medium\" aria-hidden=\"true\"><svg aria-hidden=\"true\" focusable=\"false\" data-prefix=\"far\" data-icon=\"chart-bar\" role=\"img\" xmlns=\"http:\/\/www.w3.org\/2000\/svg\" viewBox=\"0 0 512 512\" class=\"svg-inline--fa fa-chart-bar fa-w-16 fa-2x\"><path fill=\"currentColor\" d=\"M396.8 352h22.4c6.4 0 12.8-6.4 12.8-12.8V108.8c0-6.4-6.4-12.8-12.8-12.8h-22.4c-6.4 0-12.8 6.4-12.8 12.8v230.4c0 6.4 6.4 12.8 12.8 12.8zm-192 0h22.4c6.4 0 12.8-6.4 12.8-12.8V140.8c0-6.4-6.4-12.8-12.8-12.8h-22.4c-6.4 0-12.8 6.4-12.8 12.8v198.4c0 6.4 6.4 12.8 12.8 12.8zm96 0h22.4c6.4 0 12.8-6.4 12.8-12.8V204.8c0-6.4-6.4-12.8-12.8-12.8h-22.4c-6.4 0-12.8 6.4-12.8 12.8v134.4c0 6.4 6.4 12.8 12.8 12.8zM496 400H48V80c0-8.84-7.16-16-16-16H16C7.16 64 0 71.16 0 80v336c0 17.67 14.33 32 32 32h464c8.84 0 16-7.16 16-16v-16c0-8.84-7.16-16-16-16zm-387.2-48h22.4c6.4 0 12.8-6.4 12.8-12.8v-70.4c0-6.4-6.4-12.8-12.8-12.8h-22.4c-6.4 0-12.8 6.4-12.8 12.8v70.4c0 6.4 6.4 12.8 12.8 12.8z\" class=\"\"><\/path><\/svg><\/i> <img loading=\"lazy\" decoding=\"async\" width=\"16\" height=\"16\" alt=\"Loading\" src=\"https:\/\/www.raccontinellarete.it\/301\/wp-content\/plugins\/page-views-count\/ajax-loader-2x.gif\" border=0 \/><\/p>\n<div class=\"pvc_clear\"><\/div>\n","protected":false},"author":3,"featured_media":46939,"comment_status":"open","ping_status":"closed","sticky":false,"template":"","format":"standard","meta":{"footnotes":""},"categories":[87,547,5],"tags":[],"class_list":["post-46936","post","type-post","status-publish","format-standard","has-post-thumbnail","hentry","category-comunicato-stampa","category-f-o-r-u-m","category-racconti-nella-rete"],"_links":{"self":[{"href":"https:\/\/www.raccontinellarete.it\/index.php?rest_route=\/wp\/v2\/posts\/46936"}],"collection":[{"href":"https:\/\/www.raccontinellarete.it\/index.php?rest_route=\/wp\/v2\/posts"}],"about":[{"href":"https:\/\/www.raccontinellarete.it\/index.php?rest_route=\/wp\/v2\/types\/post"}],"author":[{"embeddable":true,"href":"https:\/\/www.raccontinellarete.it\/index.php?rest_route=\/wp\/v2\/users\/3"}],"replies":[{"embeddable":true,"href":"https:\/\/www.raccontinellarete.it\/index.php?rest_route=%2Fwp%2Fv2%2Fcomments&post=46936"}],"version-history":[{"count":2,"href":"https:\/\/www.raccontinellarete.it\/index.php?rest_route=\/wp\/v2\/posts\/46936\/revisions"}],"predecessor-version":[{"id":46941,"href":"https:\/\/www.raccontinellarete.it\/index.php?rest_route=\/wp\/v2\/posts\/46936\/revisions\/46941"}],"wp:featuredmedia":[{"embeddable":true,"href":"https:\/\/www.raccontinellarete.it\/index.php?rest_route=\/wp\/v2\/media\/46939"}],"wp:attachment":[{"href":"https:\/\/www.raccontinellarete.it\/index.php?rest_route=%2Fwp%2Fv2%2Fmedia&parent=46936"}],"wp:term":[{"taxonomy":"category","embeddable":true,"href":"https:\/\/www.raccontinellarete.it\/index.php?rest_route=%2Fwp%2Fv2%2Fcategories&post=46936"},{"taxonomy":"post_tag","embeddable":true,"href":"https:\/\/www.raccontinellarete.it\/index.php?rest_route=%2Fwp%2Fv2%2Ftags&post=46936"}],"curies":[{"name":"wp","href":"https:\/\/api.w.org\/{rel}","templated":true}]}}