{"id":46926,"date":"2021-08-16T12:14:40","date_gmt":"2021-08-16T11:14:40","guid":{"rendered":"http:\/\/www.raccontinellarete.it\/?p=46926"},"modified":"2021-09-03T19:16:12","modified_gmt":"2021-09-03T18:16:12","slug":"racconti-nella-rete-sabato-28-agosto-a-reggio-calabria","status":"publish","type":"post","link":"https:\/\/www.raccontinellarete.it\/?p=46926","title":{"rendered":"Racconti nella Rete sabato 28 agosto a  Reggio Calabria"},"content":{"rendered":"\n<p><\/p>\n\n\n\n<p><strong>BALENANDO IN BURRASCA Reading Festival&nbsp; 2021<\/strong><\/p>\n\n\n\n<p><strong>Sabato 28 agosto alle 18 al Castello Aragonese di Reggio Calabria \u00e8 in programma la presentazione del&nbsp;premio letterario &nbsp;Racconti nella Rete.&nbsp; Si parte&nbsp; con la proiezione del corto \u201cNon lo faccia\u201d per la regia di Giuseppe Ferlito, scritto dalla reggina Katia Colica. Il soggetto ha vinto la selezione 2019 della sezione corti del premio Racconti nella Rete.<\/strong>  <strong>Sar\u00e0 presente l&#8217;attore Sebastiano D&#8217;Agostino. <\/strong> <\/p>\n\n\n\n<p><strong>A seguire, intervengono il presidente Demetrio Brandi, gli scrittori Barbara Cutrupi e Maurizio Polimeni &#8211;  vincitori del premio letterario, e l&#8217;artista Bruno Salvatore Latella che presenter\u00e0 in anteprima la sua opera partecipante alla mostra di LuccAutori dal titolo &#8220;Dante sette volte cento&#8221;.&nbsp; Letture a cura di Maria Grazia Manti.  Con la partecipazione di &nbsp;Aldo Libri, scrittore e segretario del SUL \u2013 Sindacato Artisti.<\/strong><\/p>\n\n\n\n<p><strong>Nell\u2019occasione saranno ricordate le prime venti edizioni del premio.&nbsp; Il Premio letterario \u201cRacconti nella Rete\u201d viene considerato il pi\u00f9 grande premio nazionale per inediti online. &nbsp;La copertina dell\u2019antologia 2021, edita da Castelvecchi,&nbsp; \u00e8 arricchita dalla copertina realizzata da Bruno Bozzetto&nbsp; e dalla prefazione di Ennio Cavalli.&nbsp;&nbsp;<\/strong><\/p>\n\n\n\n<p>Nel sito del premio gli utenti trovano una piattaforma di confronto per chi desidera mettersi alla prova con le parole, per quanti non temono di mettere a nudo i propri sentimenti sottoponendo i propri scritti al giudizio di altri lettori e scrittori. La peculiarit\u00e0 del premio consiste nella pubblicazione nel sito www.raccontinellarete.it&nbsp; di tutti racconti in concorso e nella possibilit\u00e0 che questi vengano letti e commentati dagli utenti.<\/p>\n\n\n\n<p>Il volume raccoglie i 25 racconti vincitori della ventesima edizione del premio. Scrigno di piccole storie compiute, l\u2019antologia diventa testimonianza del tempo in cui viviamo ed espressione di tematiche sociali affrontate a volte con leggerezza altre volte con passione, sensibilit\u00e0 e rabbia. Espressione di una qualit\u00e0 letteraria in continua crescita, i racconti si caratterizzano per una prosa sempre pi\u00f9 raffinata e variegata e con stili narrativi originali.&nbsp;<\/p>\n\n\n\n<p>Durante l\u2019incontro verr\u00e0 presentata la nuova edizione del premio, riservato a racconti brevi e soggetti per cortometraggi.&nbsp; Il concorso, che prevede anche una sezione dedicata ai racconti per bambini, parte a fine ottobre nel sito <a href=\"http:\/\/w\">www.raccontinellarete.it<\/a> e si concluder\u00e0 il 31 maggio. Dopo ci sar\u00e0 la selezione dei racconti, la pubblicazione e la premiazione a Lucca, nell\u2019ambito del Festival LuccAutori.&nbsp; Il vincitore della sezione corti vedr\u00e0 realizzato il proprio cortometraggio in collaborazione con la scuola di cinema Immagina di Firenze.<\/p>\n\n\n\n<p><strong>La premiazione dei vincitori della ventesima edizione \u00e8 in programma a Lucca il 2 e 3 ottobre nell\u2019ambito della ventisettesima edizione del festival LuccAutori.<\/strong><\/p>\n\n\n\n<p>L\u2019Ufficio Stampa&nbsp;<\/p>\n\n\n\n<p>LuccAutori 0584651874<\/p>\n\n\n\n<figure class=\"wp-block-embed is-type-video is-provider-youtube wp-block-embed-youtube wp-embed-aspect-16-9 wp-has-aspect-ratio\"><div class=\"wp-block-embed__wrapper\">\n<iframe loading=\"lazy\" title=\"Anteprima Racconti nella Rete 2021 al Balenando in Burrasca Reading Festival\" width=\"500\" height=\"281\" src=\"https:\/\/www.youtube.com\/embed\/7zFpkmw4COU?feature=oembed\" frameborder=\"0\" allow=\"accelerometer; autoplay; clipboard-write; encrypted-media; gyroscope; picture-in-picture; web-share\" referrerpolicy=\"strict-origin-when-cross-origin\" allowfullscreen><\/iframe>\n<\/div><\/figure>\n\n\n\n<figure class=\"wp-block-image size-large\"><img loading=\"lazy\" decoding=\"async\" width=\"1024\" height=\"349\" src=\"https:\/\/www.raccontinellarete.it\/301\/wp-content\/uploads\/2021\/08\/Balenando-II-ediz-ottobre-or-striscione-2021-copia-1024x349.jpg\" alt=\"\" class=\"wp-image-46927\" srcset=\"https:\/\/www.raccontinellarete.it\/301\/wp-content\/uploads\/2021\/08\/Balenando-II-ediz-ottobre-or-striscione-2021-copia-1024x349.jpg 1024w, https:\/\/www.raccontinellarete.it\/301\/wp-content\/uploads\/2021\/08\/Balenando-II-ediz-ottobre-or-striscione-2021-copia-344x117.jpg 344w, https:\/\/www.raccontinellarete.it\/301\/wp-content\/uploads\/2021\/08\/Balenando-II-ediz-ottobre-or-striscione-2021-copia-768x262.jpg 768w, https:\/\/www.raccontinellarete.it\/301\/wp-content\/uploads\/2021\/08\/Balenando-II-ediz-ottobre-or-striscione-2021-copia.jpg 1300w\" sizes=\"(max-width: 1024px) 100vw, 1024px\" \/><\/figure>\n\n\n\n<p><\/p>\n<div class=\"pvc_clear\"><\/div><p id=\"pvc_stats_46926\" class=\"pvc_stats all  \" data-element-id=\"46926\" style=\"\"><i class=\"pvc-stats-icon medium\" aria-hidden=\"true\"><svg aria-hidden=\"true\" focusable=\"false\" data-prefix=\"far\" data-icon=\"chart-bar\" role=\"img\" xmlns=\"http:\/\/www.w3.org\/2000\/svg\" viewBox=\"0 0 512 512\" class=\"svg-inline--fa fa-chart-bar fa-w-16 fa-2x\"><path fill=\"currentColor\" d=\"M396.8 352h22.4c6.4 0 12.8-6.4 12.8-12.8V108.8c0-6.4-6.4-12.8-12.8-12.8h-22.4c-6.4 0-12.8 6.4-12.8 12.8v230.4c0 6.4 6.4 12.8 12.8 12.8zm-192 0h22.4c6.4 0 12.8-6.4 12.8-12.8V140.8c0-6.4-6.4-12.8-12.8-12.8h-22.4c-6.4 0-12.8 6.4-12.8 12.8v198.4c0 6.4 6.4 12.8 12.8 12.8zm96 0h22.4c6.4 0 12.8-6.4 12.8-12.8V204.8c0-6.4-6.4-12.8-12.8-12.8h-22.4c-6.4 0-12.8 6.4-12.8 12.8v134.4c0 6.4 6.4 12.8 12.8 12.8zM496 400H48V80c0-8.84-7.16-16-16-16H16C7.16 64 0 71.16 0 80v336c0 17.67 14.33 32 32 32h464c8.84 0 16-7.16 16-16v-16c0-8.84-7.16-16-16-16zm-387.2-48h22.4c6.4 0 12.8-6.4 12.8-12.8v-70.4c0-6.4-6.4-12.8-12.8-12.8h-22.4c-6.4 0-12.8 6.4-12.8 12.8v70.4c0 6.4 6.4 12.8 12.8 12.8z\" class=\"\"><\/path><\/svg><\/i> <img loading=\"lazy\" decoding=\"async\" width=\"16\" height=\"16\" alt=\"Loading\" src=\"https:\/\/www.raccontinellarete.it\/301\/wp-content\/plugins\/page-views-count\/ajax-loader-2x.gif\" border=0 \/><\/p><div class=\"pvc_clear\"><\/div>","protected":false},"excerpt":{"rendered":"<p>BALENANDO IN BURRASCA Reading Festival&nbsp; 2021 Sabato 28 agosto alle 18 al Castello Aragonese di Reggio Calabria \u00e8 in programma la presentazione del&nbsp;premio letterario &nbsp;Racconti nella Rete.&nbsp; Si parte&nbsp; con la proiezione del corto \u201cNon lo faccia\u201d per la regia di Giuseppe Ferlito, scritto dalla reggina Katia Colica. Il soggetto ha vinto la selezione 2019 [&hellip;]<\/p>\n<div class=\"pvc_clear\"><\/div>\n<p id=\"pvc_stats_46926\" class=\"pvc_stats all  \" data-element-id=\"46926\" style=\"\"><i class=\"pvc-stats-icon medium\" aria-hidden=\"true\"><svg aria-hidden=\"true\" focusable=\"false\" data-prefix=\"far\" data-icon=\"chart-bar\" role=\"img\" xmlns=\"http:\/\/www.w3.org\/2000\/svg\" viewBox=\"0 0 512 512\" class=\"svg-inline--fa fa-chart-bar fa-w-16 fa-2x\"><path fill=\"currentColor\" d=\"M396.8 352h22.4c6.4 0 12.8-6.4 12.8-12.8V108.8c0-6.4-6.4-12.8-12.8-12.8h-22.4c-6.4 0-12.8 6.4-12.8 12.8v230.4c0 6.4 6.4 12.8 12.8 12.8zm-192 0h22.4c6.4 0 12.8-6.4 12.8-12.8V140.8c0-6.4-6.4-12.8-12.8-12.8h-22.4c-6.4 0-12.8 6.4-12.8 12.8v198.4c0 6.4 6.4 12.8 12.8 12.8zm96 0h22.4c6.4 0 12.8-6.4 12.8-12.8V204.8c0-6.4-6.4-12.8-12.8-12.8h-22.4c-6.4 0-12.8 6.4-12.8 12.8v134.4c0 6.4 6.4 12.8 12.8 12.8zM496 400H48V80c0-8.84-7.16-16-16-16H16C7.16 64 0 71.16 0 80v336c0 17.67 14.33 32 32 32h464c8.84 0 16-7.16 16-16v-16c0-8.84-7.16-16-16-16zm-387.2-48h22.4c6.4 0 12.8-6.4 12.8-12.8v-70.4c0-6.4-6.4-12.8-12.8-12.8h-22.4c-6.4 0-12.8 6.4-12.8 12.8v70.4c0 6.4 6.4 12.8 12.8 12.8z\" class=\"\"><\/path><\/svg><\/i> <img loading=\"lazy\" decoding=\"async\" width=\"16\" height=\"16\" alt=\"Loading\" src=\"https:\/\/www.raccontinellarete.it\/301\/wp-content\/plugins\/page-views-count\/ajax-loader-2x.gif\" border=0 \/><\/p>\n<div class=\"pvc_clear\"><\/div>\n","protected":false},"author":3,"featured_media":46927,"comment_status":"open","ping_status":"closed","sticky":false,"template":"","format":"standard","meta":{"footnotes":""},"categories":[87,5,4],"tags":[],"class_list":["post-46926","post","type-post","status-publish","format-standard","has-post-thumbnail","hentry","category-comunicato-stampa","category-racconti-nella-rete","category-news"],"_links":{"self":[{"href":"https:\/\/www.raccontinellarete.it\/index.php?rest_route=\/wp\/v2\/posts\/46926"}],"collection":[{"href":"https:\/\/www.raccontinellarete.it\/index.php?rest_route=\/wp\/v2\/posts"}],"about":[{"href":"https:\/\/www.raccontinellarete.it\/index.php?rest_route=\/wp\/v2\/types\/post"}],"author":[{"embeddable":true,"href":"https:\/\/www.raccontinellarete.it\/index.php?rest_route=\/wp\/v2\/users\/3"}],"replies":[{"embeddable":true,"href":"https:\/\/www.raccontinellarete.it\/index.php?rest_route=%2Fwp%2Fv2%2Fcomments&post=46926"}],"version-history":[{"count":11,"href":"https:\/\/www.raccontinellarete.it\/index.php?rest_route=\/wp\/v2\/posts\/46926\/revisions"}],"predecessor-version":[{"id":46975,"href":"https:\/\/www.raccontinellarete.it\/index.php?rest_route=\/wp\/v2\/posts\/46926\/revisions\/46975"}],"wp:featuredmedia":[{"embeddable":true,"href":"https:\/\/www.raccontinellarete.it\/index.php?rest_route=\/wp\/v2\/media\/46927"}],"wp:attachment":[{"href":"https:\/\/www.raccontinellarete.it\/index.php?rest_route=%2Fwp%2Fv2%2Fmedia&parent=46926"}],"wp:term":[{"taxonomy":"category","embeddable":true,"href":"https:\/\/www.raccontinellarete.it\/index.php?rest_route=%2Fwp%2Fv2%2Fcategories&post=46926"},{"taxonomy":"post_tag","embeddable":true,"href":"https:\/\/www.raccontinellarete.it\/index.php?rest_route=%2Fwp%2Fv2%2Ftags&post=46926"}],"curies":[{"name":"wp","href":"https:\/\/api.w.org\/{rel}","templated":true}]}}