{"id":46893,"date":"2021-08-06T16:42:32","date_gmt":"2021-08-06T15:42:32","guid":{"rendered":"http:\/\/www.raccontinellarete.it\/?p=46893"},"modified":"2021-08-09T17:45:04","modified_gmt":"2021-08-09T16:45:04","slug":"racconti-nella-rete-partecipa-al-37-festival-internazionale-di-mezza-estate-di-tagliacozzo","status":"publish","type":"post","link":"https:\/\/www.raccontinellarete.it\/?p=46893","title":{"rendered":"Racconti nella Rete partecipa al \u201c37\u00b0 Festival Internazionale di Mezza Estate\u201d di Tagliacozzo"},"content":{"rendered":"\n<p><strong><u>QUANDO LE STORIE CORRONO SUL WEB<\/u><\/strong>  <strong><u>Presentazione dell\u2019antologia Racconti nella Rete<\/u><\/strong><\/p>\n\n\n\n<p><strong>Gioved\u00ec 19 agosto al \u201c37\u00b0 Festival Internazionale di Mezza Estate \u201d di Tagliacozzo (Aq)&nbsp; sono in programma due appuntamenti&nbsp; organizzati in collaborazione con il festival LuccAutori.<\/strong><\/p>\n\n\n\n<p><strong>Alle ore 12&nbsp; presso il Chiostro di San Francesco&nbsp; avr\u00e0 luogo l\u2019inaugurazione della mostra \u201cDante sette volte cento<\/strong>\u201d, a cura di Stefano Giraldi, che vedr\u00e0 l\u2019esposizione di alcuni disegni di importanti illustratori e vignettisti. Mostra organizzata con il patrocinio&nbsp; del Comune di Tagliacozzo ed il Comitato Danted\u00ec&nbsp; \u2013 Centro Studi Medievali Internazionali \u2013 Tagliacozzo. Saranno presenti il Sindaco, Vincenzo Giovagnorio, e la presidente del Comitato Danted\u00ec, Laura Micalizio.<\/p>\n\n\n\n<p><strong>Nel pomeriggio,&nbsp; alle 18, al teatro Talia l\u2019incontro con alcuni vincitori&nbsp; del Premio letterario Racconti nella Rete.&nbsp;&nbsp; <\/strong>Con Demetrio Brandi, presidente di LuccAutori e del premio letterario, intervengono gli scrittori Elisa De Leonardis, Liliana Sghettini, Salvatore D\u2019Ascenzo e Marco Floridia. Letture a cura di Franca Minnucci e Antonio Pellegrini. Introduce Donatella Salucci, vicepresidente del Comitato Danted\u00ec CSMI \u2013 Tagliacozzo, e membro della giuria del premio letterario.&nbsp; Nell\u2019occasione saranno ricordate le prime venti edizioni del premio.&nbsp; Il Premio letterario \u201cRacconti nella Rete\u201d viene considerato il pi\u00f9 grande premio nazionale per inediti online.<\/p>\n\n\n\n<p>La copertina dell\u2019antologia 2021, edita da Castelvecchi,&nbsp; \u00e8 arricchita dalla copertina realizzata da Bruno Bozzetto&nbsp; e dalla prefazione di Ennio Cavalli.&nbsp;&nbsp;<\/p>\n\n\n\n<p>Nel sito del premio gli utenti trovano una piattaforma di confronto per chi desidera mettersi alla prova con le parole, per quanti non temono di mettere a nudo i propri sentimenti sottoponendo i propri scritti al giudizio di altri lettori e scrittori. La peculiarit\u00e0 del premio consiste nella pubblicazione nel sito www.raccontinellarete.it&nbsp; di tutti racconti in concorso e nella possibilit\u00e0 che questi vengano letti e commentati dagli utenti.<\/p>\n\n\n\n<p>Il volume raccoglie i 25 racconti vincitori della ventesima edizione del premio. Scrigno di piccole storie compiute, l\u2019antologia diventa testimonianza del tempo in cui viviamo ed espressione di tematiche sociali affrontate a volte con leggerezza altre volte con passione, sensibilit\u00e0 e rabbia. Espressione di una qualit\u00e0 letteraria in continua crescita, i racconti si caratterizzano per una prosa sempre pi\u00f9 raffinata e variegata e con stili narrativi originali. &nbsp;<\/p>\n\n\n\n<p>Durante l\u2019incontro verr\u00e0 presentata la nuova edizione del premio, riservato a racconti brevi e soggetti per cortometraggi.&nbsp; Il concorso, che prevede anche una sezione dedicata ai racconti per bambini, parte a fine ottobre nel sito www.raccontinellarete.it e si concluder\u00e0 il 31 maggio. Dopo ci sar\u00e0 la selezione dei racconti, la pubblicazione e la premiazione a Lucca, nell\u2019ambito del Festival LuccAutori.&nbsp; Il vincitore della sezione corti vedr\u00e0 realizzato il proprio cortometraggio in collaborazione con la scuola di cinema Immagina di Firenze.<\/p>\n\n\n\n<p>La premiazione dei vincitori della ventesima edizione \u00e8 in programma a Lucca il 2 e 3 ottobre nell\u2019ambito della ventisettesima edizione del festival LuccAutori.<\/p>\n\n\n\n<figure class=\"wp-block-image size-large\"><img loading=\"lazy\" decoding=\"async\" width=\"1024\" height=\"724\" src=\"https:\/\/www.raccontinellarete.it\/301\/wp-content\/uploads\/2021\/08\/locandina-Tagliacozzo-definitiva-1024x724.jpg\" alt=\"\" class=\"wp-image-46897\" srcset=\"https:\/\/www.raccontinellarete.it\/301\/wp-content\/uploads\/2021\/08\/locandina-Tagliacozzo-definitiva-1024x724.jpg 1024w, https:\/\/www.raccontinellarete.it\/301\/wp-content\/uploads\/2021\/08\/locandina-Tagliacozzo-definitiva-344x243.jpg 344w, https:\/\/www.raccontinellarete.it\/301\/wp-content\/uploads\/2021\/08\/locandina-Tagliacozzo-definitiva-768x543.jpg 768w, https:\/\/www.raccontinellarete.it\/301\/wp-content\/uploads\/2021\/08\/locandina-Tagliacozzo-definitiva-1536x1086.jpg 1536w, https:\/\/www.raccontinellarete.it\/301\/wp-content\/uploads\/2021\/08\/locandina-Tagliacozzo-definitiva-2048x1448.jpg 2048w\" sizes=\"(max-width: 1024px) 100vw, 1024px\" \/><\/figure>\n\n\n\n<p><\/p>\n<div class=\"pvc_clear\"><\/div><p id=\"pvc_stats_46893\" class=\"pvc_stats all  \" data-element-id=\"46893\" style=\"\"><i class=\"pvc-stats-icon medium\" aria-hidden=\"true\"><svg aria-hidden=\"true\" focusable=\"false\" data-prefix=\"far\" data-icon=\"chart-bar\" role=\"img\" xmlns=\"http:\/\/www.w3.org\/2000\/svg\" viewBox=\"0 0 512 512\" class=\"svg-inline--fa fa-chart-bar fa-w-16 fa-2x\"><path fill=\"currentColor\" d=\"M396.8 352h22.4c6.4 0 12.8-6.4 12.8-12.8V108.8c0-6.4-6.4-12.8-12.8-12.8h-22.4c-6.4 0-12.8 6.4-12.8 12.8v230.4c0 6.4 6.4 12.8 12.8 12.8zm-192 0h22.4c6.4 0 12.8-6.4 12.8-12.8V140.8c0-6.4-6.4-12.8-12.8-12.8h-22.4c-6.4 0-12.8 6.4-12.8 12.8v198.4c0 6.4 6.4 12.8 12.8 12.8zm96 0h22.4c6.4 0 12.8-6.4 12.8-12.8V204.8c0-6.4-6.4-12.8-12.8-12.8h-22.4c-6.4 0-12.8 6.4-12.8 12.8v134.4c0 6.4 6.4 12.8 12.8 12.8zM496 400H48V80c0-8.84-7.16-16-16-16H16C7.16 64 0 71.16 0 80v336c0 17.67 14.33 32 32 32h464c8.84 0 16-7.16 16-16v-16c0-8.84-7.16-16-16-16zm-387.2-48h22.4c6.4 0 12.8-6.4 12.8-12.8v-70.4c0-6.4-6.4-12.8-12.8-12.8h-22.4c-6.4 0-12.8 6.4-12.8 12.8v70.4c0 6.4 6.4 12.8 12.8 12.8z\" class=\"\"><\/path><\/svg><\/i> <img loading=\"lazy\" decoding=\"async\" width=\"16\" height=\"16\" alt=\"Loading\" src=\"https:\/\/www.raccontinellarete.it\/301\/wp-content\/plugins\/page-views-count\/ajax-loader-2x.gif\" border=0 \/><\/p><div class=\"pvc_clear\"><\/div>","protected":false},"excerpt":{"rendered":"<p>QUANDO LE STORIE CORRONO SUL WEB Presentazione dell\u2019antologia Racconti nella Rete Gioved\u00ec 19 agosto al \u201c37\u00b0 Festival Internazionale di Mezza Estate \u201d di Tagliacozzo (Aq)&nbsp; sono in programma due appuntamenti&nbsp; organizzati in collaborazione con il festival LuccAutori. Alle ore 12&nbsp; presso il Chiostro di San Francesco&nbsp; avr\u00e0 luogo l\u2019inaugurazione della mostra \u201cDante sette volte cento\u201d, [&hellip;]<\/p>\n<div class=\"pvc_clear\"><\/div>\n<p id=\"pvc_stats_46893\" class=\"pvc_stats all  \" data-element-id=\"46893\" style=\"\"><i class=\"pvc-stats-icon medium\" aria-hidden=\"true\"><svg aria-hidden=\"true\" focusable=\"false\" data-prefix=\"far\" data-icon=\"chart-bar\" role=\"img\" xmlns=\"http:\/\/www.w3.org\/2000\/svg\" viewBox=\"0 0 512 512\" class=\"svg-inline--fa fa-chart-bar fa-w-16 fa-2x\"><path fill=\"currentColor\" d=\"M396.8 352h22.4c6.4 0 12.8-6.4 12.8-12.8V108.8c0-6.4-6.4-12.8-12.8-12.8h-22.4c-6.4 0-12.8 6.4-12.8 12.8v230.4c0 6.4 6.4 12.8 12.8 12.8zm-192 0h22.4c6.4 0 12.8-6.4 12.8-12.8V140.8c0-6.4-6.4-12.8-12.8-12.8h-22.4c-6.4 0-12.8 6.4-12.8 12.8v198.4c0 6.4 6.4 12.8 12.8 12.8zm96 0h22.4c6.4 0 12.8-6.4 12.8-12.8V204.8c0-6.4-6.4-12.8-12.8-12.8h-22.4c-6.4 0-12.8 6.4-12.8 12.8v134.4c0 6.4 6.4 12.8 12.8 12.8zM496 400H48V80c0-8.84-7.16-16-16-16H16C7.16 64 0 71.16 0 80v336c0 17.67 14.33 32 32 32h464c8.84 0 16-7.16 16-16v-16c0-8.84-7.16-16-16-16zm-387.2-48h22.4c6.4 0 12.8-6.4 12.8-12.8v-70.4c0-6.4-6.4-12.8-12.8-12.8h-22.4c-6.4 0-12.8 6.4-12.8 12.8v70.4c0 6.4 6.4 12.8 12.8 12.8z\" class=\"\"><\/path><\/svg><\/i> <img loading=\"lazy\" decoding=\"async\" width=\"16\" height=\"16\" alt=\"Loading\" src=\"https:\/\/www.raccontinellarete.it\/301\/wp-content\/plugins\/page-views-count\/ajax-loader-2x.gif\" border=0 \/><\/p>\n<div class=\"pvc_clear\"><\/div>\n","protected":false},"author":3,"featured_media":46904,"comment_status":"closed","ping_status":"closed","sticky":false,"template":"","format":"standard","meta":{"footnotes":""},"categories":[87,5],"tags":[],"class_list":["post-46893","post","type-post","status-publish","format-standard","has-post-thumbnail","hentry","category-comunicato-stampa","category-racconti-nella-rete"],"_links":{"self":[{"href":"https:\/\/www.raccontinellarete.it\/index.php?rest_route=\/wp\/v2\/posts\/46893"}],"collection":[{"href":"https:\/\/www.raccontinellarete.it\/index.php?rest_route=\/wp\/v2\/posts"}],"about":[{"href":"https:\/\/www.raccontinellarete.it\/index.php?rest_route=\/wp\/v2\/types\/post"}],"author":[{"embeddable":true,"href":"https:\/\/www.raccontinellarete.it\/index.php?rest_route=\/wp\/v2\/users\/3"}],"replies":[{"embeddable":true,"href":"https:\/\/www.raccontinellarete.it\/index.php?rest_route=%2Fwp%2Fv2%2Fcomments&post=46893"}],"version-history":[{"count":3,"href":"https:\/\/www.raccontinellarete.it\/index.php?rest_route=\/wp\/v2\/posts\/46893\/revisions"}],"predecessor-version":[{"id":46899,"href":"https:\/\/www.raccontinellarete.it\/index.php?rest_route=\/wp\/v2\/posts\/46893\/revisions\/46899"}],"wp:featuredmedia":[{"embeddable":true,"href":"https:\/\/www.raccontinellarete.it\/index.php?rest_route=\/wp\/v2\/media\/46904"}],"wp:attachment":[{"href":"https:\/\/www.raccontinellarete.it\/index.php?rest_route=%2Fwp%2Fv2%2Fmedia&parent=46893"}],"wp:term":[{"taxonomy":"category","embeddable":true,"href":"https:\/\/www.raccontinellarete.it\/index.php?rest_route=%2Fwp%2Fv2%2Fcategories&post=46893"},{"taxonomy":"post_tag","embeddable":true,"href":"https:\/\/www.raccontinellarete.it\/index.php?rest_route=%2Fwp%2Fv2%2Ftags&post=46893"}],"curies":[{"name":"wp","href":"https:\/\/api.w.org\/{rel}","templated":true}]}}