{"id":46703,"date":"2021-06-30T12:23:52","date_gmt":"2021-06-30T11:23:52","guid":{"rendered":"http:\/\/www.raccontinellarete.it\/?p=46703"},"modified":"2021-07-04T22:03:23","modified_gmt":"2021-07-04T21:03:23","slug":"una-pubblicazione-speciale-per-i-20-anni-di-racconti-nella-rete","status":"publish","type":"post","link":"https:\/\/www.raccontinellarete.it\/?p=46703","title":{"rendered":"Una pubblicazione speciale per i 20 anni di Racconti nella Rete"},"content":{"rendered":"\n<p><strong>RACCONTI NELLA RETE 2002 &#8211; 2021<\/strong> <\/p>\n\n\n\n<p><strong>Vent\u2019anni di Racconti che hanno fatto Rete<\/strong><\/p>\n\n\n\n<p><strong>Il volume speciale ed a tiratura limitata sar\u00e0 presentato sabato 18 settembre alle ore 10 presso la sala conferenze della Biblioteca civica Agor\u00e0 di Lucca.  Sar\u00e0 il primo appuntamento della 27^ edizione del festival letterario LuccAutori \/ 20\u00b0 premio Racconti nella Rete.<\/strong> <\/p>\n\n\n\n<p>L&#8217;antologia celebrativa raccoglie 105 testi di ex vincitori del premio. <\/p>\n\n\n\n<p>Sono: Matteo Agamennone, Eleonora Angelini, Sandro Ardizzon, Ester Arena, Dora Argento, Raffaele Balsano, Saverio Sam Barbaro, Adriano Barghetti, Luigi Damiano Battistoni, Paola Bellei, Silvia Bello Molteni, Arturo Belluardo, Maria Giulia Benini, Marina Berta, Annamaria Bonuccelli, Marta Borroni, Marco Bugliosi, Nicola Buoso, Alice Cappagli, Mariangela Casulli, Marta Cer\u00f9, Giuseppe Ciarallo, Cinzia Della Ciana, Cinzia Colantoni, Bruno Confortini, Francesca Costantini, Laura Curatola, Barbara Cutrupi, Claudia Dalmastri, Salvatore D\u2019Ascenzo, Anna De Castiglione, Elisa De Leonardis, Luigi De Rosa, Davide Deidda, Davide Desantis, Giovanni Di Prizito, Massimiliano Ferraris di Celle, Rosanna Figna, Lucia Finelli, Piero Fittipaldi, Marco Floridia, Laura Florio, Maddalena Frangioni, Antonio Fresa, Lorenzo Garzarelli, Simona Genovali, Luigi Giampetraglia, Pina Greco, Marianna Guida, Ivana Librici, Chiara Lico, Paola Macchiarulo, Nicoletta Manetti, Katia Marletta, Donatella Mascia, Andrea Masotti, Andrea Mauri, Ugo Mauthe, Monica Menzogni, Claudia Mereu, Deepa Minasi, Ottavio Mirra, Cinzia Montagna, Laura Montagna, Alessandra Montali, Giuliana Moro, Pasqualina Moro, Marco Moroni, Sara Musacchio, Eugenio Novara, Danilo Nucci, Paola Tindara Paladina, Anna Rosa Perrone, Arianna Pinton, Valeria Pisi, Erika Pucci, Linda Pulvirenti, Ida Raiola, Fabio Ranucci, Franca Renzini, Roberto Ricci, Marco Rinaldi, Silvia Roncucci, Piergiorgio Ruggeri, Vincenzo Maria Sacco, Giuseppe Sanalitro, Franca Santacroce, Manuel Santini, Alessandra Scarpinella, Giusi Scerri, Silvia Schiavo, Andrea Serra, Michele Sommaruga, Maria Sordino, Giangiacomo Tedeschi, Alexandra Tempesta, Michela Tognotti, Carmina Trillino, Carmela Tuccari, Lenio Vallati, Stefano Carlo Vecoli, Mariateresa Villani, Graziano Zambarda, Antonella Zanca, Dante Zucchi.<\/p>\n\n\n\n<p><strong>Per informazioni scrivere a: info@raccontinellarete.it<\/strong>  <\/p>\n\n\n\n<p><a href=\"https:\/\/www.facebook.com\/photo\/?fbid=10226394147819988&amp;set=gm.3003117229965727&amp;__cft__[0]=AZWWeDHcNRw3EWQYHZYGtmP0NgiOxZNodYMs04d7IkPM7rgCIcMwqW5V3lbP6_hzamUSL8fmzBpJON698aFxiAd90DSNnYJTYse0usMKDKyyKjINj1qNVkrmx4hHNplM3yfQUcd9G5dI9Z2zbxppP2Wb&amp;__tn__=EH-R\"><\/a><\/p>\n\n\n\n<p><\/p>\n<div class=\"pvc_clear\"><\/div><p id=\"pvc_stats_46703\" class=\"pvc_stats all  \" data-element-id=\"46703\" style=\"\"><i class=\"pvc-stats-icon medium\" aria-hidden=\"true\"><svg aria-hidden=\"true\" focusable=\"false\" data-prefix=\"far\" data-icon=\"chart-bar\" role=\"img\" xmlns=\"http:\/\/www.w3.org\/2000\/svg\" viewBox=\"0 0 512 512\" class=\"svg-inline--fa fa-chart-bar fa-w-16 fa-2x\"><path fill=\"currentColor\" d=\"M396.8 352h22.4c6.4 0 12.8-6.4 12.8-12.8V108.8c0-6.4-6.4-12.8-12.8-12.8h-22.4c-6.4 0-12.8 6.4-12.8 12.8v230.4c0 6.4 6.4 12.8 12.8 12.8zm-192 0h22.4c6.4 0 12.8-6.4 12.8-12.8V140.8c0-6.4-6.4-12.8-12.8-12.8h-22.4c-6.4 0-12.8 6.4-12.8 12.8v198.4c0 6.4 6.4 12.8 12.8 12.8zm96 0h22.4c6.4 0 12.8-6.4 12.8-12.8V204.8c0-6.4-6.4-12.8-12.8-12.8h-22.4c-6.4 0-12.8 6.4-12.8 12.8v134.4c0 6.4 6.4 12.8 12.8 12.8zM496 400H48V80c0-8.84-7.16-16-16-16H16C7.16 64 0 71.16 0 80v336c0 17.67 14.33 32 32 32h464c8.84 0 16-7.16 16-16v-16c0-8.84-7.16-16-16-16zm-387.2-48h22.4c6.4 0 12.8-6.4 12.8-12.8v-70.4c0-6.4-6.4-12.8-12.8-12.8h-22.4c-6.4 0-12.8 6.4-12.8 12.8v70.4c0 6.4 6.4 12.8 12.8 12.8z\" class=\"\"><\/path><\/svg><\/i> <img loading=\"lazy\" decoding=\"async\" width=\"16\" height=\"16\" alt=\"Loading\" src=\"https:\/\/www.raccontinellarete.it\/301\/wp-content\/plugins\/page-views-count\/ajax-loader-2x.gif\" border=0 \/><\/p><div class=\"pvc_clear\"><\/div>","protected":false},"excerpt":{"rendered":"<p>RACCONTI NELLA RETE 2002 &#8211; 2021 Vent\u2019anni di Racconti che hanno fatto Rete Il volume speciale ed a tiratura limitata sar\u00e0 presentato sabato 18 settembre alle ore 10 presso la sala conferenze della Biblioteca civica Agor\u00e0 di Lucca. Sar\u00e0 il primo appuntamento della 27^ edizione del festival letterario LuccAutori \/ 20\u00b0 premio Racconti nella Rete. [&hellip;]<\/p>\n<div class=\"pvc_clear\"><\/div>\n<p id=\"pvc_stats_46703\" class=\"pvc_stats all  \" data-element-id=\"46703\" style=\"\"><i class=\"pvc-stats-icon medium\" aria-hidden=\"true\"><svg aria-hidden=\"true\" focusable=\"false\" data-prefix=\"far\" data-icon=\"chart-bar\" role=\"img\" xmlns=\"http:\/\/www.w3.org\/2000\/svg\" viewBox=\"0 0 512 512\" class=\"svg-inline--fa fa-chart-bar fa-w-16 fa-2x\"><path fill=\"currentColor\" d=\"M396.8 352h22.4c6.4 0 12.8-6.4 12.8-12.8V108.8c0-6.4-6.4-12.8-12.8-12.8h-22.4c-6.4 0-12.8 6.4-12.8 12.8v230.4c0 6.4 6.4 12.8 12.8 12.8zm-192 0h22.4c6.4 0 12.8-6.4 12.8-12.8V140.8c0-6.4-6.4-12.8-12.8-12.8h-22.4c-6.4 0-12.8 6.4-12.8 12.8v198.4c0 6.4 6.4 12.8 12.8 12.8zm96 0h22.4c6.4 0 12.8-6.4 12.8-12.8V204.8c0-6.4-6.4-12.8-12.8-12.8h-22.4c-6.4 0-12.8 6.4-12.8 12.8v134.4c0 6.4 6.4 12.8 12.8 12.8zM496 400H48V80c0-8.84-7.16-16-16-16H16C7.16 64 0 71.16 0 80v336c0 17.67 14.33 32 32 32h464c8.84 0 16-7.16 16-16v-16c0-8.84-7.16-16-16-16zm-387.2-48h22.4c6.4 0 12.8-6.4 12.8-12.8v-70.4c0-6.4-6.4-12.8-12.8-12.8h-22.4c-6.4 0-12.8 6.4-12.8 12.8v70.4c0 6.4 6.4 12.8 12.8 12.8z\" class=\"\"><\/path><\/svg><\/i> <img loading=\"lazy\" decoding=\"async\" width=\"16\" height=\"16\" alt=\"Loading\" src=\"https:\/\/www.raccontinellarete.it\/301\/wp-content\/plugins\/page-views-count\/ajax-loader-2x.gif\" border=0 \/><\/p>\n<div class=\"pvc_clear\"><\/div>\n","protected":false},"author":3,"featured_media":45194,"comment_status":"open","ping_status":"closed","sticky":false,"template":"","format":"standard","meta":{"footnotes":""},"categories":[87,5],"tags":[],"class_list":["post-46703","post","type-post","status-publish","format-standard","has-post-thumbnail","hentry","category-comunicato-stampa","category-racconti-nella-rete"],"_links":{"self":[{"href":"https:\/\/www.raccontinellarete.it\/index.php?rest_route=\/wp\/v2\/posts\/46703"}],"collection":[{"href":"https:\/\/www.raccontinellarete.it\/index.php?rest_route=\/wp\/v2\/posts"}],"about":[{"href":"https:\/\/www.raccontinellarete.it\/index.php?rest_route=\/wp\/v2\/types\/post"}],"author":[{"embeddable":true,"href":"https:\/\/www.raccontinellarete.it\/index.php?rest_route=\/wp\/v2\/users\/3"}],"replies":[{"embeddable":true,"href":"https:\/\/www.raccontinellarete.it\/index.php?rest_route=%2Fwp%2Fv2%2Fcomments&post=46703"}],"version-history":[{"count":9,"href":"https:\/\/www.raccontinellarete.it\/index.php?rest_route=\/wp\/v2\/posts\/46703\/revisions"}],"predecessor-version":[{"id":46737,"href":"https:\/\/www.raccontinellarete.it\/index.php?rest_route=\/wp\/v2\/posts\/46703\/revisions\/46737"}],"wp:featuredmedia":[{"embeddable":true,"href":"https:\/\/www.raccontinellarete.it\/index.php?rest_route=\/wp\/v2\/media\/45194"}],"wp:attachment":[{"href":"https:\/\/www.raccontinellarete.it\/index.php?rest_route=%2Fwp%2Fv2%2Fmedia&parent=46703"}],"wp:term":[{"taxonomy":"category","embeddable":true,"href":"https:\/\/www.raccontinellarete.it\/index.php?rest_route=%2Fwp%2Fv2%2Fcategories&post=46703"},{"taxonomy":"post_tag","embeddable":true,"href":"https:\/\/www.raccontinellarete.it\/index.php?rest_route=%2Fwp%2Fv2%2Ftags&post=46703"}],"curies":[{"name":"wp","href":"https:\/\/api.w.org\/{rel}","templated":true}]}}