{"id":46514,"date":"2021-05-31T23:17:33","date_gmt":"2021-05-31T22:17:33","guid":{"rendered":"http:\/\/www.raccontinellarete.it\/?p=46514"},"modified":"2021-06-01T10:25:16","modified_gmt":"2021-06-01T09:25:16","slug":"premio-racconti-nella-rete-2021-the-colours-brothers-di-manuela-mandorlo","status":"publish","type":"post","link":"https:\/\/www.raccontinellarete.it\/?p=46514","title":{"rendered":"Premio Racconti per Corti 2021 &#8220;The Colours Brothers&#8221; di Manuela Mandorlo"},"content":{"rendered":"\n<p>La mattina mi alzo, come tutte le mattine, devo lavarmi, vestirmi, far finta di truccarmi, prendere l\u2019auto e recarmi a scuola, sono tempi surreali, ci ha invaso questa pandemia, la storia che insegno per due ore a settimana non mi aiuta nel contingente &#8211; sto pensando -, mentre sto mettendo su la moka per farmi il caff\u00e8 per svegliarmi. Scendo le scale di casa, &#8211; AH! Ecco la mascherina, l\u2019ho dimenticata di nuovo, faccio dietrofront, nella frenesia, \u00e8 un oggetto che ancora dimentico, ritorno in camera e la prendo, la lascio sempre sul comodino, dopo di che corro.<\/p>\n\n\n\n<p>Da una settimana i ragazzi sono stati messi in Didattica a Distanza,&nbsp; necessit\u00e0 ed incubo,&nbsp; concretizzatasi nei mesi precedenti nell\u2019arco di quarantott\u2019ore, pensieri che affollano la mia mente e cui cerco di porre termine.<\/p>\n\n\n\n<p>Dopo essermi recata al lavoro passo in Sala Docenti, prendo i libri delle mie materie dal cassetto, qualche parola, qualche saluto con le colleghe, da una settimana a dire il vero ci siamo ammutolite, nel primo mese e mezzo c\u2019era stata una parvenza di stabilit\u00e0, ma poi sono ritornati i casi di positivit\u00e0 tra studenti e insegnanti, in generale, i DPCM e le Ordinanze Regionali. Qualche compleanno, qualche festa e qualche tampone positivo ci hanno rigettato nell\u2019incubo, tra l\u2019altro mai terminato. Quella mattina prendo un altro caff\u00e8 con la collega di Arte, possiamo considerarci tutte e due assai \u201ccaffeinomani\u201d. Salgo in classe, come sempre in anticipo per quando si accende il computer, il wifi e poi il collegamento con <em>Meet<\/em> il tempo passa!<\/p>\n\n\n\n<p>Salgo due rampe di scale, raggiungo il&nbsp; primo piano. L\u2019unico oggetto che ti attende \u00e8 il Pc portatile o <em>Lap Top<\/em> o <em>Device<\/em>, ma sempre computer. L\u2019aula \u00e8 desolante, tutta pulita d\u2019accordo, ma anche vuota, sinistramente silenziosa. Immaginate ventitre banchi e sedie vuoti!<\/p>\n\n\n\n<p>Con la classe poi che in genere la abita, un gruppo di alunni veramente vivaci ed empatici. Adatti per l\u2019indirizzo che hanno scelto, guarda caso, settore Sanitario, hanno, da settembre, iniziato il terzo.<\/p>\n\n\n\n<p>Suona la prima campanella: il computer \u00e8 gi\u00e0 acceso, compaiono ad uno ad uno, sei sette minuti, quando devono uscire ci impiegano meno di venti secondi, ma l\u2019entrata &nbsp;\u00e8 lenta e pensare che \u00e8 sabato!<\/p>\n\n\n\n<p>Iniziano a chiedermi come sto; mi salutano, io rispondo loro e contemporaneamente li avverto che sto indaffarata nell\u2019altra pagina web ad aprire il registro <em>online<\/em>, ad un certo punto ritorno sul <em>link <\/em>di Meet per avvisarli che inizio a fare l\u2019appello, li vedo tutti e ad un tratto avviene una schermata nera, non li vedo pi\u00f9. Tutti scompaiono.<\/p>\n\n\n\n<p>\u201cRagazzi cosa \u00e8 successo? Vi ho perso tutti. Mi sentite?, di colpo \u00e8 comparsa una schermata nera e non vi vedo pi\u00f9. Mi vedete? mi sentite?\u201d.<\/p>\n\n\n\n<p>&nbsp;Subito mi assale l\u2019ansia, tuttavia assicuro me stessa che non ho toccato nessun \u201ctasto compromettente\u201d, quindi non dovrebbe essere successo niente di grave, una normale mancanza di connessione, forse di pochi secondi, poi tutto si aggiusta, ma l\u2019ansia in questo periodo la fa da padrone pi\u00f9 del solito, in questo periodo \u00e8 tutto pi\u00f9 del solito, tempo altri dieci secondi e in simultanea ricompaiono tutti. &#8211; Ma come avranno fatto? \u2013 Penso in una frazione di secondo.<\/p>\n\n\n\n<p>Ricompaiono tutti con i <em>plaid<\/em> addosso e gli occhiali da sole. &#8211; Ma che succede? &#8211; Mi chiedo fra me e me. I miei riflessi un po\u2019 allentati dall\u2019et\u00e0 subito non mi fanno realizzare, ma s\u00ec che scherzo bellissimo:&nbsp; e\u2019 Halloween. Loro vestiti da fantasmi ma con <em>plaid tartan<\/em>, a <em>pois<\/em>, &nbsp;con i fiori, a tinte unite colorate&nbsp; e soprattutto gli occhiali da sole che danno loro un\u2019aria veramente comica: sembrano tanti Colours Brothers, qualcuno si \u00e8 messo pure un berretto! Che scena! Scoppio a ridere, ma a ridere tanto, non \u00e8 da me, una risata di pancia, fragorosa.<\/p>\n\n\n\n<p>Poi seri spariscono, ritornano e ridiamo tutti e commentiamo. \u201cProf.  le \u00e8 piaciuto!\u201d \u201cNon se l\u2019aspettava\u201d, mi riecheggiano a pi\u00f9 voci.<\/p>\n\n\n\n<p>&nbsp;&#8211; \u201cMa ragazzi, ma siete forti!\u201d, realizzo che \u00e8 uno scherzo riuscito benissimo per la festa di Halloween, ormai&nbsp; entrata nella loro mentalit\u00e0. Sono sincera non me l\u2019aspettavo, mi sorprendono in maniera sempre diversa, questa volta ci metto anche tanto a riprendere il controllo, ridiamo tutti, chiudiamo questa ultima settimana di ottobre 2020 con una scena che gi\u00e0 \u00e8 diventata ricordo. Hanno trovato il modo per non farsi &nbsp;dimenticare! <\/p>\n\n\n\n<p><\/p>\n<div class=\"pvc_clear\"><\/div><p id=\"pvc_stats_46514\" class=\"pvc_stats all  \" data-element-id=\"46514\" style=\"\"><i class=\"pvc-stats-icon medium\" aria-hidden=\"true\"><svg aria-hidden=\"true\" focusable=\"false\" data-prefix=\"far\" data-icon=\"chart-bar\" role=\"img\" xmlns=\"http:\/\/www.w3.org\/2000\/svg\" viewBox=\"0 0 512 512\" class=\"svg-inline--fa fa-chart-bar fa-w-16 fa-2x\"><path fill=\"currentColor\" d=\"M396.8 352h22.4c6.4 0 12.8-6.4 12.8-12.8V108.8c0-6.4-6.4-12.8-12.8-12.8h-22.4c-6.4 0-12.8 6.4-12.8 12.8v230.4c0 6.4 6.4 12.8 12.8 12.8zm-192 0h22.4c6.4 0 12.8-6.4 12.8-12.8V140.8c0-6.4-6.4-12.8-12.8-12.8h-22.4c-6.4 0-12.8 6.4-12.8 12.8v198.4c0 6.4 6.4 12.8 12.8 12.8zm96 0h22.4c6.4 0 12.8-6.4 12.8-12.8V204.8c0-6.4-6.4-12.8-12.8-12.8h-22.4c-6.4 0-12.8 6.4-12.8 12.8v134.4c0 6.4 6.4 12.8 12.8 12.8zM496 400H48V80c0-8.84-7.16-16-16-16H16C7.16 64 0 71.16 0 80v336c0 17.67 14.33 32 32 32h464c8.84 0 16-7.16 16-16v-16c0-8.84-7.16-16-16-16zm-387.2-48h22.4c6.4 0 12.8-6.4 12.8-12.8v-70.4c0-6.4-6.4-12.8-12.8-12.8h-22.4c-6.4 0-12.8 6.4-12.8 12.8v70.4c0 6.4 6.4 12.8 12.8 12.8z\" class=\"\"><\/path><\/svg><\/i> <img loading=\"lazy\" decoding=\"async\" width=\"16\" height=\"16\" alt=\"Loading\" src=\"https:\/\/www.raccontinellarete.it\/301\/wp-content\/plugins\/page-views-count\/ajax-loader-2x.gif\" border=0 \/><\/p><div class=\"pvc_clear\"><\/div>","protected":false},"excerpt":{"rendered":"<p>La mattina mi alzo, come tutte le mattine, devo lavarmi, vestirmi, far finta di truccarmi, prendere l\u2019auto e recarmi a scuola, sono tempi surreali, ci ha invaso questa pandemia, la storia che insegno per due ore a settimana non mi aiuta nel contingente &#8211; sto pensando -, mentre sto mettendo su la moka per farmi [&hellip;]<\/p>\n<div class=\"pvc_clear\"><\/div>\n<p id=\"pvc_stats_46514\" class=\"pvc_stats all  \" data-element-id=\"46514\" style=\"\"><i class=\"pvc-stats-icon medium\" aria-hidden=\"true\"><svg aria-hidden=\"true\" focusable=\"false\" data-prefix=\"far\" data-icon=\"chart-bar\" role=\"img\" xmlns=\"http:\/\/www.w3.org\/2000\/svg\" viewBox=\"0 0 512 512\" class=\"svg-inline--fa fa-chart-bar fa-w-16 fa-2x\"><path fill=\"currentColor\" d=\"M396.8 352h22.4c6.4 0 12.8-6.4 12.8-12.8V108.8c0-6.4-6.4-12.8-12.8-12.8h-22.4c-6.4 0-12.8 6.4-12.8 12.8v230.4c0 6.4 6.4 12.8 12.8 12.8zm-192 0h22.4c6.4 0 12.8-6.4 12.8-12.8V140.8c0-6.4-6.4-12.8-12.8-12.8h-22.4c-6.4 0-12.8 6.4-12.8 12.8v198.4c0 6.4 6.4 12.8 12.8 12.8zm96 0h22.4c6.4 0 12.8-6.4 12.8-12.8V204.8c0-6.4-6.4-12.8-12.8-12.8h-22.4c-6.4 0-12.8 6.4-12.8 12.8v134.4c0 6.4 6.4 12.8 12.8 12.8zM496 400H48V80c0-8.84-7.16-16-16-16H16C7.16 64 0 71.16 0 80v336c0 17.67 14.33 32 32 32h464c8.84 0 16-7.16 16-16v-16c0-8.84-7.16-16-16-16zm-387.2-48h22.4c6.4 0 12.8-6.4 12.8-12.8v-70.4c0-6.4-6.4-12.8-12.8-12.8h-22.4c-6.4 0-12.8 6.4-12.8 12.8v70.4c0 6.4 6.4 12.8 12.8 12.8z\" class=\"\"><\/path><\/svg><\/i> <img loading=\"lazy\" decoding=\"async\" width=\"16\" height=\"16\" alt=\"Loading\" src=\"https:\/\/www.raccontinellarete.it\/301\/wp-content\/plugins\/page-views-count\/ajax-loader-2x.gif\" border=0 \/><\/p>\n<div class=\"pvc_clear\"><\/div>\n","protected":false},"author":7127,"featured_media":0,"comment_status":"open","ping_status":"closed","sticky":false,"template":"","format":"standard","meta":{"footnotes":""},"categories":[554],"tags":[],"class_list":["post-46514","post","type-post","status-publish","format-standard","hentry","category-premio-racconti-per-corti-2021"],"_links":{"self":[{"href":"https:\/\/www.raccontinellarete.it\/index.php?rest_route=\/wp\/v2\/posts\/46514"}],"collection":[{"href":"https:\/\/www.raccontinellarete.it\/index.php?rest_route=\/wp\/v2\/posts"}],"about":[{"href":"https:\/\/www.raccontinellarete.it\/index.php?rest_route=\/wp\/v2\/types\/post"}],"author":[{"embeddable":true,"href":"https:\/\/www.raccontinellarete.it\/index.php?rest_route=\/wp\/v2\/users\/7127"}],"replies":[{"embeddable":true,"href":"https:\/\/www.raccontinellarete.it\/index.php?rest_route=%2Fwp%2Fv2%2Fcomments&post=46514"}],"version-history":[{"count":3,"href":"https:\/\/www.raccontinellarete.it\/index.php?rest_route=\/wp\/v2\/posts\/46514\/revisions"}],"predecessor-version":[{"id":46608,"href":"https:\/\/www.raccontinellarete.it\/index.php?rest_route=\/wp\/v2\/posts\/46514\/revisions\/46608"}],"wp:attachment":[{"href":"https:\/\/www.raccontinellarete.it\/index.php?rest_route=%2Fwp%2Fv2%2Fmedia&parent=46514"}],"wp:term":[{"taxonomy":"category","embeddable":true,"href":"https:\/\/www.raccontinellarete.it\/index.php?rest_route=%2Fwp%2Fv2%2Fcategories&post=46514"},{"taxonomy":"post_tag","embeddable":true,"href":"https:\/\/www.raccontinellarete.it\/index.php?rest_route=%2Fwp%2Fv2%2Ftags&post=46514"}],"curies":[{"name":"wp","href":"https:\/\/api.w.org\/{rel}","templated":true}]}}