{"id":46410,"date":"2021-05-31T16:02:47","date_gmt":"2021-05-31T15:02:47","guid":{"rendered":"http:\/\/www.raccontinellarete.it\/?p=46410"},"modified":"2021-05-31T16:02:48","modified_gmt":"2021-05-31T15:02:48","slug":"premio-racconti-per-corti-2021-la-privazione-di-viola-di-sabina-rizzo","status":"publish","type":"post","link":"https:\/\/www.raccontinellarete.it\/?p=46410","title":{"rendered":"Premio Racconti per Corti 2021 &#8220;La Privazione di Viola&#8221;         di Sabina Rizzo"},"content":{"rendered":"\n<p>\u00a0\u00a0Viola era una ragazza intelligente, di bell\u2019aspetto, apparteneva ad una famiglia agiata, il padre era un ricco proprietario terriero, aveva tanti possedimenti, case molte delle quali ereditate dai genitori, lavorava come fabbro presso un duca, commissionandogli diversi lavori per il restauro del suo enorme castello. <\/p>\n\n\n\n<p>Il duca aveva due nipoti, uno dei quali si recava spesso presso il castello a visitare il duca, Alessandro cos\u00ec si chiamava il nipote, vedeva Viola accompagnare il padre presso\u00a0 il duca ed era rimasto affascinato da quella esile ragazzina bionda, notata quasi per caso. Un giorno si prese di coraggio e si avvicin\u00f2 a lei, salutandola, rompendo quella\u00a0 catena di silenzio e di imbarazzo che lo avvolgeva all\u2019improvviso, ogni volta che la incontrava,\u00a0 l\u2019imbarazzo lo bloccava non riuscendo a dire nemmeno una parola. Finalmente un giorno, riusc\u00ec a sciogliere l\u2019imbarazzo e a palare con lei, stringendo un amicizia che con il passare degli anni, nonostante si vedessero sempre meno frequentemente e nonostante i reciproci cambiamenti fisici, divenne solida nel tempo. <\/p>\n\n\n\n<p>In quel periodo\u00a0 il re inizi\u00f2 a chiedere tasse sempre pi\u00f9 esose a chi aveva possedimenti terrieri, terreni\u00a0 e case, nel frattempo la moglie del fabbro si era ammalata gravemente e le cure costose richiedevano molto denaro, nonostante avesse da anni messo da parte qualche cosa e nonostante lavorasse tanto, non riusciva a far fronte a quell\u2019ingente somma di denaro che quotidianamente serviva \u00a0per pagare le spese e le cure mediche. Col passare del tempo aveva accumulato un enorme debito che doveva estinguere al pi\u00f9 presto se non voleva rischiare enormi sanzioni. Un giorno un messaggero del re si present\u00f2 a casa loro, portando una lettera che attestava la carcerazione del fabbro, perch\u00e9 non aveva estinto il debito. Dopo pochi giorni il fabbro, venne rinchiuso nelle secrete di una rocca fortificata, la paura per la malattia della moglie ed il pensiero che la sua famiglia fosse sola e priva degli aiuti necessari, lo faceva stare male, il timore della moglie malata lo teneva in ansia, aveva perso la fiducia nella giustizia. Il fatto di essere stato prelevato in quel modo da casa, di essere trattato come un animale e non come un essere umano e di essere ingiustamente accusato, lo\u00a0 avevano portato a\u00a0 smarrire la fiducia in se stesso e verso il mondo circostante. <\/p>\n\n\n\n<p>Era \u00a0una persona umile, dedita al lavoro e alla famiglia, non comprendeva il senso di quella ingiusta sentenza, se avesse avuto del tempo a disposizione, sarebbe riuscito a ripagare il debito, anche lavorando dalla mattina alla sera, in un attimo gli era stata tolta la dignit\u00e0, in nome di un disegno ben pi\u00f9 grande. Trascorse molto tempo rinchiuso in quel luogo buio e angusto, vedendo uomini perdere il senno e\u00a0 smarrirsi nelle paure pi\u00f9 profonde dell\u2019anima, riflettendo sulla propria fede, cercando di ritrovare nei ricordi pi\u00f9 lontani, una luce di speranza, qualcosa che gli desse la forza di resistere e che lo tenesse in vita. Quale religione seguiva questo re, il denaro, il potere logorano l\u2019animo, prevaricando sulla capacit\u00e0 di giudizio e sul discernimento fra bene e male, la corruzione\u00a0 prevale sulla libert\u00e0, la dignit\u00e0 ed il rispetto dell\u2019altro. Intanto Viola si era rimboccata le maniche, aiutando la madre malata come meglio poteva, ed iniziando a coltivare i terreni del padre con le derrate agricole che rivendeva al mercato, riuscendo a pagare le costose cure mediche e le medicine di cui la madre aveva bisogno e cercando di ripagare il debito del padre, \u00a0attendendo la giustizia di quel Dio che avevano sempre rispettato e che non aveva mai cessato di pregare, aspettando che il padre un giorno\u00a0 finisse di scontare la pena e ritornasse a casa. <\/p>\n\n\n\n<p>Con amore ed affetto aveva curato la madre e si era presa cura di lei, la donna lentamente si riprese. Intanto la popolazione resa schiava da quel regime corrotto ed autoritario ed impoverita fino alla fame inizi\u00f2 a ribellarsi, riuscendo durante un agguato ad uccidere il re e mettendo in fuga i suoi uomini, mettendo al potere, un uomo retto e leale che si interessasse del suo popolo. Intanto il fabbro \u00a0fece ritorno a casa. Dopo poche settimane il nipote del barone si present\u00f2 a casa loro dicendo che il barone era morto e gli aveva lasciato in eredit\u00e0 il castello, disse che si era trasferito l\u00ec da alcuni giorni, che si sarebbe occupato della cura della sua propriet\u00e0 e che il palazzo era troppo grande per abitarvi da solo, chiese la mano della ragazza ai suoi genitori, che accettarono di buon grado. <\/p>\n\n\n\n<p>Viola and\u00f2 in sposa al giovane e si trasfer\u00ec nel sontuoso castello, dove visse felice per anni e dove nacquero i suoi due \u00a0figli.\u00a0\u00a0\u00a0<\/p>\n<div class=\"pvc_clear\"><\/div><p id=\"pvc_stats_46410\" class=\"pvc_stats all  \" data-element-id=\"46410\" style=\"\"><i class=\"pvc-stats-icon medium\" aria-hidden=\"true\"><svg aria-hidden=\"true\" focusable=\"false\" data-prefix=\"far\" data-icon=\"chart-bar\" role=\"img\" xmlns=\"http:\/\/www.w3.org\/2000\/svg\" viewBox=\"0 0 512 512\" class=\"svg-inline--fa fa-chart-bar fa-w-16 fa-2x\"><path fill=\"currentColor\" d=\"M396.8 352h22.4c6.4 0 12.8-6.4 12.8-12.8V108.8c0-6.4-6.4-12.8-12.8-12.8h-22.4c-6.4 0-12.8 6.4-12.8 12.8v230.4c0 6.4 6.4 12.8 12.8 12.8zm-192 0h22.4c6.4 0 12.8-6.4 12.8-12.8V140.8c0-6.4-6.4-12.8-12.8-12.8h-22.4c-6.4 0-12.8 6.4-12.8 12.8v198.4c0 6.4 6.4 12.8 12.8 12.8zm96 0h22.4c6.4 0 12.8-6.4 12.8-12.8V204.8c0-6.4-6.4-12.8-12.8-12.8h-22.4c-6.4 0-12.8 6.4-12.8 12.8v134.4c0 6.4 6.4 12.8 12.8 12.8zM496 400H48V80c0-8.84-7.16-16-16-16H16C7.16 64 0 71.16 0 80v336c0 17.67 14.33 32 32 32h464c8.84 0 16-7.16 16-16v-16c0-8.84-7.16-16-16-16zm-387.2-48h22.4c6.4 0 12.8-6.4 12.8-12.8v-70.4c0-6.4-6.4-12.8-12.8-12.8h-22.4c-6.4 0-12.8 6.4-12.8 12.8v70.4c0 6.4 6.4 12.8 12.8 12.8z\" class=\"\"><\/path><\/svg><\/i> <img loading=\"lazy\" decoding=\"async\" width=\"16\" height=\"16\" alt=\"Loading\" src=\"https:\/\/www.raccontinellarete.it\/301\/wp-content\/plugins\/page-views-count\/ajax-loader-2x.gif\" border=0 \/><\/p><div class=\"pvc_clear\"><\/div>","protected":false},"excerpt":{"rendered":"<p>Viola apparteneva ad una famiglia benestante, lil padre lavorava presso un duca,la ragazzina conobbe il nipote del duca il quale timido ed introverso, provava simpatia per la ragazza. Intanto il re aveva imposto delle tasse a chi aveva possedimenti terrieri, con gravi sanzioni per chi non rispettasse  le norme. Il Padre di Viola venne arrestato, la madre era ammalata e la ragazza si prese cura della madre fino a che migliorarono le sue condizioni e si dedic\u00f2 alla cura e alla coltivazione dei terreni paterni, aspettando il ritorno del padre.<\/p>\n<div class=\"pvc_clear\"><\/div>\n<p id=\"pvc_stats_46410\" class=\"pvc_stats all  \" data-element-id=\"46410\" style=\"\"><i class=\"pvc-stats-icon medium\" aria-hidden=\"true\"><svg aria-hidden=\"true\" focusable=\"false\" data-prefix=\"far\" data-icon=\"chart-bar\" role=\"img\" xmlns=\"http:\/\/www.w3.org\/2000\/svg\" viewBox=\"0 0 512 512\" class=\"svg-inline--fa fa-chart-bar fa-w-16 fa-2x\"><path fill=\"currentColor\" d=\"M396.8 352h22.4c6.4 0 12.8-6.4 12.8-12.8V108.8c0-6.4-6.4-12.8-12.8-12.8h-22.4c-6.4 0-12.8 6.4-12.8 12.8v230.4c0 6.4 6.4 12.8 12.8 12.8zm-192 0h22.4c6.4 0 12.8-6.4 12.8-12.8V140.8c0-6.4-6.4-12.8-12.8-12.8h-22.4c-6.4 0-12.8 6.4-12.8 12.8v198.4c0 6.4 6.4 12.8 12.8 12.8zm96 0h22.4c6.4 0 12.8-6.4 12.8-12.8V204.8c0-6.4-6.4-12.8-12.8-12.8h-22.4c-6.4 0-12.8 6.4-12.8 12.8v134.4c0 6.4 6.4 12.8 12.8 12.8zM496 400H48V80c0-8.84-7.16-16-16-16H16C7.16 64 0 71.16 0 80v336c0 17.67 14.33 32 32 32h464c8.84 0 16-7.16 16-16v-16c0-8.84-7.16-16-16-16zm-387.2-48h22.4c6.4 0 12.8-6.4 12.8-12.8v-70.4c0-6.4-6.4-12.8-12.8-12.8h-22.4c-6.4 0-12.8 6.4-12.8 12.8v70.4c0 6.4 6.4 12.8 12.8 12.8z\" class=\"\"><\/path><\/svg><\/i> <img loading=\"lazy\" decoding=\"async\" width=\"16\" height=\"16\" alt=\"Loading\" src=\"https:\/\/www.raccontinellarete.it\/301\/wp-content\/plugins\/page-views-count\/ajax-loader-2x.gif\" border=0 \/><\/p>\n<div class=\"pvc_clear\"><\/div>\n","protected":false},"author":7097,"featured_media":0,"comment_status":"open","ping_status":"closed","sticky":false,"template":"","format":"standard","meta":{"footnotes":""},"categories":[554],"tags":[],"class_list":["post-46410","post","type-post","status-publish","format-standard","hentry","category-premio-racconti-per-corti-2021"],"_links":{"self":[{"href":"https:\/\/www.raccontinellarete.it\/index.php?rest_route=\/wp\/v2\/posts\/46410"}],"collection":[{"href":"https:\/\/www.raccontinellarete.it\/index.php?rest_route=\/wp\/v2\/posts"}],"about":[{"href":"https:\/\/www.raccontinellarete.it\/index.php?rest_route=\/wp\/v2\/types\/post"}],"author":[{"embeddable":true,"href":"https:\/\/www.raccontinellarete.it\/index.php?rest_route=\/wp\/v2\/users\/7097"}],"replies":[{"embeddable":true,"href":"https:\/\/www.raccontinellarete.it\/index.php?rest_route=%2Fwp%2Fv2%2Fcomments&post=46410"}],"version-history":[{"count":3,"href":"https:\/\/www.raccontinellarete.it\/index.php?rest_route=\/wp\/v2\/posts\/46410\/revisions"}],"predecessor-version":[{"id":46455,"href":"https:\/\/www.raccontinellarete.it\/index.php?rest_route=\/wp\/v2\/posts\/46410\/revisions\/46455"}],"wp:attachment":[{"href":"https:\/\/www.raccontinellarete.it\/index.php?rest_route=%2Fwp%2Fv2%2Fmedia&parent=46410"}],"wp:term":[{"taxonomy":"category","embeddable":true,"href":"https:\/\/www.raccontinellarete.it\/index.php?rest_route=%2Fwp%2Fv2%2Fcategories&post=46410"},{"taxonomy":"post_tag","embeddable":true,"href":"https:\/\/www.raccontinellarete.it\/index.php?rest_route=%2Fwp%2Fv2%2Ftags&post=46410"}],"curies":[{"name":"wp","href":"https:\/\/api.w.org\/{rel}","templated":true}]}}