{"id":46159,"date":"2021-05-29T18:16:40","date_gmt":"2021-05-29T17:16:40","guid":{"rendered":"http:\/\/www.raccontinellarete.it\/?p=46159"},"modified":"2021-05-29T18:16:41","modified_gmt":"2021-05-29T17:16:41","slug":"premio-racconti-nella-rete-2021-topino-il-pappagallino-di-donatella-guidorizzi-sezione-racconti-per-bambini","status":"publish","type":"post","link":"https:\/\/www.raccontinellarete.it\/?p=46159","title":{"rendered":"Premio Racconti nella Rete 2021 &#8220;Topino il pappagallino&#8221; di Donatella Guidorizzi (sezione racconti per bambini)"},"content":{"rendered":"\n<p>Carissimi bambini, eccomi a Voi!<\/p>\n\n\n\n<p>Sono topino il pappagallino detto topo topo.<\/p>\n\n\n\n<p>Badate bene miei cari che non sono un topolino, e non ho le piumine grigine ed i baffetti, ma mi chiamo topino, perch\u00e9 sono velocissimo proprio come la piccola rondine che porta il mio nome.<\/p>\n\n\n\n<p>Ora vi racconto la mia storia.<\/p>\n\n\n\n<p>Quando i miei amici mi hanno comprato, hanno subito aperto la porticina della mia gabbietta per farmi entrare nel loro mondo, ma io non sapevo volare, sbattevo di qua e di l\u00e0, su e gi\u00f9, dappertutto.<\/p>\n\n\n\n<p>Ma dopo un po\u2019 di tempo ho imparato, e, dalla mia gabbietta, mi lancio velocissimo lungo il corridoio della casetta per poi atterrare sopra la lampada di Gigi, il cuginetto, il mio pied a terre preferito, guai se non ci fosse, e poi riparto ed inseguo i miei amici ovunque. &nbsp;&nbsp;<\/p>\n\n\n\n<p>A dire il vero ho anche un altro punto di arrivo ed \u00e8 la rotellina del termosifone della cucina, mi ci metto sopra e sono comodissimo!<\/p>\n\n\n\n<p>Cos\u00ec guardo i miei amici mangiare e da l\u00ec posso volare sulle loro spalle.<\/p>\n\n\n\n<p>Ebbene s\u00ec, sono un tormento, anzi un tormentone, con il mio becchino tiro loro i capelli e i colletti delle magliettine, ma io ho bisogno di giocare, sono piccolino!<\/p>\n\n\n\n<p>Come sono vi chiederete?<\/p>\n\n\n\n<p>Un bel uccellino!<\/p>\n\n\n\n<p>Un piccolo inseparabile tutto colorato di verde, di azzurro, di rosso arancio e con qualche piumina grigio scuro sulla codina, ma proprio piccolino, con le zampettine anch\u2019esse piccoline e due occhietti vispi e scuri.<\/p>\n\n\n\n<p>Come passo le mie giornate vi domanderete?<\/p>\n\n\n\n<p>Cari, carissimi bambini, mi piace molto cantare, e, sono intonatissimo, canto sempre con Elisa, tante, tante canzoni, la sua voce da usignolo mi fa sognare.<\/p>\n\n\n\n<p>Amo Elisa e la sua \u201c Luce! \u201c.<\/p>\n\n\n\n<p>A volte, preso dal ritmo della musica, lancio il dondolino addosso alle sbarrette della gabbietta come se stessi suonando anch\u2019io, e, mi diverto tanto.<\/p>\n\n\n\n<p>Adoro i miei quattro dondolini, due rossi e due azzurri, sono tutti per me, e su di essi mi dondolo e mi riposo, ogni tanto per\u00f2 mi piace dormire come gli umani, e, mi corico bello disteso a pancina in gi\u00f9 sopra la fila di paletti, attaccati l\u2019uno di fianco all\u2019altro alle sbarrette della mia gabbietta, che bellezza!<\/p>\n\n\n\n<p>Che soddisfazione!<\/p>\n\n\n\n<p>Miei cari bambini, non posso non dirvi anche che sono un uccellino pulitissimo!<\/p>\n\n\n\n<p>Mi piace fare il bagnetto e lavare le mie piumettine variopinte, ma non nelle vaschette per gli uccellini, in assoluta libert\u00e0 sotto l\u2019acqua che scende fina fina dal rubinettino del lavandino, che meraviglia!<\/p>\n\n\n\n<p>E\u2019 proprio come una doccettina fatta apposta per me, ma prima di lavarmi bevo anche qualche sorsettino d\u2019acqua, ma poca poca, per questo sono stato soprannominato \u201c due sorsetti \u201d, che buffo!<\/p>\n\n\n\n<p>Vero?<\/p>\n\n\n\n<p>E quando mi sento in forma, adoro fare le caprioline, soprattutto, se nessuno mi guarda, sono bravissimo e velocissimo, non le conto, ma ne faccio tante, una dietro l\u2019altra, a volte invece per divertire i miei amici, mi attacco con le zampine al tetto della gabbietta con la testina all\u2019ingi\u00f9.<\/p>\n\n\n\n<p>Non ho paura, anzi mi rilasso, ed \u00e8 bello guardare il mondo capovolto.<\/p>\n\n\n\n<p>Sono un acrobata!<\/p>\n\n\n\n<p>Un vero equilibrista!<\/p>\n\n\n\n<p>Nel mentre tutto tace e sento dei rumori che non capisco, mi spavento, e, allora mi agito e urlo \u201c qui qui qui ! \u201d, subito i miei amici arrivano in mio soccorso, ridendo e gridando anche loro \u201c qui qui qui ! \u201c.<\/p>\n\n\n\n<p>Lo so che mi prendono in giro, ma io non mi arrabbio, sono tanto buono, sono sempre allegro!<\/p>\n\n\n\n<p>Vi confido, cari bambini, che anche noi pappagallini abbiamo bisogno di essere coccolati, e allora che cosa faccio?<\/p>\n\n\n\n<p>Faccio \u201c l\u2019aereo \u201c.<\/p>\n\n\n\n<p>Ebbene s\u00ec, mi attacco con le zampine quasi all\u2019altezza del tettuccio della gabbietta, con una afferro la sbarretta e con l\u2019altra il dondolino, mentre la testina e le alettine sfiorano il tettuccio, e rimango sospeso in alto come un piccolo aereoplanino.<\/p>\n\n\n\n<p>Molto, molto carino!<\/p>\n\n\n\n<p>I miei tesori mi vedono quasi subito, per fortuna, perch\u00e9 ho paura di precipitare, arrivano e mi chiamano &lt;&lt;Ciao topino, topo topo, topin topino, eccolo, l\u2019aereoplanino!&gt;&gt;, e, mi soffiano sulle piumettine, ed io mi diverto tanto, mi sento in compagnia, sono felice!<\/p>\n\n\n\n<p>Durante il giorno mi piace anche riposare, a volte mi metto in piedi sul palettino, appoggiato con il&nbsp; pancino sul dondolino, altre volte invece rimango in piedi sul palettino con una zampina, e l\u2019altra la nascondo sotto le piumettine, cos\u00ec sto tanto bene, anzi benissimo, finch\u00e9 non arrivano i miei amici e mi dicono &lt;&lt;Dov\u2019\u00e8 la zampina? Dov\u2019\u00e8?&gt;&gt;, e, mi soffiano sulle mie belle piumine, allora per farli felici e per non perdere l\u2019equilibrio, mi tocca tirare fuori la zampina, e addio riposino.<\/p>\n\n\n\n<p>Adoro pure prendere il sole appoggiato ai miei dondolini, cos\u00ec sembro un piccolo ibis sacro in meditazione.<\/p>\n\n\n\n<p>Ci sono dei giorni che mi diverto pi\u00f9 di altri, perch\u00e9 passano a trovarmi le tortorine ciccione, il codirossino spazzacamino, il pettirossino, i piccioncini, ma anche le gazzine, i merletti canterini, i piccoli rondoni, o, la ballerina gialla, che camminando si dondola di qua e di l\u00e0, bellissima e buffissima, oppure la piccola cinciallegra vivacissima ed intonatissima, per non parlare della falchina ki ki ki, che sembra un ventaglietto sospeso nell\u2019aria, mentre di notte arriva la civettina che canta chi\u00f9 chi\u00f9 chi\u00f9 e lo fa per me, solo per me!<\/p>\n\n\n\n<p>Tutti gli uccellini, ma proprio tutti, sono uno spettacolo della natura!<\/p>\n\n\n\n<p>La sorpresa pi\u00f9 grande per voi cari, carissimi bambini \u00e8 che io non appartengo al mondo della fantasia, ma esisto davvero, sono topino il pappagallino, detto topo topo o topin topino, amico di umani e uccellini, e quest\u2019anno ho trascorso la mia tredicesima primavera.<\/p>\n\n\n\n<p>Che bello ! direte. &nbsp;<\/p>\n\n\n\n<p>Oh s\u00ec, \u00e8 bello davvero!<\/p>\n\n\n\n<p>Anzi bellissimo!<\/p>\n\n\n\n<p>Che felicit\u00e0!<\/p>\n\n\n\n<p>Che allegria!<\/p>\n\n\n\n<p>Che soddisfazione!<\/p>\n\n\n\n<p>Dedicato a Pettino il pettirossino coraggioso, ovunque sia.<\/p>\n<div class=\"pvc_clear\"><\/div><p id=\"pvc_stats_46159\" class=\"pvc_stats all  \" data-element-id=\"46159\" style=\"\"><i class=\"pvc-stats-icon medium\" aria-hidden=\"true\"><svg aria-hidden=\"true\" focusable=\"false\" data-prefix=\"far\" data-icon=\"chart-bar\" role=\"img\" xmlns=\"http:\/\/www.w3.org\/2000\/svg\" viewBox=\"0 0 512 512\" class=\"svg-inline--fa fa-chart-bar fa-w-16 fa-2x\"><path fill=\"currentColor\" d=\"M396.8 352h22.4c6.4 0 12.8-6.4 12.8-12.8V108.8c0-6.4-6.4-12.8-12.8-12.8h-22.4c-6.4 0-12.8 6.4-12.8 12.8v230.4c0 6.4 6.4 12.8 12.8 12.8zm-192 0h22.4c6.4 0 12.8-6.4 12.8-12.8V140.8c0-6.4-6.4-12.8-12.8-12.8h-22.4c-6.4 0-12.8 6.4-12.8 12.8v198.4c0 6.4 6.4 12.8 12.8 12.8zm96 0h22.4c6.4 0 12.8-6.4 12.8-12.8V204.8c0-6.4-6.4-12.8-12.8-12.8h-22.4c-6.4 0-12.8 6.4-12.8 12.8v134.4c0 6.4 6.4 12.8 12.8 12.8zM496 400H48V80c0-8.84-7.16-16-16-16H16C7.16 64 0 71.16 0 80v336c0 17.67 14.33 32 32 32h464c8.84 0 16-7.16 16-16v-16c0-8.84-7.16-16-16-16zm-387.2-48h22.4c6.4 0 12.8-6.4 12.8-12.8v-70.4c0-6.4-6.4-12.8-12.8-12.8h-22.4c-6.4 0-12.8 6.4-12.8 12.8v70.4c0 6.4 6.4 12.8 12.8 12.8z\" class=\"\"><\/path><\/svg><\/i> <img loading=\"lazy\" decoding=\"async\" width=\"16\" height=\"16\" alt=\"Loading\" src=\"https:\/\/www.raccontinellarete.it\/301\/wp-content\/plugins\/page-views-count\/ajax-loader-2x.gif\" border=0 \/><\/p><div class=\"pvc_clear\"><\/div>","protected":false},"excerpt":{"rendered":"<p>Carissimi bambini, eccomi a Voi! Sono topino il pappagallino detto topo topo. Badate bene miei cari che non sono un topolino, e non ho le piumine grigine ed i baffetti, ma mi chiamo topino, perch\u00e9 sono velocissimo proprio come la piccola rondine che porta il mio nome. Ora vi racconto la mia storia. Quando i [&hellip;]<\/p>\n<div class=\"pvc_clear\"><\/div>\n<p id=\"pvc_stats_46159\" class=\"pvc_stats all  \" data-element-id=\"46159\" style=\"\"><i class=\"pvc-stats-icon medium\" aria-hidden=\"true\"><svg aria-hidden=\"true\" focusable=\"false\" data-prefix=\"far\" data-icon=\"chart-bar\" role=\"img\" xmlns=\"http:\/\/www.w3.org\/2000\/svg\" viewBox=\"0 0 512 512\" class=\"svg-inline--fa fa-chart-bar fa-w-16 fa-2x\"><path fill=\"currentColor\" d=\"M396.8 352h22.4c6.4 0 12.8-6.4 12.8-12.8V108.8c0-6.4-6.4-12.8-12.8-12.8h-22.4c-6.4 0-12.8 6.4-12.8 12.8v230.4c0 6.4 6.4 12.8 12.8 12.8zm-192 0h22.4c6.4 0 12.8-6.4 12.8-12.8V140.8c0-6.4-6.4-12.8-12.8-12.8h-22.4c-6.4 0-12.8 6.4-12.8 12.8v198.4c0 6.4 6.4 12.8 12.8 12.8zm96 0h22.4c6.4 0 12.8-6.4 12.8-12.8V204.8c0-6.4-6.4-12.8-12.8-12.8h-22.4c-6.4 0-12.8 6.4-12.8 12.8v134.4c0 6.4 6.4 12.8 12.8 12.8zM496 400H48V80c0-8.84-7.16-16-16-16H16C7.16 64 0 71.16 0 80v336c0 17.67 14.33 32 32 32h464c8.84 0 16-7.16 16-16v-16c0-8.84-7.16-16-16-16zm-387.2-48h22.4c6.4 0 12.8-6.4 12.8-12.8v-70.4c0-6.4-6.4-12.8-12.8-12.8h-22.4c-6.4 0-12.8 6.4-12.8 12.8v70.4c0 6.4 6.4 12.8 12.8 12.8z\" class=\"\"><\/path><\/svg><\/i> <img loading=\"lazy\" decoding=\"async\" width=\"16\" height=\"16\" alt=\"Loading\" src=\"https:\/\/www.raccontinellarete.it\/301\/wp-content\/plugins\/page-views-count\/ajax-loader-2x.gif\" border=0 \/><\/p>\n<div class=\"pvc_clear\"><\/div>\n","protected":false},"author":21768,"featured_media":0,"comment_status":"open","ping_status":"closed","sticky":false,"template":"","format":"standard","meta":{"footnotes":""},"categories":[553],"tags":[],"class_list":["post-46159","post","type-post","status-publish","format-standard","hentry","category-premio-racconti-nella-rete-2021"],"_links":{"self":[{"href":"https:\/\/www.raccontinellarete.it\/index.php?rest_route=\/wp\/v2\/posts\/46159"}],"collection":[{"href":"https:\/\/www.raccontinellarete.it\/index.php?rest_route=\/wp\/v2\/posts"}],"about":[{"href":"https:\/\/www.raccontinellarete.it\/index.php?rest_route=\/wp\/v2\/types\/post"}],"author":[{"embeddable":true,"href":"https:\/\/www.raccontinellarete.it\/index.php?rest_route=\/wp\/v2\/users\/21768"}],"replies":[{"embeddable":true,"href":"https:\/\/www.raccontinellarete.it\/index.php?rest_route=%2Fwp%2Fv2%2Fcomments&post=46159"}],"version-history":[{"count":2,"href":"https:\/\/www.raccontinellarete.it\/index.php?rest_route=\/wp\/v2\/posts\/46159\/revisions"}],"predecessor-version":[{"id":46218,"href":"https:\/\/www.raccontinellarete.it\/index.php?rest_route=\/wp\/v2\/posts\/46159\/revisions\/46218"}],"wp:attachment":[{"href":"https:\/\/www.raccontinellarete.it\/index.php?rest_route=%2Fwp%2Fv2%2Fmedia&parent=46159"}],"wp:term":[{"taxonomy":"category","embeddable":true,"href":"https:\/\/www.raccontinellarete.it\/index.php?rest_route=%2Fwp%2Fv2%2Fcategories&post=46159"},{"taxonomy":"post_tag","embeddable":true,"href":"https:\/\/www.raccontinellarete.it\/index.php?rest_route=%2Fwp%2Fv2%2Ftags&post=46159"}],"curies":[{"name":"wp","href":"https:\/\/api.w.org\/{rel}","templated":true}]}}