{"id":45956,"date":"2021-05-26T18:32:02","date_gmt":"2021-05-26T17:32:02","guid":{"rendered":"http:\/\/www.raccontinellarete.it\/?p=45956"},"modified":"2021-05-26T18:32:03","modified_gmt":"2021-05-26T17:32:03","slug":"premio-racconti-per-corti-2021-fragilita-di-cyro-rossi-andrea-cacciavillani-alessandro-calo-giusi-arimatea","status":"publish","type":"post","link":"https:\/\/www.raccontinellarete.it\/?p=45956","title":{"rendered":"Premio Racconti per Corti 2021 &#8220;Fragilit\u00e0&#8221;  di Cyro Rossi, Andrea Cacciavillani, Alessandro Cal\u00f2, Giusi Arimatea"},"content":{"rendered":"\n<p>Lucca ai giorni nostri, in bianco e nera e immersa in un\u2019atmosfera onirica che faccia da contraltare alla realt\u00e0 dentro cui ci si immerge attraverso il protagonista. Si sente l\u2019aderenza di ruote di gomma sulla pavimentazione del centro storico popolato da gente che cammina o consuma seduta nei locali. Marco sfreccia tra statue, marmi, monumenti, percorsi pedonali. Si direbbe un fare provocatorio, ma \u00e8 sol il respiro, a pieni polmoni, della libert\u00e0.<\/p>\n\n\n\n<p>Marco (40)&nbsp;si ferma e si guarda attorno e dice:&nbsp;<\/p>\n\n\n\n<p>MARCO<em>Una Mattina non mi sono svegliato,&nbsp;<\/em><em>non riuscivo ad alzarmi dal letto,&nbsp;<\/em><em>ripensavo che ho sempre accusato mio&nbsp;<\/em><em>padre di non essere un uomo dai mille&nbsp;<\/em><em>poteri un super eroe come nei fumetti<\/em><\/p>\n\n\n\n<p>Poi si siede accanto ad un signore che sta bevendo un caff\u00e8. L\u2019uomo lo guarda un po&#8217; stupito. Marco continua a parlare&nbsp;<\/p>\n\n\n\n<p>MARCO <em>Mi ricordo che mi mettevo&nbsp;<\/em> <em>sempre dietro di lui in macchina.&nbsp;<\/em> <em>Era alto, spalle larghe come un gigante\u2026<\/em><\/p>\n\n\n\n<p>C\u2019\u00e8 diffidenza verso l\u2019estraneo, tanto pi\u00f9 se costui tenta di intavolare una comunicazione.&nbsp;<\/p>\n\n\n\n<p>Le coordinate dentro cui prende forma il soggetto sono infatti quelle dell\u2019incomunicabilit\u00e0 e della solitudine che essa genera. Ci si sente parecchio distanti dagli altri, si avverte l\u2019urgenza di andare loro incontro, di stabilire un contatto, eppure si eludono gli individui.&nbsp;<\/p>\n\n\n\n<p>L\u2019uomo ricaccia dentro le proprie fragilit\u00e0, il bisogno di confronto, di relazione. Ci si crogiola dentro un egoismo che lentamente avvelena.&nbsp;<\/p>\n\n\n\n<p>Marco si muove esattamente in questi perimetri. In lui prevale tuttavia l\u2019urgenza di approssimarsi all\u2019altro, fosse solo per scambiare quattro chiacchiere. Peccato che i possibili dialoghi, vista la ritrosia degli interlocutori, diventino monologhi atti a effigiare tutta quanta la solitudine di cui \u00e8 piena il mondo.&nbsp;<\/p>\n\n\n\n<p>Dopo il primo tentativo con l\u2019uomo, Marco si alza e sale di nuovo sul suo monopattino. Si ferma accanto a una donna seduta da sola su una panchina mentre guarda il suo smartphone. Quindi inizia a parlare anche con lei.&nbsp;<\/p>\n\n\n\n<p>MARCO \u201c<em>credo che sono innamorato ormai&nbsp;<\/em>da qualche mese e lei nn lo sa.La vedo quasi ogni giorno, con quei&nbsp;capelli lunghi lunghi come una&nbsp;fata leggera come una falena,&nbsp;un accenno di sorriso quando&nbsp;arriva saluta tutti o quasi&nbsp;<em>a me non mi fila abbassa lo sguardo<\/em>\u201d<\/p>\n\n\n\n<p>La signora ascolta con un sorriso perch\u00e9 comprende che Marco non \u00e8 pericoloso ma forse solo un po&#8217; strano.&nbsp;<\/p>\n\n\n\n<p>Marco&nbsp;va in giro sul suo monopattino a parlare di fragilit\u00e0.&nbsp;Pu\u00f2 essere considerato un eroe per il solo fatto che ha deciso di non avere pi\u00f9 paura delle sue&nbsp;umanit\u00e0 e dell\u2019umanit\u00e0 di tutti gli altri. Oggi tutti ci mascheriamo l\u2019anima, indossiamo una corazza sociale che ci rende uguali e senza espressione. Combattiamo ogni giorno contro l\u2019unica cosa che ci potrebbe salvare la vita: la spontaneit\u00e0.&nbsp;<\/p>\n\n\n\n<p>Cos\u2019\u00e8 l\u2019essere umano se non&nbsp;qualcosa che vuole vivere e crescere interiormente. E invece usiamo il nostro corpo come uno scudo e la nostra espressione come difesa. L\u2019essere non \u00e8 pi\u00f9 umano se non ritrova se stesso negli errori, nelle lacrime, nei sorrisi, nelle speranze.&nbsp;<\/p>\n\n\n\n<p>Marco va via dopo aver parlato di se stesso con gente sconosciuta. Qualcuno infastidito, qualcuno divertito, qualcuno forse \u00e8 stato scalfito da questo coraggio. Perch\u00e9 ci vuole coraggio ad essere umani.&nbsp;<\/p>\n\n\n\n<p>MARCO <em>Babbo ma mi dici una cosa,&nbsp;<\/em> <em>oggi mi domandavo;&nbsp;<\/em> <em>Cosa non si farebbe per un figlio?&nbsp;<\/em> <em>Vederlo crescere \u00e8 il meno,&nbsp;<\/em> <em>tagliargli la frutta fino&nbsp;<\/em> <em>a quando \u00e8 alto come te,&nbsp;<\/em> <em>oppure comprargli una casa.<\/em> <em>Voglio rileggermi la solitudine&nbsp;<\/em> <em>di Pier Paolo Pasolini.<\/em><\/p>\n\n\n\n<div class=\"wp-block-group is-layout-flow wp-block-group-is-layout-flow\"><div class=\"wp-block-group__inner-container\"><\/div><\/div>\n\n\n\n<p>Appena prima dei titoli di coda: La morte non \u00e8 nel non poter comunicare, ma nel non poter pi\u00f9 essere compresi. (Pier Paolo Pasolini)<\/p>\n<div class=\"pvc_clear\"><\/div><p id=\"pvc_stats_45956\" class=\"pvc_stats all  \" data-element-id=\"45956\" style=\"\"><i class=\"pvc-stats-icon medium\" aria-hidden=\"true\"><svg aria-hidden=\"true\" focusable=\"false\" data-prefix=\"far\" data-icon=\"chart-bar\" role=\"img\" xmlns=\"http:\/\/www.w3.org\/2000\/svg\" viewBox=\"0 0 512 512\" class=\"svg-inline--fa fa-chart-bar fa-w-16 fa-2x\"><path fill=\"currentColor\" d=\"M396.8 352h22.4c6.4 0 12.8-6.4 12.8-12.8V108.8c0-6.4-6.4-12.8-12.8-12.8h-22.4c-6.4 0-12.8 6.4-12.8 12.8v230.4c0 6.4 6.4 12.8 12.8 12.8zm-192 0h22.4c6.4 0 12.8-6.4 12.8-12.8V140.8c0-6.4-6.4-12.8-12.8-12.8h-22.4c-6.4 0-12.8 6.4-12.8 12.8v198.4c0 6.4 6.4 12.8 12.8 12.8zm96 0h22.4c6.4 0 12.8-6.4 12.8-12.8V204.8c0-6.4-6.4-12.8-12.8-12.8h-22.4c-6.4 0-12.8 6.4-12.8 12.8v134.4c0 6.4 6.4 12.8 12.8 12.8zM496 400H48V80c0-8.84-7.16-16-16-16H16C7.16 64 0 71.16 0 80v336c0 17.67 14.33 32 32 32h464c8.84 0 16-7.16 16-16v-16c0-8.84-7.16-16-16-16zm-387.2-48h22.4c6.4 0 12.8-6.4 12.8-12.8v-70.4c0-6.4-6.4-12.8-12.8-12.8h-22.4c-6.4 0-12.8 6.4-12.8 12.8v70.4c0 6.4 6.4 12.8 12.8 12.8z\" class=\"\"><\/path><\/svg><\/i> <img loading=\"lazy\" decoding=\"async\" width=\"16\" height=\"16\" alt=\"Loading\" src=\"https:\/\/www.raccontinellarete.it\/301\/wp-content\/plugins\/page-views-count\/ajax-loader-2x.gif\" border=0 \/><\/p><div class=\"pvc_clear\"><\/div>","protected":false},"excerpt":{"rendered":"<p>Lucca ai giorni nostri, in bianco e nera e immersa in un\u2019atmosfera onirica che faccia da contraltare alla realt\u00e0 dentro cui ci si immerge attraverso il protagonista. Si sente l\u2019aderenza di ruote di gomma sulla pavimentazione del centro storico popolato da gente che cammina o consuma seduta nei locali. Marco sfreccia tra statue, marmi, monumenti, [&hellip;]<\/p>\n<div class=\"pvc_clear\"><\/div>\n<p id=\"pvc_stats_45956\" class=\"pvc_stats all  \" data-element-id=\"45956\" style=\"\"><i class=\"pvc-stats-icon medium\" aria-hidden=\"true\"><svg aria-hidden=\"true\" focusable=\"false\" data-prefix=\"far\" data-icon=\"chart-bar\" role=\"img\" xmlns=\"http:\/\/www.w3.org\/2000\/svg\" viewBox=\"0 0 512 512\" class=\"svg-inline--fa fa-chart-bar fa-w-16 fa-2x\"><path fill=\"currentColor\" d=\"M396.8 352h22.4c6.4 0 12.8-6.4 12.8-12.8V108.8c0-6.4-6.4-12.8-12.8-12.8h-22.4c-6.4 0-12.8 6.4-12.8 12.8v230.4c0 6.4 6.4 12.8 12.8 12.8zm-192 0h22.4c6.4 0 12.8-6.4 12.8-12.8V140.8c0-6.4-6.4-12.8-12.8-12.8h-22.4c-6.4 0-12.8 6.4-12.8 12.8v198.4c0 6.4 6.4 12.8 12.8 12.8zm96 0h22.4c6.4 0 12.8-6.4 12.8-12.8V204.8c0-6.4-6.4-12.8-12.8-12.8h-22.4c-6.4 0-12.8 6.4-12.8 12.8v134.4c0 6.4 6.4 12.8 12.8 12.8zM496 400H48V80c0-8.84-7.16-16-16-16H16C7.16 64 0 71.16 0 80v336c0 17.67 14.33 32 32 32h464c8.84 0 16-7.16 16-16v-16c0-8.84-7.16-16-16-16zm-387.2-48h22.4c6.4 0 12.8-6.4 12.8-12.8v-70.4c0-6.4-6.4-12.8-12.8-12.8h-22.4c-6.4 0-12.8 6.4-12.8 12.8v70.4c0 6.4 6.4 12.8 12.8 12.8z\" class=\"\"><\/path><\/svg><\/i> <img loading=\"lazy\" decoding=\"async\" width=\"16\" height=\"16\" alt=\"Loading\" src=\"https:\/\/www.raccontinellarete.it\/301\/wp-content\/plugins\/page-views-count\/ajax-loader-2x.gif\" border=0 \/><\/p>\n<div class=\"pvc_clear\"><\/div>\n","protected":false},"author":21791,"featured_media":0,"comment_status":"open","ping_status":"closed","sticky":false,"template":"","format":"standard","meta":{"footnotes":""},"categories":[554],"tags":[],"class_list":["post-45956","post","type-post","status-publish","format-standard","hentry","category-premio-racconti-per-corti-2021"],"_links":{"self":[{"href":"https:\/\/www.raccontinellarete.it\/index.php?rest_route=\/wp\/v2\/posts\/45956"}],"collection":[{"href":"https:\/\/www.raccontinellarete.it\/index.php?rest_route=\/wp\/v2\/posts"}],"about":[{"href":"https:\/\/www.raccontinellarete.it\/index.php?rest_route=\/wp\/v2\/types\/post"}],"author":[{"embeddable":true,"href":"https:\/\/www.raccontinellarete.it\/index.php?rest_route=\/wp\/v2\/users\/21791"}],"replies":[{"embeddable":true,"href":"https:\/\/www.raccontinellarete.it\/index.php?rest_route=%2Fwp%2Fv2%2Fcomments&post=45956"}],"version-history":[{"count":3,"href":"https:\/\/www.raccontinellarete.it\/index.php?rest_route=\/wp\/v2\/posts\/45956\/revisions"}],"predecessor-version":[{"id":46002,"href":"https:\/\/www.raccontinellarete.it\/index.php?rest_route=\/wp\/v2\/posts\/45956\/revisions\/46002"}],"wp:attachment":[{"href":"https:\/\/www.raccontinellarete.it\/index.php?rest_route=%2Fwp%2Fv2%2Fmedia&parent=45956"}],"wp:term":[{"taxonomy":"category","embeddable":true,"href":"https:\/\/www.raccontinellarete.it\/index.php?rest_route=%2Fwp%2Fv2%2Fcategories&post=45956"},{"taxonomy":"post_tag","embeddable":true,"href":"https:\/\/www.raccontinellarete.it\/index.php?rest_route=%2Fwp%2Fv2%2Ftags&post=45956"}],"curies":[{"name":"wp","href":"https:\/\/api.w.org\/{rel}","templated":true}]}}