{"id":45628,"date":"2021-05-17T19:26:30","date_gmt":"2021-05-17T18:26:30","guid":{"rendered":"http:\/\/www.raccontinellarete.it\/?p=45628"},"modified":"2021-05-17T19:26:48","modified_gmt":"2021-05-17T18:26:48","slug":"premio-racconti-per-corti-2021-il-primo-giro-di-francesca-erriu","status":"publish","type":"post","link":"https:\/\/www.raccontinellarete.it\/?p=45628","title":{"rendered":"Premio Racconti per Corti 2021 &#8220;Il primo giro&#8221; di Francesca Erriu"},"content":{"rendered":"\n<p><em>Personaggi<\/em><\/p>\n\n\n\n<p>DAVIDE \u2013 ragazzo (25-30), per tutto il tempo sentiremo solo la sua Voce fuori campo (tranne qualche inquadratura di spalle\/profilo)<\/p>\n\n\n\n<p>SARA \u2013 ragazza (20-25), anche di lei sentiremo solo la Voce fuori campo, ma comparir\u00e0 nell\u2019ultima scena<\/p>\n\n\n\n<p>BARBONE<\/p>\n\n\n\n<p>VIGILE<\/p>\n\n\n\n<p>UOMO<\/p>\n\n\n\n<p>RAGAZZA<\/p>\n\n\n\n<p>ASSISTENTE<\/p>\n\n\n\n<p><em>Quartiere di una grande citt\u00e0. DAVIDE mentre guida con andatura lenta osserva le strade e la gente ma non lo vediamo mai, tranne quando siamo dentro l\u2019automobile. Sentiamo solo la sua voce che parla dall\u2019auto, e vediamo le strade dal suo punto di vista. A tratti gli risponde SARA, in macchina accanto lui. Anche di lei sentiremo soltanto la voce. Una musica giunge dall\u2019autoradio.<\/em><\/p>\n\n\n\n<p><strong>1.EST. STRADE. VERSO SERA<\/strong>.<\/p>\n\n\n\n<p><em>Dall\u2019auto in movimento percorriamo lo stradone di un quartiere degradato, dove i lampioni iniziano ad accendersi perch\u00e9 si sta facendo sera. Intorno ai cassonetti c\u2019\u00e8 molta immondizia accumulata, i palazzi sono perlopi\u00f9 vecchi e fatiscenti.<\/em><\/p>\n\n\n\n<p>DAVIDE (VFC)<\/p>\n\n\n\n<p>Che bel quartiere! Quando scende la sera diventa ancora pi\u00f9 bello!<\/p>\n\n\n\n<p><em>Davanti a un negozio un BARBONE chiede l\u2019elemosina, mentre un VIGILE gli intima di allontanarsi (voci indistinte).<\/em><\/p>\n\n\n\n<p>DAVIDE<\/p>\n\n\n\n<p>(all\u2019interno dell\u2019auto) Il vigile sta dicendo a un tizio con la Jaguar di spostare la macchina\u2026<\/p>\n\n\n\n<p><em>Il Barbone protesta con pi\u00f9 forza di fronte alla richiesta del Vigile.<\/em><\/p>\n\n\n\n<p>DAVIDE (VFC)<\/p>\n\n\n\n<p>Vogliono avere sempre ragione, solo perch\u00e9 sono pieni di soldi.<\/p>\n\n\n\n<p><em>Svoltiamo in una stradina, poi ci fermiamo al semaforo. All\u2019angolo, ci sono un UOMO e una RAGAZZA che si osservano con circospezione<\/em>.<\/p>\n\n\n\n<p>DAVIDE (VFC)<\/p>\n\n\n\n<p>Quei due all\u2019angolo\u2026 devono essere al primo appuntamento.<\/p>\n\n\n\n<p><em>L\u2019Uomo passa furtivamente una bustina di droga alla Ragazza, che la infila velocemente in tasca.<\/em><\/p>\n\n\n\n<p>DAVIDE (VFC)<\/p>\n\n\n\n<p>Lui le ha dato un regalo\u2026 che carini! Sicuramente lo scarter\u00e0 dopo, quando sar\u00e0 sola, e lo chiamer\u00e0 per ringraziarlo.<\/p>\n\n\n\n<p>SARA (VFC)<\/p>\n\n\n\n<p>Ma dai.<\/p>\n\n\n\n<p><em>La ragazza gli d\u00e0 i soldi e si allontana. L\u2019uomo rimane appostato all\u2019angolo.<\/em><\/p>\n\n\n\n<p>DAVIDE (VFC)<\/p>\n\n\n\n<p>Ah, allora parli.<\/p>\n\n\n\n<p>SARA (VFC)<\/p>\n\n\n\n<p>S\u00ec, la voce ce l\u2019ho.<\/p>\n\n\n\n<p>DAVIDE (VFC)<\/p>\n\n\n\n<p>Non sei arrabbiata.<\/p>\n\n\n\n<p>SARA (VFC)<\/p>\n\n\n\n<p>Mh.<\/p>\n\n\n\n<p>DAVIDE (VFC)<\/p>\n\n\n\n<p>Non ho capito bene la risposta.<\/p>\n\n\n\n<p><em>Un clacson suona dietro l\u2019auto di Davide.<\/em><\/p>\n\n\n\n<p>SARA (VFC)<\/p>\n\n\n\n<p>\u00c8 verde.<\/p>\n\n\n\n<p>DAVIDE (VFC)<\/p>\n\n\n\n<p>Gi\u00e0.<\/p>\n\n\n\n<p><em>Davide riparte, usciamo dalla stradina per ritrovarci in una strada provinciale, passiamo vicino a una discarica, i gabbiani volano intorno gridando. L\u2019auto rallenta un po\u2019.<\/em><\/p>\n\n\n\n<p>DAVIDE (VFC)<\/p>\n\n\n\n<p>Ah, senti i gabbiani? Non c\u2019\u00e8 niente di meglio del mare al tramonto. Sarebbe bello fermarsi.<\/p>\n\n\n\n<p>SARA (VFC)<\/p>\n\n\n\n<p>(leggera risata) Ma mi aspettano.<\/p>\n\n\n\n<p>DAVIDE<\/p>\n\n\n\n<p>(all\u2019interno dell\u2019auto) \u00c8 vero, devi tornare per cena\u2026 Peccato!<\/p>\n\n\n\n<p><em>Davide accelera nuovamente, sorpassa la discarica, poi svolta in una strada secondaria.<\/em><\/p>\n\n\n\n<p>DAVIDE (VFC)<\/p>\n\n\n\n<p>Via col Vento, giusto?<\/p>\n\n\n\n<p>SARA (VFC)<\/p>\n\n\n\n<p>(vuole ridere ma si trattiene) Via <em>del<\/em> Vento.<\/p>\n\n\n\n<p>DAVIDE (VFC)<\/p>\n\n\n\n<p>(alza la voce, come per declamare) Domani \u00e8 un altro giorno!<\/p>\n\n\n\n<p>SARA (VFC)<\/p>\n\n\n\n<p>Ci sento, eh!<\/p>\n\n\n\n<p><em>Raggiungono un portone pi\u00f9 grande degli altri con una targa sopra, \u00e8 un edificio vecchio e imponente. L\u2019auto si ferma.<\/em><\/p>\n\n\n\n<p>DAVIDE (VFC)<\/p>\n\n\n\n<p>Grazie del giro\u2026<\/p>\n\n\n\n<p>SARA (VFC)<\/p>\n\n\n\n<p>Grazie a te.<\/p>\n\n\n\n<p>DAVIDE<\/p>\n\n\n\n<p>(all\u2019interno dell\u2019auto) Di niente\u2026 A domani allora.<\/p>\n\n\n\n<p><em>Il portone si apre e compare l\u2019ASSISTENTE che si avvicina all\u2019auto e apre la portiera lato passeggeri.<\/em><\/p>\n\n\n\n<p><strong>2.EST. CORTILE \u2013 SERA<\/strong>.<\/p>\n\n\n\n<p><em>Sara e l\u2019Assistente varcano il portone; Sara, gli occhi coperti da grandi occhiali scuri, cammina tenendo stretto il braccio dell\u2019Assistente.<\/em><\/p>\n\n\n\n<p>ASSISTENTE<\/p>\n\n\n\n<p>Allora, com\u2019\u00e8 andata con il nuovo accompagnatore?<\/p>\n\n\n\n<p><em>Sul portone che si chiude alle loro spalle vediamo la targa \u201cISTITUTO PER CIECHI\u201d.<\/em><\/p>\n\n\n\n<p class=\"has-text-align-center\"><em>Fine<\/em><\/p>\n<div class=\"pvc_clear\"><\/div><p id=\"pvc_stats_45628\" class=\"pvc_stats all  \" data-element-id=\"45628\" style=\"\"><i class=\"pvc-stats-icon medium\" aria-hidden=\"true\"><svg aria-hidden=\"true\" focusable=\"false\" data-prefix=\"far\" data-icon=\"chart-bar\" role=\"img\" xmlns=\"http:\/\/www.w3.org\/2000\/svg\" viewBox=\"0 0 512 512\" class=\"svg-inline--fa fa-chart-bar fa-w-16 fa-2x\"><path fill=\"currentColor\" d=\"M396.8 352h22.4c6.4 0 12.8-6.4 12.8-12.8V108.8c0-6.4-6.4-12.8-12.8-12.8h-22.4c-6.4 0-12.8 6.4-12.8 12.8v230.4c0 6.4 6.4 12.8 12.8 12.8zm-192 0h22.4c6.4 0 12.8-6.4 12.8-12.8V140.8c0-6.4-6.4-12.8-12.8-12.8h-22.4c-6.4 0-12.8 6.4-12.8 12.8v198.4c0 6.4 6.4 12.8 12.8 12.8zm96 0h22.4c6.4 0 12.8-6.4 12.8-12.8V204.8c0-6.4-6.4-12.8-12.8-12.8h-22.4c-6.4 0-12.8 6.4-12.8 12.8v134.4c0 6.4 6.4 12.8 12.8 12.8zM496 400H48V80c0-8.84-7.16-16-16-16H16C7.16 64 0 71.16 0 80v336c0 17.67 14.33 32 32 32h464c8.84 0 16-7.16 16-16v-16c0-8.84-7.16-16-16-16zm-387.2-48h22.4c6.4 0 12.8-6.4 12.8-12.8v-70.4c0-6.4-6.4-12.8-12.8-12.8h-22.4c-6.4 0-12.8 6.4-12.8 12.8v70.4c0 6.4 6.4 12.8 12.8 12.8z\" class=\"\"><\/path><\/svg><\/i> <img loading=\"lazy\" decoding=\"async\" width=\"16\" height=\"16\" alt=\"Loading\" src=\"https:\/\/www.raccontinellarete.it\/301\/wp-content\/plugins\/page-views-count\/ajax-loader-2x.gif\" border=0 \/><\/p><div class=\"pvc_clear\"><\/div>","protected":false},"excerpt":{"rendered":"<p>Personaggi DAVIDE \u2013 ragazzo (25-30), per tutto il tempo sentiremo solo la sua Voce fuori campo (tranne qualche inquadratura di spalle\/profilo) SARA \u2013 ragazza (20-25), anche di lei sentiremo solo la Voce fuori campo, ma comparir\u00e0 nell\u2019ultima scena BARBONE VIGILE UOMO RAGAZZA ASSISTENTE Quartiere di una grande citt\u00e0. DAVIDE mentre guida con andatura lenta osserva [&hellip;]<\/p>\n<div class=\"pvc_clear\"><\/div>\n<p id=\"pvc_stats_45628\" class=\"pvc_stats all  \" data-element-id=\"45628\" style=\"\"><i class=\"pvc-stats-icon medium\" aria-hidden=\"true\"><svg aria-hidden=\"true\" focusable=\"false\" data-prefix=\"far\" data-icon=\"chart-bar\" role=\"img\" xmlns=\"http:\/\/www.w3.org\/2000\/svg\" viewBox=\"0 0 512 512\" class=\"svg-inline--fa fa-chart-bar fa-w-16 fa-2x\"><path fill=\"currentColor\" d=\"M396.8 352h22.4c6.4 0 12.8-6.4 12.8-12.8V108.8c0-6.4-6.4-12.8-12.8-12.8h-22.4c-6.4 0-12.8 6.4-12.8 12.8v230.4c0 6.4 6.4 12.8 12.8 12.8zm-192 0h22.4c6.4 0 12.8-6.4 12.8-12.8V140.8c0-6.4-6.4-12.8-12.8-12.8h-22.4c-6.4 0-12.8 6.4-12.8 12.8v198.4c0 6.4 6.4 12.8 12.8 12.8zm96 0h22.4c6.4 0 12.8-6.4 12.8-12.8V204.8c0-6.4-6.4-12.8-12.8-12.8h-22.4c-6.4 0-12.8 6.4-12.8 12.8v134.4c0 6.4 6.4 12.8 12.8 12.8zM496 400H48V80c0-8.84-7.16-16-16-16H16C7.16 64 0 71.16 0 80v336c0 17.67 14.33 32 32 32h464c8.84 0 16-7.16 16-16v-16c0-8.84-7.16-16-16-16zm-387.2-48h22.4c6.4 0 12.8-6.4 12.8-12.8v-70.4c0-6.4-6.4-12.8-12.8-12.8h-22.4c-6.4 0-12.8 6.4-12.8 12.8v70.4c0 6.4 6.4 12.8 12.8 12.8z\" class=\"\"><\/path><\/svg><\/i> <img loading=\"lazy\" decoding=\"async\" width=\"16\" height=\"16\" alt=\"Loading\" src=\"https:\/\/www.raccontinellarete.it\/301\/wp-content\/plugins\/page-views-count\/ajax-loader-2x.gif\" border=0 \/><\/p>\n<div class=\"pvc_clear\"><\/div>\n","protected":false},"author":21741,"featured_media":0,"comment_status":"open","ping_status":"closed","sticky":false,"template":"","format":"standard","meta":{"footnotes":""},"categories":[554],"tags":[],"class_list":["post-45628","post","type-post","status-publish","format-standard","hentry","category-premio-racconti-per-corti-2021"],"_links":{"self":[{"href":"https:\/\/www.raccontinellarete.it\/index.php?rest_route=\/wp\/v2\/posts\/45628"}],"collection":[{"href":"https:\/\/www.raccontinellarete.it\/index.php?rest_route=\/wp\/v2\/posts"}],"about":[{"href":"https:\/\/www.raccontinellarete.it\/index.php?rest_route=\/wp\/v2\/types\/post"}],"author":[{"embeddable":true,"href":"https:\/\/www.raccontinellarete.it\/index.php?rest_route=\/wp\/v2\/users\/21741"}],"replies":[{"embeddable":true,"href":"https:\/\/www.raccontinellarete.it\/index.php?rest_route=%2Fwp%2Fv2%2Fcomments&post=45628"}],"version-history":[{"count":3,"href":"https:\/\/www.raccontinellarete.it\/index.php?rest_route=\/wp\/v2\/posts\/45628\/revisions"}],"predecessor-version":[{"id":45637,"href":"https:\/\/www.raccontinellarete.it\/index.php?rest_route=\/wp\/v2\/posts\/45628\/revisions\/45637"}],"wp:attachment":[{"href":"https:\/\/www.raccontinellarete.it\/index.php?rest_route=%2Fwp%2Fv2%2Fmedia&parent=45628"}],"wp:term":[{"taxonomy":"category","embeddable":true,"href":"https:\/\/www.raccontinellarete.it\/index.php?rest_route=%2Fwp%2Fv2%2Fcategories&post=45628"},{"taxonomy":"post_tag","embeddable":true,"href":"https:\/\/www.raccontinellarete.it\/index.php?rest_route=%2Fwp%2Fv2%2Ftags&post=45628"}],"curies":[{"name":"wp","href":"https:\/\/api.w.org\/{rel}","templated":true}]}}