{"id":45321,"date":"2021-04-29T18:30:35","date_gmt":"2021-04-29T17:30:35","guid":{"rendered":"http:\/\/www.raccontinellarete.it\/?p=45321"},"modified":"2021-05-19T19:19:40","modified_gmt":"2021-05-19T18:19:40","slug":"conto-alla-rovescia-le-iscrizioni-al-premio-terminano-il-31-maggio","status":"publish","type":"post","link":"https:\/\/www.raccontinellarete.it\/?p=45321","title":{"rendered":"Conto alla rovescia. Le iscrizioni al premio terminano il 31 maggio"},"content":{"rendered":"\n<p><strong>C\u2019\u00e8 tempo fino al 31 maggio<\/strong> per partecipare alla 20^ edizione del <strong>Premio letterario Racconti nella Rete<\/strong>. La premiazione dei vincitori, che si svolger\u00e0 il 2 e 3 ottobre a Lucca nell&#8217;ambito del <strong>festival LuccAutori<\/strong>, sar\u00e0 accompagnata da una serie di incontri con grandi personaggi del mondo della cultura e dello spettacolo. <\/p>\n\n\n\n<p><strong>Leggi il<a href=\"https:\/\/www.raccontinellarete.it\/?page_id=4730\"> regolamento<\/a> in home page.<\/strong> <strong>Qui trovi il <a href=\"https:\/\/www.raccontinellarete.it\/301\/wp-register.php\">link<\/a> per registrarti. <\/strong>                       <\/p>\n\n\n\n<p><strong>Nel sito <a href=\"https:\/\/www.raccontinellarete.it\">https:\/\/www.raccontinellarete.it<\/a> si possono inserire racconti brevi inediti, con una sezione dedicata anche ai racconti per bambini, ed ai soggetti inediti per cortometraggi.<\/strong> Vengono premiati venticinque racconti che saranno pubblicati ad ottobre in una antologia edita da <strong>Castelvecchi<\/strong> (con la copertina disegnata da <strong>Bruno Bozzetto<\/strong>). <\/p>\n\n\n\n<p>Il vincitore della sezione Corti potr\u00e0 partecipare alla realizzazione del cortometraggio che si girer\u00e0 a Lucca in collaborazione con la <a href=\"http:\/\/www.cinemaimmagina.it\">Scuola di Cinema Immagina di Firenze<\/a> e per la regia di <strong>Giuseppe Ferlito<\/strong>. Nel sito <a href=\"https:\/\/www.raccontinellarete.it\">https:\/\/www.raccontinellarete.it<\/a> si pu\u00f2 vedere il cortometraggio \u201cIl profeta del ring\u201d tratto dal soggetto di Andrea Masotti, vincitore della sezione corti 2020 del premio letterario. <\/p>\n\n\n\n<p>Racconti nella Rete \u00e8 una opportunit\u00e0 per tutti coloro che hanno un racconto nel cassetto e desiderano arrivare alla pubblicazione. Cosa che avviene puntualmente ogni anno con l\u2019antologia dei venticinque vincitori curata da<strong> Demetrio Brandi<\/strong>, presidente del premio, che anche quest&#8217;anno sar\u00e0 pubblicata da Castelvecchi. <\/p>\n\n\n\n<p>Questo concorso letterario ha una sua peculiarit\u00e0: il momento decisamente vitale, emozionante e innovativo della pubblicazione in rete dei racconti, fase altamente significativa sotto il profilo della comunicazione, dello scambio e del confronto culturale. Consigliamo quindi a chiunque voglia partecipare, di inserire i propri racconti e soggetti in tempo utile per poter essere letti e commentati dalle centinaia di utenti che frequentano il sito. <\/p>\n\n\n\n<p>In una sorta di agor\u00e0 virtuale, nel sito <a href=\"https:\/\/www.raccontinellarete.it\">https:\/\/www.raccontinellarete.it<\/a> tutti trovano lo spazio privilegiato per dar voce alle proprie fantasie, memorie o sogni, per saggiare il valore e la qualit\u00e0 del proprio lavoro, per incontrare talenti sconosciuti o confrontarsi con diversi stili narrativi, generi e contenuti. In questi ultimi anni il premio letterario Racconti nella Rete \u00e8 decisamente cresciuto nella popolarit\u00e0 e nella qualit\u00e0 degli elaborati, tanto da poter a ragione essere definito un vero e proprio fenomeno mediatico. <\/p>\n\n\n\n<p>Tra i premi che saranno assegnati a Lucca, in occasione del Festival LuccAutori in programma dal 18 settembre al 3 ottobre, ci sono il premio<strong> Budu\u00e0r<\/strong> per il miglior racconto umoristico e il premio <strong>AIDR<\/strong> per il vincitore pi\u00f9 giovane. Tra gli eventi proposti le mostre &#8220;<strong>Racconti a colori<\/strong>&#8221; realizzata con il contributo degli studenti del Liceo Artistico Passaglia di Lucca e la mostra &#8220;<strong>Dante 7 volte 100<\/strong>&#8221; dedicata al sommo poeta a cura di Stefano Giraldi. Altri appuntamenti sono realizzati in collaborazione con la <strong>Fondazione Mario Tobino<\/strong> e la <strong>Fondazione Giovanni Pascoli<\/strong>. <\/p>\n\n\n\n<p>Per informazioni: <a href=\"mailto:info@raccontinellarete.it\">info@raccontinellarete.it<\/a> tel.0584 651874.<\/p>\n\n\n\n<figure class=\"wp-block-image size-large\"><img loading=\"lazy\" decoding=\"async\" width=\"1024\" height=\"537\" src=\"https:\/\/www.raccontinellarete.it\/301\/wp-content\/uploads\/2021\/05\/il-tirreno-7-maggio-2021-page-0-1024x537.jpg\" alt=\"\" class=\"wp-image-45495\" srcset=\"https:\/\/www.raccontinellarete.it\/301\/wp-content\/uploads\/2021\/05\/il-tirreno-7-maggio-2021-page-0-1024x537.jpg 1024w, https:\/\/www.raccontinellarete.it\/301\/wp-content\/uploads\/2021\/05\/il-tirreno-7-maggio-2021-page-0-344x180.jpg 344w, https:\/\/www.raccontinellarete.it\/301\/wp-content\/uploads\/2021\/05\/il-tirreno-7-maggio-2021-page-0-768x403.jpg 768w, https:\/\/www.raccontinellarete.it\/301\/wp-content\/uploads\/2021\/05\/il-tirreno-7-maggio-2021-page-0-1536x805.jpg 1536w, https:\/\/www.raccontinellarete.it\/301\/wp-content\/uploads\/2021\/05\/il-tirreno-7-maggio-2021-page-0-2048x1073.jpg 2048w\" sizes=\"(max-width: 1024px) 100vw, 1024px\" \/><\/figure>\n\n\n\n<figure class=\"wp-block-embed is-type-video is-provider-youtube wp-block-embed-youtube wp-embed-aspect-16-9 wp-has-aspect-ratio\"><div class=\"wp-block-embed__wrapper\">\n<iframe loading=\"lazy\" title=\"Rai Tre - Racconti nella Rete 2021\" width=\"500\" height=\"281\" src=\"https:\/\/www.youtube.com\/embed\/Qi8aci3Awwc?feature=oembed\" frameborder=\"0\" allow=\"accelerometer; autoplay; clipboard-write; encrypted-media; gyroscope; picture-in-picture; web-share\" referrerpolicy=\"strict-origin-when-cross-origin\" allowfullscreen><\/iframe>\n<\/div><\/figure>\n\n\n\n<figure class=\"wp-block-embed is-type-video is-provider-youtube wp-block-embed-youtube wp-embed-aspect-16-9 wp-has-aspect-ratio\"><div class=\"wp-block-embed__wrapper\">\n<iframe loading=\"lazy\" title=\"Racconti nella Rete 2021 - Rai Parlamento\" width=\"500\" height=\"281\" src=\"https:\/\/www.youtube.com\/embed\/PdZsvbUfZGI?feature=oembed\" frameborder=\"0\" allow=\"accelerometer; autoplay; clipboard-write; encrypted-media; gyroscope; picture-in-picture; web-share\" referrerpolicy=\"strict-origin-when-cross-origin\" allowfullscreen><\/iframe>\n<\/div><\/figure>\n<div class=\"pvc_clear\"><\/div><p id=\"pvc_stats_45321\" class=\"pvc_stats all  \" data-element-id=\"45321\" style=\"\"><i class=\"pvc-stats-icon medium\" aria-hidden=\"true\"><svg aria-hidden=\"true\" focusable=\"false\" data-prefix=\"far\" data-icon=\"chart-bar\" role=\"img\" xmlns=\"http:\/\/www.w3.org\/2000\/svg\" viewBox=\"0 0 512 512\" class=\"svg-inline--fa fa-chart-bar fa-w-16 fa-2x\"><path fill=\"currentColor\" d=\"M396.8 352h22.4c6.4 0 12.8-6.4 12.8-12.8V108.8c0-6.4-6.4-12.8-12.8-12.8h-22.4c-6.4 0-12.8 6.4-12.8 12.8v230.4c0 6.4 6.4 12.8 12.8 12.8zm-192 0h22.4c6.4 0 12.8-6.4 12.8-12.8V140.8c0-6.4-6.4-12.8-12.8-12.8h-22.4c-6.4 0-12.8 6.4-12.8 12.8v198.4c0 6.4 6.4 12.8 12.8 12.8zm96 0h22.4c6.4 0 12.8-6.4 12.8-12.8V204.8c0-6.4-6.4-12.8-12.8-12.8h-22.4c-6.4 0-12.8 6.4-12.8 12.8v134.4c0 6.4 6.4 12.8 12.8 12.8zM496 400H48V80c0-8.84-7.16-16-16-16H16C7.16 64 0 71.16 0 80v336c0 17.67 14.33 32 32 32h464c8.84 0 16-7.16 16-16v-16c0-8.84-7.16-16-16-16zm-387.2-48h22.4c6.4 0 12.8-6.4 12.8-12.8v-70.4c0-6.4-6.4-12.8-12.8-12.8h-22.4c-6.4 0-12.8 6.4-12.8 12.8v70.4c0 6.4 6.4 12.8 12.8 12.8z\" class=\"\"><\/path><\/svg><\/i> <img loading=\"lazy\" decoding=\"async\" width=\"16\" height=\"16\" alt=\"Loading\" src=\"https:\/\/www.raccontinellarete.it\/301\/wp-content\/plugins\/page-views-count\/ajax-loader-2x.gif\" border=0 \/><\/p><div class=\"pvc_clear\"><\/div>","protected":false},"excerpt":{"rendered":"<p>C\u2019\u00e8 tempo fino al 31 maggio per partecipare alla 20^ edizione del Premio letterario Racconti nella Rete. La premiazione dei vincitori, che si svolger\u00e0 il 2 e 3 ottobre a Lucca nell&#8217;ambito del festival LuccAutori, sar\u00e0 accompagnata da una serie di incontri con grandi personaggi del mondo della cultura e dello spettacolo. Leggi il regolamento [&hellip;]<\/p>\n<div class=\"pvc_clear\"><\/div>\n<p id=\"pvc_stats_45321\" class=\"pvc_stats all  \" data-element-id=\"45321\" style=\"\"><i class=\"pvc-stats-icon medium\" aria-hidden=\"true\"><svg aria-hidden=\"true\" focusable=\"false\" data-prefix=\"far\" data-icon=\"chart-bar\" role=\"img\" xmlns=\"http:\/\/www.w3.org\/2000\/svg\" viewBox=\"0 0 512 512\" class=\"svg-inline--fa fa-chart-bar fa-w-16 fa-2x\"><path fill=\"currentColor\" d=\"M396.8 352h22.4c6.4 0 12.8-6.4 12.8-12.8V108.8c0-6.4-6.4-12.8-12.8-12.8h-22.4c-6.4 0-12.8 6.4-12.8 12.8v230.4c0 6.4 6.4 12.8 12.8 12.8zm-192 0h22.4c6.4 0 12.8-6.4 12.8-12.8V140.8c0-6.4-6.4-12.8-12.8-12.8h-22.4c-6.4 0-12.8 6.4-12.8 12.8v198.4c0 6.4 6.4 12.8 12.8 12.8zm96 0h22.4c6.4 0 12.8-6.4 12.8-12.8V204.8c0-6.4-6.4-12.8-12.8-12.8h-22.4c-6.4 0-12.8 6.4-12.8 12.8v134.4c0 6.4 6.4 12.8 12.8 12.8zM496 400H48V80c0-8.84-7.16-16-16-16H16C7.16 64 0 71.16 0 80v336c0 17.67 14.33 32 32 32h464c8.84 0 16-7.16 16-16v-16c0-8.84-7.16-16-16-16zm-387.2-48h22.4c6.4 0 12.8-6.4 12.8-12.8v-70.4c0-6.4-6.4-12.8-12.8-12.8h-22.4c-6.4 0-12.8 6.4-12.8 12.8v70.4c0 6.4 6.4 12.8 12.8 12.8z\" class=\"\"><\/path><\/svg><\/i> <img loading=\"lazy\" decoding=\"async\" width=\"16\" height=\"16\" alt=\"Loading\" src=\"https:\/\/www.raccontinellarete.it\/301\/wp-content\/plugins\/page-views-count\/ajax-loader-2x.gif\" border=0 \/><\/p>\n<div class=\"pvc_clear\"><\/div>\n","protected":false},"author":3,"featured_media":45049,"comment_status":"open","ping_status":"closed","sticky":false,"template":"","format":"standard","meta":{"footnotes":""},"categories":[87,547,543,5],"tags":[],"class_list":["post-45321","post","type-post","status-publish","format-standard","has-post-thumbnail","hentry","category-comunicato-stampa","category-f-o-r-u-m","category-forum-di-racconti-nella-rete","category-racconti-nella-rete"],"_links":{"self":[{"href":"https:\/\/www.raccontinellarete.it\/index.php?rest_route=\/wp\/v2\/posts\/45321"}],"collection":[{"href":"https:\/\/www.raccontinellarete.it\/index.php?rest_route=\/wp\/v2\/posts"}],"about":[{"href":"https:\/\/www.raccontinellarete.it\/index.php?rest_route=\/wp\/v2\/types\/post"}],"author":[{"embeddable":true,"href":"https:\/\/www.raccontinellarete.it\/index.php?rest_route=\/wp\/v2\/users\/3"}],"replies":[{"embeddable":true,"href":"https:\/\/www.raccontinellarete.it\/index.php?rest_route=%2Fwp%2Fv2%2Fcomments&post=45321"}],"version-history":[{"count":17,"href":"https:\/\/www.raccontinellarete.it\/index.php?rest_route=\/wp\/v2\/posts\/45321\/revisions"}],"predecessor-version":[{"id":45728,"href":"https:\/\/www.raccontinellarete.it\/index.php?rest_route=\/wp\/v2\/posts\/45321\/revisions\/45728"}],"wp:featuredmedia":[{"embeddable":true,"href":"https:\/\/www.raccontinellarete.it\/index.php?rest_route=\/wp\/v2\/media\/45049"}],"wp:attachment":[{"href":"https:\/\/www.raccontinellarete.it\/index.php?rest_route=%2Fwp%2Fv2%2Fmedia&parent=45321"}],"wp:term":[{"taxonomy":"category","embeddable":true,"href":"https:\/\/www.raccontinellarete.it\/index.php?rest_route=%2Fwp%2Fv2%2Fcategories&post=45321"},{"taxonomy":"post_tag","embeddable":true,"href":"https:\/\/www.raccontinellarete.it\/index.php?rest_route=%2Fwp%2Fv2%2Ftags&post=45321"}],"curies":[{"name":"wp","href":"https:\/\/api.w.org\/{rel}","templated":true}]}}