{"id":45193,"date":"2021-04-21T19:14:07","date_gmt":"2021-04-21T18:14:07","guid":{"rendered":"http:\/\/www.raccontinellarete.it\/?p=45193"},"modified":"2021-05-19T19:18:54","modified_gmt":"2021-05-19T18:18:54","slug":"racconti-nella-rete-in-tv-le-interviste-di-rai-parlamento","status":"publish","type":"post","link":"https:\/\/www.raccontinellarete.it\/?p=45193","title":{"rendered":"Racconti nella Rete in tv. Le interviste di Rai Parlamento in onda mercoled\u00ec 19 maggio"},"content":{"rendered":"\n<p>Lucca con i suoi tesori, dalle Mura alle antiche torri, \u00e8 al centro dello speciale \u201cSpazio Libero\u201d di Rai Parlamento, dedicato al premio Racconti nella Rete ed al festival LuccAutori.<\/p>\n\n\n\n<p>La trasmissione andr\u00e0 in onda mercoled\u00ec 19 maggio alle 10.55 su Rai Tre. Sar\u00e0 l\u2019occasione per promuovere il premio letterario pochi giorni prima della scadenza del concorso (31 maggio).<\/p>\n\n\n\n<p>In questi giorni una troupe della Rai, guidata dalla giornalista Marina Giraldi, ha registrato delle interviste partendo dalla sede della Fondazione Mario Tobino, dove il professor Marco Vanelli ha evidenziato la stretta amicizia tra il medico e scrittore Mario Tobino ed il regista Federico Fellini. Collaborazione dalla quale doveva nascere un film tratto da &#8220;Le libere donne di Magliano&#8221;. Un tema trattato diffusamente in occasione della scorsa edizione del festival LuccAutori.<\/p>\n\n\n\n<p>In seguito, alla Biblioteca civica Agor\u00e0, tra gli scaffali dei libri ed il chiostro, sono stati ambientati gli interventi del presidente del premio Racconti nella Rete, Demetrio Brandi, ed di alcuni autori vincitori delle scorse edizioni del premio: Raffaele Sesti, Marta Borroni e Sandra Puccini.<\/p>\n\n\n\n<p>Il sindaco Alessandro Tambellini ha parlato dei grandi eventi culturali della citt\u00e0 e del binomio sempre pi\u00f9 stretto con il decennale premio letterario ed il festival LuccAutori. <\/p>\n\n\n\n<p>Nel 2021 il concorso festeggia le 20 edizioni. Molti vincitori e grandi ospiti del mondo della cultura saranno presenti a Lucca dal 18 settembre al 3 ottobre. <\/p>\n\n\n\n<p>Tutte le informazioni sul premio ed il festival le trovate su <a rel=\"noreferrer noopener\" href=\"https:\/\/www.raccontinellarete.it\/?fbclid=IwAR29YN2SPTElSThjxCTwmKcll0oWHZWY_w4DZTJiz90wtiNVLV5zPvXgCXA\" target=\"_blank\">https:\/\/www.raccontinellarete.it<\/a><\/p>\n\n\n\n<figure class=\"wp-block-embed is-type-video is-provider-youtube wp-block-embed-youtube wp-embed-aspect-16-9 wp-has-aspect-ratio\"><div class=\"wp-block-embed__wrapper\">\n<iframe loading=\"lazy\" title=\"Racconti nella Rete 2021 - Rai Parlamento\" width=\"500\" height=\"281\" src=\"https:\/\/www.youtube.com\/embed\/PdZsvbUfZGI?feature=oembed\" frameborder=\"0\" allow=\"accelerometer; autoplay; clipboard-write; encrypted-media; gyroscope; picture-in-picture; web-share\" referrerpolicy=\"strict-origin-when-cross-origin\" allowfullscreen><\/iframe>\n<\/div><\/figure>\n\n\n\n<p><a href=\"https:\/\/www.rai.it\/dl\/RaiTV\/programmi\/media\/ContentItem-88a122c9-903b-4bed-bbbb-bb93a7e67e75.html#p=\">https:\/\/www.rai.it\/dl\/RaiTV\/programmi\/media\/ContentItem-88a122c9-903b-4bed-bbbb-bb93a7e67e75.html#p=<\/a><\/p>\n\n\n\n<figure class=\"wp-block-image size-large\"><img loading=\"lazy\" decoding=\"async\" width=\"1024\" height=\"768\" src=\"https:\/\/www.raccontinellarete.it\/301\/wp-content\/uploads\/2021\/04\/176214159_10225873324919741_3437279477590175804_n-1024x768.jpg\" alt=\"\" class=\"wp-image-45194\" srcset=\"https:\/\/www.raccontinellarete.it\/301\/wp-content\/uploads\/2021\/04\/176214159_10225873324919741_3437279477590175804_n-1024x768.jpg 1024w, https:\/\/www.raccontinellarete.it\/301\/wp-content\/uploads\/2021\/04\/176214159_10225873324919741_3437279477590175804_n-333x250.jpg 333w, https:\/\/www.raccontinellarete.it\/301\/wp-content\/uploads\/2021\/04\/176214159_10225873324919741_3437279477590175804_n-768x576.jpg 768w, https:\/\/www.raccontinellarete.it\/301\/wp-content\/uploads\/2021\/04\/176214159_10225873324919741_3437279477590175804_n.jpg 1440w\" sizes=\"(max-width: 1024px) 100vw, 1024px\" \/><\/figure>\n\n\n\n<figure class=\"wp-block-image size-large\"><img loading=\"lazy\" decoding=\"async\" width=\"1920\" height=\"2560\" src=\"https:\/\/www.raccontinellarete.it\/301\/wp-content\/uploads\/2021\/04\/demetrio-brandi-1-edited-1-scaled.jpg\" alt=\"\" class=\"wp-image-45242\" srcset=\"https:\/\/www.raccontinellarete.it\/301\/wp-content\/uploads\/2021\/04\/demetrio-brandi-1-edited-1-scaled.jpg 1920w, https:\/\/www.raccontinellarete.it\/301\/wp-content\/uploads\/2021\/04\/demetrio-brandi-1-edited-1-188x250.jpg 188w, https:\/\/www.raccontinellarete.it\/301\/wp-content\/uploads\/2021\/04\/demetrio-brandi-1-edited-1-768x1024.jpg 768w, https:\/\/www.raccontinellarete.it\/301\/wp-content\/uploads\/2021\/04\/demetrio-brandi-1-edited-1-1152x1536.jpg 1152w, https:\/\/www.raccontinellarete.it\/301\/wp-content\/uploads\/2021\/04\/demetrio-brandi-1-edited-1-1536x2048.jpg 1536w\" sizes=\"(max-width: 1920px) 100vw, 1920px\" \/><\/figure>\n\n\n\n<figure class=\"wp-block-image size-large\"><img loading=\"lazy\" decoding=\"async\" width=\"1024\" height=\"768\" src=\"https:\/\/www.raccontinellarete.it\/301\/wp-content\/uploads\/2021\/04\/alessandro-tambellini-1024x768.jpg\" alt=\"\" class=\"wp-image-45240\" srcset=\"https:\/\/www.raccontinellarete.it\/301\/wp-content\/uploads\/2021\/04\/alessandro-tambellini-1024x768.jpg 1024w, https:\/\/www.raccontinellarete.it\/301\/wp-content\/uploads\/2021\/04\/alessandro-tambellini-333x250.jpg 333w, https:\/\/www.raccontinellarete.it\/301\/wp-content\/uploads\/2021\/04\/alessandro-tambellini-768x576.jpg 768w, https:\/\/www.raccontinellarete.it\/301\/wp-content\/uploads\/2021\/04\/alessandro-tambellini-1536x1152.jpg 1536w, https:\/\/www.raccontinellarete.it\/301\/wp-content\/uploads\/2021\/04\/alessandro-tambellini.jpg 1984w\" sizes=\"(max-width: 1024px) 100vw, 1024px\" \/><\/figure>\n<div class=\"pvc_clear\"><\/div><p id=\"pvc_stats_45193\" class=\"pvc_stats all  \" data-element-id=\"45193\" style=\"\"><i class=\"pvc-stats-icon medium\" aria-hidden=\"true\"><svg aria-hidden=\"true\" focusable=\"false\" data-prefix=\"far\" data-icon=\"chart-bar\" role=\"img\" xmlns=\"http:\/\/www.w3.org\/2000\/svg\" viewBox=\"0 0 512 512\" class=\"svg-inline--fa fa-chart-bar fa-w-16 fa-2x\"><path fill=\"currentColor\" d=\"M396.8 352h22.4c6.4 0 12.8-6.4 12.8-12.8V108.8c0-6.4-6.4-12.8-12.8-12.8h-22.4c-6.4 0-12.8 6.4-12.8 12.8v230.4c0 6.4 6.4 12.8 12.8 12.8zm-192 0h22.4c6.4 0 12.8-6.4 12.8-12.8V140.8c0-6.4-6.4-12.8-12.8-12.8h-22.4c-6.4 0-12.8 6.4-12.8 12.8v198.4c0 6.4 6.4 12.8 12.8 12.8zm96 0h22.4c6.4 0 12.8-6.4 12.8-12.8V204.8c0-6.4-6.4-12.8-12.8-12.8h-22.4c-6.4 0-12.8 6.4-12.8 12.8v134.4c0 6.4 6.4 12.8 12.8 12.8zM496 400H48V80c0-8.84-7.16-16-16-16H16C7.16 64 0 71.16 0 80v336c0 17.67 14.33 32 32 32h464c8.84 0 16-7.16 16-16v-16c0-8.84-7.16-16-16-16zm-387.2-48h22.4c6.4 0 12.8-6.4 12.8-12.8v-70.4c0-6.4-6.4-12.8-12.8-12.8h-22.4c-6.4 0-12.8 6.4-12.8 12.8v70.4c0 6.4 6.4 12.8 12.8 12.8z\" class=\"\"><\/path><\/svg><\/i> <img loading=\"lazy\" decoding=\"async\" width=\"16\" height=\"16\" alt=\"Loading\" src=\"https:\/\/www.raccontinellarete.it\/301\/wp-content\/plugins\/page-views-count\/ajax-loader-2x.gif\" border=0 \/><\/p><div class=\"pvc_clear\"><\/div>","protected":false},"excerpt":{"rendered":"<p>Lucca con i suoi tesori, dalle Mura alle antiche torri, \u00e8 al centro dello speciale \u201cSpazio Libero\u201d di Rai Parlamento, dedicato al premio Racconti nella Rete ed al festival LuccAutori. La trasmissione andr\u00e0 in onda mercoled\u00ec 19 maggio alle 10.55 su Rai Tre. Sar\u00e0 l\u2019occasione per promuovere il premio letterario pochi giorni prima della scadenza [&hellip;]<\/p>\n<div class=\"pvc_clear\"><\/div>\n<p id=\"pvc_stats_45193\" class=\"pvc_stats all  \" data-element-id=\"45193\" style=\"\"><i class=\"pvc-stats-icon medium\" aria-hidden=\"true\"><svg aria-hidden=\"true\" focusable=\"false\" data-prefix=\"far\" data-icon=\"chart-bar\" role=\"img\" xmlns=\"http:\/\/www.w3.org\/2000\/svg\" viewBox=\"0 0 512 512\" class=\"svg-inline--fa fa-chart-bar fa-w-16 fa-2x\"><path fill=\"currentColor\" d=\"M396.8 352h22.4c6.4 0 12.8-6.4 12.8-12.8V108.8c0-6.4-6.4-12.8-12.8-12.8h-22.4c-6.4 0-12.8 6.4-12.8 12.8v230.4c0 6.4 6.4 12.8 12.8 12.8zm-192 0h22.4c6.4 0 12.8-6.4 12.8-12.8V140.8c0-6.4-6.4-12.8-12.8-12.8h-22.4c-6.4 0-12.8 6.4-12.8 12.8v198.4c0 6.4 6.4 12.8 12.8 12.8zm96 0h22.4c6.4 0 12.8-6.4 12.8-12.8V204.8c0-6.4-6.4-12.8-12.8-12.8h-22.4c-6.4 0-12.8 6.4-12.8 12.8v134.4c0 6.4 6.4 12.8 12.8 12.8zM496 400H48V80c0-8.84-7.16-16-16-16H16C7.16 64 0 71.16 0 80v336c0 17.67 14.33 32 32 32h464c8.84 0 16-7.16 16-16v-16c0-8.84-7.16-16-16-16zm-387.2-48h22.4c6.4 0 12.8-6.4 12.8-12.8v-70.4c0-6.4-6.4-12.8-12.8-12.8h-22.4c-6.4 0-12.8 6.4-12.8 12.8v70.4c0 6.4 6.4 12.8 12.8 12.8z\" class=\"\"><\/path><\/svg><\/i> <img loading=\"lazy\" decoding=\"async\" width=\"16\" height=\"16\" alt=\"Loading\" src=\"https:\/\/www.raccontinellarete.it\/301\/wp-content\/plugins\/page-views-count\/ajax-loader-2x.gif\" border=0 \/><\/p>\n<div class=\"pvc_clear\"><\/div>\n","protected":false},"author":3,"featured_media":45194,"comment_status":"open","ping_status":"closed","sticky":false,"template":"","format":"standard","meta":{"footnotes":""},"categories":[87,5],"tags":[],"class_list":["post-45193","post","type-post","status-publish","format-standard","has-post-thumbnail","hentry","category-comunicato-stampa","category-racconti-nella-rete"],"_links":{"self":[{"href":"https:\/\/www.raccontinellarete.it\/index.php?rest_route=\/wp\/v2\/posts\/45193"}],"collection":[{"href":"https:\/\/www.raccontinellarete.it\/index.php?rest_route=\/wp\/v2\/posts"}],"about":[{"href":"https:\/\/www.raccontinellarete.it\/index.php?rest_route=\/wp\/v2\/types\/post"}],"author":[{"embeddable":true,"href":"https:\/\/www.raccontinellarete.it\/index.php?rest_route=\/wp\/v2\/users\/3"}],"replies":[{"embeddable":true,"href":"https:\/\/www.raccontinellarete.it\/index.php?rest_route=%2Fwp%2Fv2%2Fcomments&post=45193"}],"version-history":[{"count":8,"href":"https:\/\/www.raccontinellarete.it\/index.php?rest_route=\/wp\/v2\/posts\/45193\/revisions"}],"predecessor-version":[{"id":45727,"href":"https:\/\/www.raccontinellarete.it\/index.php?rest_route=\/wp\/v2\/posts\/45193\/revisions\/45727"}],"wp:featuredmedia":[{"embeddable":true,"href":"https:\/\/www.raccontinellarete.it\/index.php?rest_route=\/wp\/v2\/media\/45194"}],"wp:attachment":[{"href":"https:\/\/www.raccontinellarete.it\/index.php?rest_route=%2Fwp%2Fv2%2Fmedia&parent=45193"}],"wp:term":[{"taxonomy":"category","embeddable":true,"href":"https:\/\/www.raccontinellarete.it\/index.php?rest_route=%2Fwp%2Fv2%2Fcategories&post=45193"},{"taxonomy":"post_tag","embeddable":true,"href":"https:\/\/www.raccontinellarete.it\/index.php?rest_route=%2Fwp%2Fv2%2Ftags&post=45193"}],"curies":[{"name":"wp","href":"https:\/\/api.w.org\/{rel}","templated":true}]}}