{"id":44721,"date":"2021-03-11T12:39:27","date_gmt":"2021-03-11T11:39:27","guid":{"rendered":"http:\/\/www.raccontinellarete.it\/?p=44721"},"modified":"2021-03-27T19:21:34","modified_gmt":"2021-03-27T18:21:34","slug":"premio-racconti-nella-rete-2021-il-tubetto-un-miracolo-ordinario-di-jose-toye","status":"publish","type":"post","link":"https:\/\/www.raccontinellarete.it\/?p=44721","title":{"rendered":"Premio Racconti nella Rete 2021 &#8220;Il tubetto, un miracolo ordinario&#8221; di Jose Toye"},"content":{"rendered":"\n<p>L\u2019album di fotografie \u00e8 aperto sul tavolino basso. Sulla pagina destra una foto bianca e nera mostra una ragazzina seduta su un dondolo nel giardino. Ci si vede anche un uomo di mezz\u2019et\u00e0 in piedi alle sue spalle. Entrambi sorridono al fotografo.<\/p>\n\n\n\n<p>\u201cSei tu l\u00ec a dondolarti?\u201d chiedo alla mia amica.<\/p>\n\n\n\n<p>\u201cS\u00ec, sono io. S\u00ec. Guarda, il mio nonno paterno sta in piedi dietro di me. Si chiamava Paolo, purtroppo \u00e8 morto quattro anni fa. Era tanto gentile, ti sarebbe piaciuto\u201d. &nbsp;&nbsp;<\/p>\n\n\n\n<p>Sulla pagina destra, c\u2019\u00e8 un\u2019altra foto, un ritratto. Ci si vede Paolo tenendo in mano di fronte al suo viso un oggetto che assomiglia ad un tubetto. &nbsp;<\/p>\n\n\n\n<p>\u201cCose \u00e8 questo, dentifricio? \u201c<\/p>\n\n\n\n<p>\u201cS\u00ec\u201d. Risponde la mia amica.<\/p>\n\n\n\n<p>\u201cUna foto strana, no?\u201d. \u201cDimmi di pi\u00f9 su quel tubetto\u201d.<\/p>\n\n\n\n<p>\u201cMi prendi in giro se te lo dico\u201d.<\/p>\n\n\n\n<p>\u201cDai, dai! non ti prender\u00f2 in giro, te lo giuro\u201d.<\/p>\n\n\n\n<p>L\u2019amica rimane silenziosa per un po&#8217; ma si decide a parlare.<\/p>\n\n\n\n<p>\u201csta, attento, questo \u00e8 un segreto\u201d.<\/p>\n\n\n\n<p>Poi sottovoce, essa incomincia a parlare.<\/p>\n\n\n\n<p>Circa dieci anni fa, andavo a vedere i miei nonni paterni una volta per settimana. Andarci il sabato mi piaceva di pi\u00f9 perch\u00e9quel giorno nonna Lucia mandava suo marito a fare la spesa al mercato. Lo accompagnavo sempre. &nbsp;Nonna mi affidava l\u2019elenco, lui portava le borse della spesa. Di solito prima di tornare a casa, ci fermavamo per un po&#8217; al bar, nonno ci incontrava qualche amico. Poi facevamo un giro alla pasticceria per comprarci i miei dolci preferiti.<\/p>\n\n\n\n<p>Quel sabato prima di Natale, lasciando il bar, ci siamo fermati davanti a una piccolissima bancarella. Il sedicente commerciante assomigliava piuttosto ad un mendicante. Vendeva alcune cose tra cui tubetti di dentifricio sparsi su una tela di plastica, un po&#8217; alla rinfusa. L\u2019uomo sembrava triste. La sua barba grigia arruffata, il suo abito rosso logoro gli dava l\u2019aspetto di Babbo Natale. Impietosito, nonno gli compr\u00f2 un tubetto e mi disse di sceglierne uno mentre dava una banconota di venti Euro al poveraccio dicendogli di tenere il resto per s\u00e9.<\/p>\n\n\n\n<p>L\u2019uomo alzando il suo sguardo dalla banconota lo ringrazi\u00f2 e poi si mise a frugare in un vecchio cesto di vimini, ne tir\u00f2 fuori un tubo di colore verde e mi disse \u201cRagazzina prendi quel tubetto, gli sar\u00e0 pi\u00f9 utile.<\/p>\n\n\n\n<p>Poi rivolgendosi di nuovo a nonno aggiunse \u201cSappia che ormai quel tubetto non si vuoter\u00e0 finch\u00e9 lo usa Lei stesso\u201d.<\/p>\n\n\n\n<p>Nonno fece spallucce e scoppi\u00f2 a ridere, lo ringrazi\u00f2 di turno e poi andammoalla pasticceria e tornammo a casa. &nbsp;<\/p>\n\n\n\n<p>Sono sicuro chenon l\u2019avevamo mai visto prima e non l\u2019avremmo mai pi\u00f9 visto di seguito.<\/p>\n\n\n\n<p>\u201cDi nuovo ci sei cascato Paolo\u201d. Naturalmente, come previsto nonna Lucia fece una smorfia appena capi che nonno avesse pagato venti Euro per un tubetto di dentifricio. Nonno non disse niente della predizione del Babbo Natale e prestamente rimise in tasca l\u2019oggetto polemico.<\/p>\n\n\n\n<p>Il sabato seguente, io, che non avevo dimenticato le parole del Babbo Natale, non pot\u00e9 fare a meno di chiedergli del tubetto, nonno mi prese in disparte e mi sussurr\u00f2 \u201cTi ricordi la battuta del mendicante, mi pare che sia vera, per cinque giorni di seguito ho usato il dentifricio e il tubetto non si vuol vuotare. L\u2019altro Ieri sera lo svuotato a met\u00e0 e di prima mattina appena toccato, si \u00e8 riempito di nuovo. Quando l\u2019ho detto alla Nonna essa l\u2019ha preso per uno scherzo. Nonna s\u00e9 stessa l\u2019ha quasi svuotato ieri per\u00f2 stamattina era di nuovo pieno\u201d. Infine pian piano tutta la famiglia l\u2019ha saputo, papa, mamma. \u201cFigurati che tutti volevano provare a vuotare quel tubetto ma appena nonno lo toccava, il tubo si riempiva\u201d.<\/p>\n\n\n\n<p>Cauta, la famiglia prese la decisione di tacere quello strano fenomeno. Sfortunatamente una volta, una sola volta, io ho rotto il patto. In classe, ho dimenticato per quale motivo, la maestra ci aveva improvvisamente chiesto se sapessimo cosa fosse un miracolo, e io non potetti fare a meno di dire di s\u00ec e dunque di rivelare il segreto. Fortunatamente, bench\u00e9 ne fossi un po\u2019 frustrata, fui sollevata vedere che nessuno mi avesse creduta, entrambe la classe e la maestra mi presero in giro. Purtroppo la storia non finisce qui, tocc\u00f2 a me fare una punizione a casa e dovetti scrivere due pagine \u201cNon si scherza in classe\u201d. Non ti dico quanto mia madre fosse arrabbiata.<\/p>\n\n\n\n<p>Cosi per anni nonno ha usato solo quel dentifricio fino alla sua morte. Nonna ha svuotato il tubo e poi l\u2019ha messo dentro la bara sicch\u00e9 ce ne resta solo il ricordo.<\/p>\n\n\n\n<p>Io invece sono rimasto zitto a bocca aperta.<\/p>\n\n\n\n<p><\/p>\n\n\n\n<p><\/p>\n<div class=\"pvc_clear\"><\/div><p id=\"pvc_stats_44721\" class=\"pvc_stats all  \" data-element-id=\"44721\" style=\"\"><i class=\"pvc-stats-icon medium\" aria-hidden=\"true\"><svg aria-hidden=\"true\" focusable=\"false\" data-prefix=\"far\" data-icon=\"chart-bar\" role=\"img\" xmlns=\"http:\/\/www.w3.org\/2000\/svg\" viewBox=\"0 0 512 512\" class=\"svg-inline--fa fa-chart-bar fa-w-16 fa-2x\"><path fill=\"currentColor\" d=\"M396.8 352h22.4c6.4 0 12.8-6.4 12.8-12.8V108.8c0-6.4-6.4-12.8-12.8-12.8h-22.4c-6.4 0-12.8 6.4-12.8 12.8v230.4c0 6.4 6.4 12.8 12.8 12.8zm-192 0h22.4c6.4 0 12.8-6.4 12.8-12.8V140.8c0-6.4-6.4-12.8-12.8-12.8h-22.4c-6.4 0-12.8 6.4-12.8 12.8v198.4c0 6.4 6.4 12.8 12.8 12.8zm96 0h22.4c6.4 0 12.8-6.4 12.8-12.8V204.8c0-6.4-6.4-12.8-12.8-12.8h-22.4c-6.4 0-12.8 6.4-12.8 12.8v134.4c0 6.4 6.4 12.8 12.8 12.8zM496 400H48V80c0-8.84-7.16-16-16-16H16C7.16 64 0 71.16 0 80v336c0 17.67 14.33 32 32 32h464c8.84 0 16-7.16 16-16v-16c0-8.84-7.16-16-16-16zm-387.2-48h22.4c6.4 0 12.8-6.4 12.8-12.8v-70.4c0-6.4-6.4-12.8-12.8-12.8h-22.4c-6.4 0-12.8 6.4-12.8 12.8v70.4c0 6.4 6.4 12.8 12.8 12.8z\" class=\"\"><\/path><\/svg><\/i> <img loading=\"lazy\" decoding=\"async\" width=\"16\" height=\"16\" alt=\"Loading\" src=\"https:\/\/www.raccontinellarete.it\/301\/wp-content\/plugins\/page-views-count\/ajax-loader-2x.gif\" border=0 \/><\/p><div class=\"pvc_clear\"><\/div>","protected":false},"excerpt":{"rendered":"<p>L\u2019album di fotografie \u00e8 aperto sul tavolino basso. Sulla pagina destra una foto bianca e nera mostra una ragazzina seduta su un dondolo nel giardino. Ci si vede anche un uomo di mezz\u2019et\u00e0 in piedi alle sue spalle. Entrambi sorridono al fotografo. \u201cSei tu l\u00ec a dondolarti?\u201d chiedo alla mia amica. \u201cS\u00ec, sono io. S\u00ec. [&hellip;]<\/p>\n<div class=\"pvc_clear\"><\/div>\n<p id=\"pvc_stats_44721\" class=\"pvc_stats all  \" data-element-id=\"44721\" style=\"\"><i class=\"pvc-stats-icon medium\" aria-hidden=\"true\"><svg aria-hidden=\"true\" focusable=\"false\" data-prefix=\"far\" data-icon=\"chart-bar\" role=\"img\" xmlns=\"http:\/\/www.w3.org\/2000\/svg\" viewBox=\"0 0 512 512\" class=\"svg-inline--fa fa-chart-bar fa-w-16 fa-2x\"><path fill=\"currentColor\" d=\"M396.8 352h22.4c6.4 0 12.8-6.4 12.8-12.8V108.8c0-6.4-6.4-12.8-12.8-12.8h-22.4c-6.4 0-12.8 6.4-12.8 12.8v230.4c0 6.4 6.4 12.8 12.8 12.8zm-192 0h22.4c6.4 0 12.8-6.4 12.8-12.8V140.8c0-6.4-6.4-12.8-12.8-12.8h-22.4c-6.4 0-12.8 6.4-12.8 12.8v198.4c0 6.4 6.4 12.8 12.8 12.8zm96 0h22.4c6.4 0 12.8-6.4 12.8-12.8V204.8c0-6.4-6.4-12.8-12.8-12.8h-22.4c-6.4 0-12.8 6.4-12.8 12.8v134.4c0 6.4 6.4 12.8 12.8 12.8zM496 400H48V80c0-8.84-7.16-16-16-16H16C7.16 64 0 71.16 0 80v336c0 17.67 14.33 32 32 32h464c8.84 0 16-7.16 16-16v-16c0-8.84-7.16-16-16-16zm-387.2-48h22.4c6.4 0 12.8-6.4 12.8-12.8v-70.4c0-6.4-6.4-12.8-12.8-12.8h-22.4c-6.4 0-12.8 6.4-12.8 12.8v70.4c0 6.4 6.4 12.8 12.8 12.8z\" class=\"\"><\/path><\/svg><\/i> <img loading=\"lazy\" decoding=\"async\" width=\"16\" height=\"16\" alt=\"Loading\" src=\"https:\/\/www.raccontinellarete.it\/301\/wp-content\/plugins\/page-views-count\/ajax-loader-2x.gif\" border=0 \/><\/p>\n<div class=\"pvc_clear\"><\/div>\n","protected":false},"author":21340,"featured_media":0,"comment_status":"open","ping_status":"closed","sticky":false,"template":"","format":"standard","meta":{"footnotes":""},"categories":[553],"tags":[],"class_list":["post-44721","post","type-post","status-publish","format-standard","hentry","category-premio-racconti-nella-rete-2021"],"_links":{"self":[{"href":"https:\/\/www.raccontinellarete.it\/index.php?rest_route=\/wp\/v2\/posts\/44721"}],"collection":[{"href":"https:\/\/www.raccontinellarete.it\/index.php?rest_route=\/wp\/v2\/posts"}],"about":[{"href":"https:\/\/www.raccontinellarete.it\/index.php?rest_route=\/wp\/v2\/types\/post"}],"author":[{"embeddable":true,"href":"https:\/\/www.raccontinellarete.it\/index.php?rest_route=\/wp\/v2\/users\/21340"}],"replies":[{"embeddable":true,"href":"https:\/\/www.raccontinellarete.it\/index.php?rest_route=%2Fwp%2Fv2%2Fcomments&post=44721"}],"version-history":[{"count":3,"href":"https:\/\/www.raccontinellarete.it\/index.php?rest_route=\/wp\/v2\/posts\/44721\/revisions"}],"predecessor-version":[{"id":44899,"href":"https:\/\/www.raccontinellarete.it\/index.php?rest_route=\/wp\/v2\/posts\/44721\/revisions\/44899"}],"wp:attachment":[{"href":"https:\/\/www.raccontinellarete.it\/index.php?rest_route=%2Fwp%2Fv2%2Fmedia&parent=44721"}],"wp:term":[{"taxonomy":"category","embeddable":true,"href":"https:\/\/www.raccontinellarete.it\/index.php?rest_route=%2Fwp%2Fv2%2Fcategories&post=44721"},{"taxonomy":"post_tag","embeddable":true,"href":"https:\/\/www.raccontinellarete.it\/index.php?rest_route=%2Fwp%2Fv2%2Ftags&post=44721"}],"curies":[{"name":"wp","href":"https:\/\/api.w.org\/{rel}","templated":true}]}}