{"id":43286,"date":"2020-11-17T12:27:09","date_gmt":"2020-11-17T11:27:09","guid":{"rendered":"http:\/\/www.raccontinellarete.it\/?p=43286"},"modified":"2020-11-23T11:53:52","modified_gmt":"2020-11-23T10:53:52","slug":"in-diretta-con-i-vincitori-di-racconti-nella-rete","status":"publish","type":"post","link":"https:\/\/www.raccontinellarete.it\/?p=43286","title":{"rendered":"In diretta con i vincitori di Racconti nella Rete"},"content":{"rendered":"\n<p><a href=\"https:\/\/www.facebook.com\/288673334513552\/live\/\">https:\/\/www.facebook.com\/288673334513552\/live\/<\/a><\/p>\n\n\n\n<p><a href=\"https:\/\/www.facebook.com\/permalink.php?story_fbid=3411419995572188&amp;id=288673334513552\">Segui la diretta story_fbid=3411419995572188&amp;id=288673334513552<\/a><\/p>\n\n\n\n<figure class=\"wp-block-image\"><img loading=\"lazy\" decoding=\"async\" width=\"1024\" height=\"569\" src=\"https:\/\/www.raccontinellarete.it\/301\/wp-content\/uploads\/2020\/11\/la-nazione-17-novembre-2020-page-0-1024x569.jpg\" alt=\"\" class=\"wp-image-43287\" srcset=\"https:\/\/www.raccontinellarete.it\/301\/wp-content\/uploads\/2020\/11\/la-nazione-17-novembre-2020-page-0-1024x569.jpg 1024w, https:\/\/www.raccontinellarete.it\/301\/wp-content\/uploads\/2020\/11\/la-nazione-17-novembre-2020-page-0-344x191.jpg 344w, https:\/\/www.raccontinellarete.it\/301\/wp-content\/uploads\/2020\/11\/la-nazione-17-novembre-2020-page-0-768x427.jpg 768w\" sizes=\"(max-width: 1024px) 100vw, 1024px\" \/><\/figure>\n\n\n\n<p>Tornano le dirette streaming del premio Racconti nella Rete.  &nbsp; <\/p>\n\n\n\n<p>In attesa di riprendere le presentazioni nelle librerie italiane (pandemia permettendo),  martedi 17 novembre alle 18 sulla pagina facebook del Premio letterario Racconti nella Rete, Demetrio Brandi, presidente del premio, incontra in diretta due scrittori che hanno vinto la selezione 2020. <\/p>\n\n\n\n<p><strong>Sono Salvatore D&#8217;Ascenzo <\/strong>e <strong>Nicoletta Manetti,<\/strong> due tra i 25 scrittori pubblicati nell&#8217;antologia edita da Castelvecchi.  Ospite  della prima diretta il Maestro <strong>Giuseppe Sanalitro<\/strong>, musicista e scrittore che ogni anno, al festival LuccAutori,  accompagna al pianoforte le letture dei racconti vincitori.<\/p>\n\n\n\n<p>Salvatore D\u2019Ascenzo ha scritto &#8220;Un tris di piccole margherite&#8221; . Vive a Giulianova (Te) ed i suoi interessi vertono, principalmente, sull&#8217;etologia e la biodiversit\u00e0. Ha svolto attivit\u00e0 umanitaria in Italia e all&#8217;estero.  \u00e8 autore di un reportage, due raccolte di racconti e quattro romanzi per adulti e ragazzi. Nicoletta Manetti ha scritto il racconto &#8220;Homo Homini Lupus&#8221;. Fiorentina, ha svolto per ventisette anni la professione di avvocato. Non potrebbe vivere senza leggere e scrivere. Il suo romanzo \u201cVICO\u201d (SoleOmbra 2015), \u00e8 stato finalista a diversi concorsi. Ha pubblicato racconti in varie antologie, tra le quali \u201cLa scia nera\u201d a cura di Marco Vichi (TEA 2019). <\/p>\n\n\n\n<p>Gli incontri promuovono la ventesima edizione del premio Racconti nella Rete riserfvato a racconti inediti. Si pu\u00f2 partecipare iscrivendosi nel sito <a href=\"www.raccontinellarete.it\">www.raccontinellarete.it<\/a>. <\/p>\n\n\n\n<p>Prossimi appuntamenti martedi 24 novembre alle 18 con Silvia Roncucci, Davide Deidda e Nicoletta Ferace. Martedi 1 dicembre alle 18 con Elvira Spuntarelli e Andrea Masotti. &nbsp;<\/p>\n<div class=\"pvc_clear\"><\/div><p id=\"pvc_stats_43286\" class=\"pvc_stats all  \" data-element-id=\"43286\" style=\"\"><i class=\"pvc-stats-icon medium\" aria-hidden=\"true\"><svg aria-hidden=\"true\" focusable=\"false\" data-prefix=\"far\" data-icon=\"chart-bar\" role=\"img\" xmlns=\"http:\/\/www.w3.org\/2000\/svg\" viewBox=\"0 0 512 512\" class=\"svg-inline--fa fa-chart-bar fa-w-16 fa-2x\"><path fill=\"currentColor\" d=\"M396.8 352h22.4c6.4 0 12.8-6.4 12.8-12.8V108.8c0-6.4-6.4-12.8-12.8-12.8h-22.4c-6.4 0-12.8 6.4-12.8 12.8v230.4c0 6.4 6.4 12.8 12.8 12.8zm-192 0h22.4c6.4 0 12.8-6.4 12.8-12.8V140.8c0-6.4-6.4-12.8-12.8-12.8h-22.4c-6.4 0-12.8 6.4-12.8 12.8v198.4c0 6.4 6.4 12.8 12.8 12.8zm96 0h22.4c6.4 0 12.8-6.4 12.8-12.8V204.8c0-6.4-6.4-12.8-12.8-12.8h-22.4c-6.4 0-12.8 6.4-12.8 12.8v134.4c0 6.4 6.4 12.8 12.8 12.8zM496 400H48V80c0-8.84-7.16-16-16-16H16C7.16 64 0 71.16 0 80v336c0 17.67 14.33 32 32 32h464c8.84 0 16-7.16 16-16v-16c0-8.84-7.16-16-16-16zm-387.2-48h22.4c6.4 0 12.8-6.4 12.8-12.8v-70.4c0-6.4-6.4-12.8-12.8-12.8h-22.4c-6.4 0-12.8 6.4-12.8 12.8v70.4c0 6.4 6.4 12.8 12.8 12.8z\" class=\"\"><\/path><\/svg><\/i> <img loading=\"lazy\" decoding=\"async\" width=\"16\" height=\"16\" alt=\"Loading\" src=\"https:\/\/www.raccontinellarete.it\/301\/wp-content\/plugins\/page-views-count\/ajax-loader-2x.gif\" border=0 \/><\/p><div class=\"pvc_clear\"><\/div>","protected":false},"excerpt":{"rendered":"<p>https:\/\/www.facebook.com\/288673334513552\/live\/ Segui la diretta story_fbid=3411419995572188&amp;id=288673334513552 Tornano le dirette streaming del premio Racconti nella Rete. &nbsp; In attesa di riprendere le presentazioni nelle librerie italiane (pandemia permettendo), martedi 17 novembre alle 18 sulla pagina facebook del Premio letterario Racconti nella Rete, Demetrio Brandi, presidente del premio, incontra in diretta due scrittori che hanno vinto la selezione [&hellip;]<\/p>\n<div class=\"pvc_clear\"><\/div>\n<p id=\"pvc_stats_43286\" class=\"pvc_stats all  \" data-element-id=\"43286\" style=\"\"><i class=\"pvc-stats-icon medium\" aria-hidden=\"true\"><svg aria-hidden=\"true\" focusable=\"false\" data-prefix=\"far\" data-icon=\"chart-bar\" role=\"img\" xmlns=\"http:\/\/www.w3.org\/2000\/svg\" viewBox=\"0 0 512 512\" class=\"svg-inline--fa fa-chart-bar fa-w-16 fa-2x\"><path fill=\"currentColor\" d=\"M396.8 352h22.4c6.4 0 12.8-6.4 12.8-12.8V108.8c0-6.4-6.4-12.8-12.8-12.8h-22.4c-6.4 0-12.8 6.4-12.8 12.8v230.4c0 6.4 6.4 12.8 12.8 12.8zm-192 0h22.4c6.4 0 12.8-6.4 12.8-12.8V140.8c0-6.4-6.4-12.8-12.8-12.8h-22.4c-6.4 0-12.8 6.4-12.8 12.8v198.4c0 6.4 6.4 12.8 12.8 12.8zm96 0h22.4c6.4 0 12.8-6.4 12.8-12.8V204.8c0-6.4-6.4-12.8-12.8-12.8h-22.4c-6.4 0-12.8 6.4-12.8 12.8v134.4c0 6.4 6.4 12.8 12.8 12.8zM496 400H48V80c0-8.84-7.16-16-16-16H16C7.16 64 0 71.16 0 80v336c0 17.67 14.33 32 32 32h464c8.84 0 16-7.16 16-16v-16c0-8.84-7.16-16-16-16zm-387.2-48h22.4c6.4 0 12.8-6.4 12.8-12.8v-70.4c0-6.4-6.4-12.8-12.8-12.8h-22.4c-6.4 0-12.8 6.4-12.8 12.8v70.4c0 6.4 6.4 12.8 12.8 12.8z\" class=\"\"><\/path><\/svg><\/i> <img loading=\"lazy\" decoding=\"async\" width=\"16\" height=\"16\" alt=\"Loading\" src=\"https:\/\/www.raccontinellarete.it\/301\/wp-content\/plugins\/page-views-count\/ajax-loader-2x.gif\" border=0 \/><\/p>\n<div class=\"pvc_clear\"><\/div>\n","protected":false},"author":3,"featured_media":40994,"comment_status":"open","ping_status":"closed","sticky":false,"template":"","format":"standard","meta":{"footnotes":""},"categories":[87,547,543,5],"tags":[],"class_list":["post-43286","post","type-post","status-publish","format-standard","has-post-thumbnail","hentry","category-comunicato-stampa","category-f-o-r-u-m","category-forum-di-racconti-nella-rete","category-racconti-nella-rete"],"_links":{"self":[{"href":"https:\/\/www.raccontinellarete.it\/index.php?rest_route=\/wp\/v2\/posts\/43286"}],"collection":[{"href":"https:\/\/www.raccontinellarete.it\/index.php?rest_route=\/wp\/v2\/posts"}],"about":[{"href":"https:\/\/www.raccontinellarete.it\/index.php?rest_route=\/wp\/v2\/types\/post"}],"author":[{"embeddable":true,"href":"https:\/\/www.raccontinellarete.it\/index.php?rest_route=\/wp\/v2\/users\/3"}],"replies":[{"embeddable":true,"href":"https:\/\/www.raccontinellarete.it\/index.php?rest_route=%2Fwp%2Fv2%2Fcomments&post=43286"}],"version-history":[{"count":9,"href":"https:\/\/www.raccontinellarete.it\/index.php?rest_route=\/wp\/v2\/posts\/43286\/revisions"}],"predecessor-version":[{"id":43322,"href":"https:\/\/www.raccontinellarete.it\/index.php?rest_route=\/wp\/v2\/posts\/43286\/revisions\/43322"}],"wp:featuredmedia":[{"embeddable":true,"href":"https:\/\/www.raccontinellarete.it\/index.php?rest_route=\/wp\/v2\/media\/40994"}],"wp:attachment":[{"href":"https:\/\/www.raccontinellarete.it\/index.php?rest_route=%2Fwp%2Fv2%2Fmedia&parent=43286"}],"wp:term":[{"taxonomy":"category","embeddable":true,"href":"https:\/\/www.raccontinellarete.it\/index.php?rest_route=%2Fwp%2Fv2%2Fcategories&post=43286"},{"taxonomy":"post_tag","embeddable":true,"href":"https:\/\/www.raccontinellarete.it\/index.php?rest_route=%2Fwp%2Fv2%2Ftags&post=43286"}],"curies":[{"name":"wp","href":"https:\/\/api.w.org\/{rel}","templated":true}]}}