{"id":43238,"date":"2020-11-12T17:15:47","date_gmt":"2020-11-12T16:15:47","guid":{"rendered":"http:\/\/www.raccontinellarete.it\/?p=43238"},"modified":"2020-11-12T17:18:49","modified_gmt":"2020-11-12T16:18:49","slug":"quando-le-storie-corrono-sul-web-il-video-a-bookcity","status":"publish","type":"post","link":"https:\/\/www.raccontinellarete.it\/?p=43238","title":{"rendered":"Premio Racconti nella Rete 2020. Evento online su BOOKCITY"},"content":{"rendered":"\n<figure class=\"wp-block-embed-youtube wp-block-embed is-type-video is-provider-youtube wp-embed-aspect-16-9 wp-has-aspect-ratio\"><div class=\"wp-block-embed__wrapper\">\n<iframe loading=\"lazy\" title=\"Quando le storie corrono sul web. Premio Racconti nella Rete 2020\" width=\"500\" height=\"281\" src=\"https:\/\/www.youtube.com\/embed\/ZxnptEw-ZRA?feature=oembed\" frameborder=\"0\" allow=\"accelerometer; autoplay; clipboard-write; encrypted-media; gyroscope; picture-in-picture; web-share\" referrerpolicy=\"strict-origin-when-cross-origin\" allowfullscreen><\/iframe>\n<\/div><\/figure>\n\n\n\n<h1 class=\"wp-block-heading\"><\/h1>\n\n\n\n<p>Conduce Demetrio Brandi, curatore dell\u2019antologia e presidente del premio letterario, con la partecipazione dei vincitori dell\u2019edizione 2020. <br>Vengono presentati i racconti inseriti nell\u2019antologia. Il volume raccoglie i 25 racconti vincitori della diciannovesima edizione del premio, che si svolge ogni anno nel sito&nbsp;<a>www.raccontinellarete.it<\/a>&nbsp;.<\/p>\n\n\n\n<p>Scrigno di piccole storie compiute, &nbsp;l\u2019antologia diventa testimonianza del tempo in cui viviamo ed espressione di tematiche sociali affrontate a volte con leggerezza &nbsp;altre volte con passione, sensibilit\u00e0 e rabbia. &nbsp;Espressione di una qualit\u00e0 letteraria in continua crescita, i racconti si caratterizzano &nbsp;per una prosa sempre pi\u00f9 raffinata e variegata e con stili narrativi originali.Durante l\u2019incontro verr\u00e0 presentata la nuova edizione del premio, riservato a racconti brevi e soggetti per cortometraggi. <\/p>\n\n\n\n<p>Il concorso, che prevede &nbsp;anche una sezione dedicata ai racconti per bambini, \u00e8 &nbsp;in pieno svolgimento nel sito&nbsp;<a>www.raccontinellarete.it<\/a>&nbsp; e si concluder\u00e0 il 31 maggio. Dopo ci sar\u00e0 la selezione dei racconti, la pubblicazione e la premiazione a Lucca, nell\u2019ambito del Festival LuccAutori. <\/p>\n\n\n\n<p>Il vincitore della sezione corti vede realizzato il proprio cortometraggio in collaborazione con la scuola di cinema Immagina di Firenze. Il Premio letterario \u201cRacconti nella Rete\u201d viene considerato il pi\u00f9 grande premio nazionale per inediti online. Una piattaforma di confronto per chi desidera mettersi alla prova con le parole, per quanti non temono di mettere a nudo i propri sentimenti sottoponendo i propri scritti al giudizio di altri lettori e scrittori. &nbsp;La peculiarit\u00e0 del premio consiste nella pubblicazione nel sito di tutti racconti in concorso &nbsp;e nella possibilit\u00e0 che questi vengano letti e commentati dagli utenti.<\/p>\n<div class=\"pvc_clear\"><\/div><p id=\"pvc_stats_43238\" class=\"pvc_stats all  \" data-element-id=\"43238\" style=\"\"><i class=\"pvc-stats-icon medium\" aria-hidden=\"true\"><svg aria-hidden=\"true\" focusable=\"false\" data-prefix=\"far\" data-icon=\"chart-bar\" role=\"img\" xmlns=\"http:\/\/www.w3.org\/2000\/svg\" viewBox=\"0 0 512 512\" class=\"svg-inline--fa fa-chart-bar fa-w-16 fa-2x\"><path fill=\"currentColor\" d=\"M396.8 352h22.4c6.4 0 12.8-6.4 12.8-12.8V108.8c0-6.4-6.4-12.8-12.8-12.8h-22.4c-6.4 0-12.8 6.4-12.8 12.8v230.4c0 6.4 6.4 12.8 12.8 12.8zm-192 0h22.4c6.4 0 12.8-6.4 12.8-12.8V140.8c0-6.4-6.4-12.8-12.8-12.8h-22.4c-6.4 0-12.8 6.4-12.8 12.8v198.4c0 6.4 6.4 12.8 12.8 12.8zm96 0h22.4c6.4 0 12.8-6.4 12.8-12.8V204.8c0-6.4-6.4-12.8-12.8-12.8h-22.4c-6.4 0-12.8 6.4-12.8 12.8v134.4c0 6.4 6.4 12.8 12.8 12.8zM496 400H48V80c0-8.84-7.16-16-16-16H16C7.16 64 0 71.16 0 80v336c0 17.67 14.33 32 32 32h464c8.84 0 16-7.16 16-16v-16c0-8.84-7.16-16-16-16zm-387.2-48h22.4c6.4 0 12.8-6.4 12.8-12.8v-70.4c0-6.4-6.4-12.8-12.8-12.8h-22.4c-6.4 0-12.8 6.4-12.8 12.8v70.4c0 6.4 6.4 12.8 12.8 12.8z\" class=\"\"><\/path><\/svg><\/i> <img loading=\"lazy\" decoding=\"async\" width=\"16\" height=\"16\" alt=\"Loading\" src=\"https:\/\/www.raccontinellarete.it\/301\/wp-content\/plugins\/page-views-count\/ajax-loader-2x.gif\" border=0 \/><\/p><div class=\"pvc_clear\"><\/div>","protected":false},"excerpt":{"rendered":"<p>Conduce Demetrio Brandi, curatore dell\u2019antologia e presidente del premio letterario, con la partecipazione dei vincitori dell\u2019edizione 2020. Vengono presentati i racconti inseriti nell\u2019antologia. Il volume raccoglie i 25 racconti vincitori della diciannovesima edizione del premio, che si svolge ogni anno nel sito&nbsp;www.raccontinellarete.it&nbsp;. Scrigno di piccole storie compiute, &nbsp;l\u2019antologia diventa testimonianza del tempo in cui viviamo [&hellip;]<\/p>\n<div class=\"pvc_clear\"><\/div>\n<p id=\"pvc_stats_43238\" class=\"pvc_stats all  \" data-element-id=\"43238\" style=\"\"><i class=\"pvc-stats-icon medium\" aria-hidden=\"true\"><svg aria-hidden=\"true\" focusable=\"false\" data-prefix=\"far\" data-icon=\"chart-bar\" role=\"img\" xmlns=\"http:\/\/www.w3.org\/2000\/svg\" viewBox=\"0 0 512 512\" class=\"svg-inline--fa fa-chart-bar fa-w-16 fa-2x\"><path fill=\"currentColor\" d=\"M396.8 352h22.4c6.4 0 12.8-6.4 12.8-12.8V108.8c0-6.4-6.4-12.8-12.8-12.8h-22.4c-6.4 0-12.8 6.4-12.8 12.8v230.4c0 6.4 6.4 12.8 12.8 12.8zm-192 0h22.4c6.4 0 12.8-6.4 12.8-12.8V140.8c0-6.4-6.4-12.8-12.8-12.8h-22.4c-6.4 0-12.8 6.4-12.8 12.8v198.4c0 6.4 6.4 12.8 12.8 12.8zm96 0h22.4c6.4 0 12.8-6.4 12.8-12.8V204.8c0-6.4-6.4-12.8-12.8-12.8h-22.4c-6.4 0-12.8 6.4-12.8 12.8v134.4c0 6.4 6.4 12.8 12.8 12.8zM496 400H48V80c0-8.84-7.16-16-16-16H16C7.16 64 0 71.16 0 80v336c0 17.67 14.33 32 32 32h464c8.84 0 16-7.16 16-16v-16c0-8.84-7.16-16-16-16zm-387.2-48h22.4c6.4 0 12.8-6.4 12.8-12.8v-70.4c0-6.4-6.4-12.8-12.8-12.8h-22.4c-6.4 0-12.8 6.4-12.8 12.8v70.4c0 6.4 6.4 12.8 12.8 12.8z\" class=\"\"><\/path><\/svg><\/i> <img loading=\"lazy\" decoding=\"async\" width=\"16\" height=\"16\" alt=\"Loading\" src=\"https:\/\/www.raccontinellarete.it\/301\/wp-content\/plugins\/page-views-count\/ajax-loader-2x.gif\" border=0 \/><\/p>\n<div class=\"pvc_clear\"><\/div>\n","protected":false},"author":3,"featured_media":43239,"comment_status":"open","ping_status":"closed","sticky":false,"template":"","format":"standard","meta":{"footnotes":""},"categories":[87,543,5],"tags":[],"class_list":["post-43238","post","type-post","status-publish","format-standard","has-post-thumbnail","hentry","category-comunicato-stampa","category-forum-di-racconti-nella-rete","category-racconti-nella-rete"],"_links":{"self":[{"href":"https:\/\/www.raccontinellarete.it\/index.php?rest_route=\/wp\/v2\/posts\/43238"}],"collection":[{"href":"https:\/\/www.raccontinellarete.it\/index.php?rest_route=\/wp\/v2\/posts"}],"about":[{"href":"https:\/\/www.raccontinellarete.it\/index.php?rest_route=\/wp\/v2\/types\/post"}],"author":[{"embeddable":true,"href":"https:\/\/www.raccontinellarete.it\/index.php?rest_route=\/wp\/v2\/users\/3"}],"replies":[{"embeddable":true,"href":"https:\/\/www.raccontinellarete.it\/index.php?rest_route=%2Fwp%2Fv2%2Fcomments&post=43238"}],"version-history":[{"count":2,"href":"https:\/\/www.raccontinellarete.it\/index.php?rest_route=\/wp\/v2\/posts\/43238\/revisions"}],"predecessor-version":[{"id":43242,"href":"https:\/\/www.raccontinellarete.it\/index.php?rest_route=\/wp\/v2\/posts\/43238\/revisions\/43242"}],"wp:featuredmedia":[{"embeddable":true,"href":"https:\/\/www.raccontinellarete.it\/index.php?rest_route=\/wp\/v2\/media\/43239"}],"wp:attachment":[{"href":"https:\/\/www.raccontinellarete.it\/index.php?rest_route=%2Fwp%2Fv2%2Fmedia&parent=43238"}],"wp:term":[{"taxonomy":"category","embeddable":true,"href":"https:\/\/www.raccontinellarete.it\/index.php?rest_route=%2Fwp%2Fv2%2Fcategories&post=43238"},{"taxonomy":"post_tag","embeddable":true,"href":"https:\/\/www.raccontinellarete.it\/index.php?rest_route=%2Fwp%2Fv2%2Ftags&post=43238"}],"curies":[{"name":"wp","href":"https:\/\/api.w.org\/{rel}","templated":true}]}}