{"id":43177,"date":"2020-10-29T15:24:57","date_gmt":"2020-10-29T14:24:57","guid":{"rendered":"http:\/\/www.raccontinellarete.it\/?p=43177"},"modified":"2020-10-29T15:35:53","modified_gmt":"2020-10-29T14:35:53","slug":"la-ventesima-edizione-di-racconti-nella-rete","status":"publish","type":"post","link":"https:\/\/www.raccontinellarete.it\/?p=43177","title":{"rendered":"La ventesima edizione di Racconti nella Rete"},"content":{"rendered":"\n<p><strong>E&#8217; in corso la ventesima edizione del Premio Letterario &#8220;Racconti nelle Rete&#8221;. <\/strong><\/p>\n\n\n\n<p><strong>Si pu\u00f2 partecipare con  racconti o soggetti inediti che i lettori potranno commentare fin da subito.  Registrandosi nel sito, il concorso &#8211; che termina il 31 maggio 2021 &#8211; prevede la pubblicazione di racconti brevi e di soggetti per cortometraggi.<\/strong>&nbsp;<\/p>\n\n\n\n<p>Nato da un&#8217;idea del giornalista&nbsp;<strong>Demetrio Brandi<\/strong>, il &#8220;Premio Racconti nella Rete&#8221; \u00e8 collegato al XXVII Festival letterario&nbsp;<strong>&#8220;LuccAutori&#8221;<\/strong>. Numerosi sono gli appuntamenti con il premio e gli scrittori vincitori in programma nelle pi\u00f9 importanti citt\u00e0 italiane.&nbsp;<strong>Possono partecipare al Premio tutti coloro che hanno un racconto inedito, oppure un soggetto per la sezione Corti.<\/strong><\/p>\n\n\n\n<p><strong>&#8220;Racconti nella Rete&#8221; vuole essere un&#8217;opportunit\u00e0 di espressione e confronto fra aspiranti scrittori pi\u00f9 o meno giovani. In una sorta di agor\u00e0 virtuale, tutti trovano infatti lo spazio privilegiato per dar voce alle proprie fantasie, memorie o sogni, per cimentarsi nella scrittura creativa e per saggiare il valore e la qualit\u00e0 del proprio lavoro, incontrando talenti sconosciuti o confrontandosi immediatamente con i diversi stili narrativi, generi e contenuti.<\/strong>&nbsp;\u00c8 questo il momento in cui tutti, dal professionista al dilettante, hanno piena possibilit\u00e0 di espressione e uguale dignit\u00e0 di ascolto. \u00c8 uno spazio democratico in cui si possono esprimere tutti coloro che lo desiderano.<\/p>\n\n\n\n<p><strong>Gli autori fino ai 25 anni di et\u00e0 potranno usufruire di uno sconto di dieci euro sulla quota di partecipazione al premio 2021<\/strong>&nbsp;\u2013 sezioni racconti e corti.&nbsp;<em>&#8220;Questa agevolazione<\/em>&nbsp;\u2013 dice&nbsp;<strong>Demetrio Brandi<\/strong>, presidente del Premio \u2013&nbsp;<em>\u00e8 rivolta ai giovani talenti letterari, uno stimolo in pi\u00f9 per farli partecipare ad una vetrina sempre pi\u00f9 importante per gli autori emergenti.<\/em>&#8221; Molti tra gli autori pubblicati in questi anni nelle antologie hanno ottenuto brillanti risultati in campo letterario.&nbsp;<strong>Tra i premi assegnati ai vincitori quello per il pi\u00f9 giovane scrittore<\/strong>&nbsp;(assegnato da&nbsp;<strong>Associazione Italiana Digital Revolution<\/strong>) e per il&nbsp;<strong>racconto umoristico<\/strong>&nbsp;(assegnato dal&nbsp;<strong>giornale Budu\u00e0r<\/strong>).<\/p>\n\n\n\n<p><strong>Il racconto, a tema libero, non dovr\u00e0 superare le cinque cartelle di testo: se l&#8217;elaborato sar\u00e0 ritenuto interessante verr\u00e0 subito inserito nel sito. Al termine del concorso, i venticinque racconti scelti dalla giuria tecnica composta tra gli altri dagli scrittori Ennio Cavalli, Chiara Lico, Eleonora Sottili e dal giornalista ed illustratore Marco De Angelis saranno inseriti nell&#8217;antologia &#8220;Racconti nella Rete&#8221; edita da Castelvecchi.<\/strong>&nbsp;La copertina del libro sar\u00e0 realizzata dal disegnatore e regista&nbsp;<strong>Bruno Bozzetto.<\/strong><\/p>\n\n\n\n<p>Per maggiori informazioni:\u00a0<a href=\"https:\/\/www.raccontinellarete.it\/\">www.raccontinellarete.it<\/a><\/p>\n\n\n\n<h2 class=\"wp-block-heading\"><a href=\"https:\/\/www.raccontinellarete.it\/301\/wp-register.php\">Per registrarti clicca qui<\/a><\/h2>\n\n\n\n<figure class=\"wp-block-image\"><img loading=\"lazy\" decoding=\"async\" width=\"732\" height=\"1024\" src=\"https:\/\/www.raccontinellarete.it\/301\/wp-content\/uploads\/2020\/03\/racconti-nella-rete-2020-1-732x1024.jpg\" alt=\"\" class=\"wp-image-40720\" srcset=\"https:\/\/www.raccontinellarete.it\/301\/wp-content\/uploads\/2020\/03\/racconti-nella-rete-2020-1-732x1024.jpg 732w, https:\/\/www.raccontinellarete.it\/301\/wp-content\/uploads\/2020\/03\/racconti-nella-rete-2020-1-179x250.jpg 179w, https:\/\/www.raccontinellarete.it\/301\/wp-content\/uploads\/2020\/03\/racconti-nella-rete-2020-1-768x1075.jpg 768w, https:\/\/www.raccontinellarete.it\/301\/wp-content\/uploads\/2020\/03\/racconti-nella-rete-2020-1.jpg 1772w\" sizes=\"(max-width: 732px) 100vw, 732px\" \/><\/figure>\n<div class=\"pvc_clear\"><\/div><p id=\"pvc_stats_43177\" class=\"pvc_stats all  \" data-element-id=\"43177\" style=\"\"><i class=\"pvc-stats-icon medium\" aria-hidden=\"true\"><svg aria-hidden=\"true\" focusable=\"false\" data-prefix=\"far\" data-icon=\"chart-bar\" role=\"img\" xmlns=\"http:\/\/www.w3.org\/2000\/svg\" viewBox=\"0 0 512 512\" class=\"svg-inline--fa fa-chart-bar fa-w-16 fa-2x\"><path fill=\"currentColor\" d=\"M396.8 352h22.4c6.4 0 12.8-6.4 12.8-12.8V108.8c0-6.4-6.4-12.8-12.8-12.8h-22.4c-6.4 0-12.8 6.4-12.8 12.8v230.4c0 6.4 6.4 12.8 12.8 12.8zm-192 0h22.4c6.4 0 12.8-6.4 12.8-12.8V140.8c0-6.4-6.4-12.8-12.8-12.8h-22.4c-6.4 0-12.8 6.4-12.8 12.8v198.4c0 6.4 6.4 12.8 12.8 12.8zm96 0h22.4c6.4 0 12.8-6.4 12.8-12.8V204.8c0-6.4-6.4-12.8-12.8-12.8h-22.4c-6.4 0-12.8 6.4-12.8 12.8v134.4c0 6.4 6.4 12.8 12.8 12.8zM496 400H48V80c0-8.84-7.16-16-16-16H16C7.16 64 0 71.16 0 80v336c0 17.67 14.33 32 32 32h464c8.84 0 16-7.16 16-16v-16c0-8.84-7.16-16-16-16zm-387.2-48h22.4c6.4 0 12.8-6.4 12.8-12.8v-70.4c0-6.4-6.4-12.8-12.8-12.8h-22.4c-6.4 0-12.8 6.4-12.8 12.8v70.4c0 6.4 6.4 12.8 12.8 12.8z\" class=\"\"><\/path><\/svg><\/i> <img loading=\"lazy\" decoding=\"async\" width=\"16\" height=\"16\" alt=\"Loading\" src=\"https:\/\/www.raccontinellarete.it\/301\/wp-content\/plugins\/page-views-count\/ajax-loader-2x.gif\" border=0 \/><\/p><div class=\"pvc_clear\"><\/div>","protected":false},"excerpt":{"rendered":"<p>E&#8217; in corso la ventesima edizione del Premio Letterario &#8220;Racconti nelle Rete&#8221;. Si pu\u00f2 partecipare con racconti o soggetti inediti che i lettori potranno commentare fin da subito. Registrandosi nel sito, il concorso &#8211; che termina il 31 maggio 2021 &#8211; prevede la pubblicazione di racconti brevi e di soggetti per cortometraggi.&nbsp; Nato da un&#8217;idea [&hellip;]<\/p>\n<div class=\"pvc_clear\"><\/div>\n<p id=\"pvc_stats_43177\" class=\"pvc_stats all  \" data-element-id=\"43177\" style=\"\"><i class=\"pvc-stats-icon medium\" aria-hidden=\"true\"><svg aria-hidden=\"true\" focusable=\"false\" data-prefix=\"far\" data-icon=\"chart-bar\" role=\"img\" xmlns=\"http:\/\/www.w3.org\/2000\/svg\" viewBox=\"0 0 512 512\" class=\"svg-inline--fa fa-chart-bar fa-w-16 fa-2x\"><path fill=\"currentColor\" d=\"M396.8 352h22.4c6.4 0 12.8-6.4 12.8-12.8V108.8c0-6.4-6.4-12.8-12.8-12.8h-22.4c-6.4 0-12.8 6.4-12.8 12.8v230.4c0 6.4 6.4 12.8 12.8 12.8zm-192 0h22.4c6.4 0 12.8-6.4 12.8-12.8V140.8c0-6.4-6.4-12.8-12.8-12.8h-22.4c-6.4 0-12.8 6.4-12.8 12.8v198.4c0 6.4 6.4 12.8 12.8 12.8zm96 0h22.4c6.4 0 12.8-6.4 12.8-12.8V204.8c0-6.4-6.4-12.8-12.8-12.8h-22.4c-6.4 0-12.8 6.4-12.8 12.8v134.4c0 6.4 6.4 12.8 12.8 12.8zM496 400H48V80c0-8.84-7.16-16-16-16H16C7.16 64 0 71.16 0 80v336c0 17.67 14.33 32 32 32h464c8.84 0 16-7.16 16-16v-16c0-8.84-7.16-16-16-16zm-387.2-48h22.4c6.4 0 12.8-6.4 12.8-12.8v-70.4c0-6.4-6.4-12.8-12.8-12.8h-22.4c-6.4 0-12.8 6.4-12.8 12.8v70.4c0 6.4 6.4 12.8 12.8 12.8z\" class=\"\"><\/path><\/svg><\/i> <img loading=\"lazy\" decoding=\"async\" width=\"16\" height=\"16\" alt=\"Loading\" src=\"https:\/\/www.raccontinellarete.it\/301\/wp-content\/plugins\/page-views-count\/ajax-loader-2x.gif\" border=0 \/><\/p>\n<div class=\"pvc_clear\"><\/div>\n","protected":false},"author":3,"featured_media":43114,"comment_status":"open","ping_status":"closed","sticky":false,"template":"","format":"standard","meta":{"footnotes":""},"categories":[87,547,543,5],"tags":[],"class_list":["post-43177","post","type-post","status-publish","format-standard","has-post-thumbnail","hentry","category-comunicato-stampa","category-f-o-r-u-m","category-forum-di-racconti-nella-rete","category-racconti-nella-rete"],"_links":{"self":[{"href":"https:\/\/www.raccontinellarete.it\/index.php?rest_route=\/wp\/v2\/posts\/43177"}],"collection":[{"href":"https:\/\/www.raccontinellarete.it\/index.php?rest_route=\/wp\/v2\/posts"}],"about":[{"href":"https:\/\/www.raccontinellarete.it\/index.php?rest_route=\/wp\/v2\/types\/post"}],"author":[{"embeddable":true,"href":"https:\/\/www.raccontinellarete.it\/index.php?rest_route=\/wp\/v2\/users\/3"}],"replies":[{"embeddable":true,"href":"https:\/\/www.raccontinellarete.it\/index.php?rest_route=%2Fwp%2Fv2%2Fcomments&post=43177"}],"version-history":[{"count":4,"href":"https:\/\/www.raccontinellarete.it\/index.php?rest_route=\/wp\/v2\/posts\/43177\/revisions"}],"predecessor-version":[{"id":43181,"href":"https:\/\/www.raccontinellarete.it\/index.php?rest_route=\/wp\/v2\/posts\/43177\/revisions\/43181"}],"wp:featuredmedia":[{"embeddable":true,"href":"https:\/\/www.raccontinellarete.it\/index.php?rest_route=\/wp\/v2\/media\/43114"}],"wp:attachment":[{"href":"https:\/\/www.raccontinellarete.it\/index.php?rest_route=%2Fwp%2Fv2%2Fmedia&parent=43177"}],"wp:term":[{"taxonomy":"category","embeddable":true,"href":"https:\/\/www.raccontinellarete.it\/index.php?rest_route=%2Fwp%2Fv2%2Fcategories&post=43177"},{"taxonomy":"post_tag","embeddable":true,"href":"https:\/\/www.raccontinellarete.it\/index.php?rest_route=%2Fwp%2Fv2%2Ftags&post=43177"}],"curies":[{"name":"wp","href":"https:\/\/api.w.org\/{rel}","templated":true}]}}