{"id":43112,"date":"2020-10-08T11:12:54","date_gmt":"2020-10-08T10:12:54","guid":{"rendered":"http:\/\/www.raccontinellarete.it\/?p=43112"},"modified":"2020-10-08T17:34:35","modified_gmt":"2020-10-08T16:34:35","slug":"grande-successo-per-luccautori-2020-con-la-sorpresa-bruno-bozzetto","status":"publish","type":"post","link":"https:\/\/www.raccontinellarete.it\/?p=43112","title":{"rendered":"Grande successo per LuccAutori 2020. Con la sorpresa Bruno Bozzetto"},"content":{"rendered":"\n<figure class=\"wp-block-image\"><img loading=\"lazy\" decoding=\"async\" width=\"1024\" height=\"680\" src=\"https:\/\/www.raccontinellarete.it\/301\/wp-content\/uploads\/2020\/10\/3-1024x680.jpg\" alt=\"\" class=\"wp-image-43113\" srcset=\"https:\/\/www.raccontinellarete.it\/301\/wp-content\/uploads\/2020\/10\/3-1024x680.jpg 1024w, https:\/\/www.raccontinellarete.it\/301\/wp-content\/uploads\/2020\/10\/3-344x228.jpg 344w, https:\/\/www.raccontinellarete.it\/301\/wp-content\/uploads\/2020\/10\/3-768x510.jpg 768w, https:\/\/www.raccontinellarete.it\/301\/wp-content\/uploads\/2020\/10\/3.jpg 1200w\" sizes=\"(max-width: 1024px) 100vw, 1024px\" \/><\/figure>\n\n\n\n<p><\/p>\n\n\n\n<figure class=\"wp-block-image\"><img loading=\"lazy\" decoding=\"async\" width=\"1024\" height=\"680\" src=\"https:\/\/www.raccontinellarete.it\/301\/wp-content\/uploads\/2020\/10\/2-1024x680.jpg\" alt=\"\" class=\"wp-image-43114\" srcset=\"https:\/\/www.raccontinellarete.it\/301\/wp-content\/uploads\/2020\/10\/2-1024x680.jpg 1024w, https:\/\/www.raccontinellarete.it\/301\/wp-content\/uploads\/2020\/10\/2-344x228.jpg 344w, https:\/\/www.raccontinellarete.it\/301\/wp-content\/uploads\/2020\/10\/2-768x510.jpg 768w, https:\/\/www.raccontinellarete.it\/301\/wp-content\/uploads\/2020\/10\/2.jpg 1200w\" sizes=\"(max-width: 1024px) 100vw, 1024px\" \/><\/figure>\n\n\n\n<p>LUCCAUTORI 2020 &#8211; PREMIO RACCONTI NELLA RETE<\/p>\n\n\n\n<p>Un grande successo con il coinvolgimento degli studenti e degli autori di tutta Italia. <\/p>\n\n\n\n<p>L&#8217;annuncio: Bruno Bozzetto firmer\u00e0 la copertina dell&#8217;antologia 2021 di Racconti nella Rete. &nbsp; <\/p>\n\n\n\n<p>Lucca &#8211; Si \u00e8 conclusa mercoled\u00ec 7 ottobre a Barga  con l\u2019incontro con la  giornalista e scrittrice Chiara Lico la 26^ edizione di LuccAutori \u2013 Premio Racconti nella  Rete.&nbsp; Incontro organizzato in collaborazione con la Fondazione Giovanni Pascoli. &#8220;Le difficolt\u00e0 nell&#8217;organizzare gli incontri sono state molte, come era prevedibile,&nbsp; ma alla fine ci siamo riusciti con piena soddisfazione di tutti&#8221; &#8211; dice Demetrio Brandi, presidente del premio e del festival letterario. <\/p>\n\n\n\n<p>&#8220;Grazie agli amici del giornale Budu\u00e0r,&nbsp; siamo anche riusciti ad ospitarea Lucca&nbsp; il grande disegnatore e regista Bruno Bozzetto, che ha promesso di realizzare la copertina 2021 di &#8220;Racconti nella Rete&#8221;.&nbsp; <\/p>\n\n\n\n<p>Un festival letterario  che  grazie al premio  Racconti nella Rete \u00e8 diventato un punto di riferimento nazionale per gli scrittori emergenti e vetrina importante per le proposte letterarie dei personaggi del momento. Organizzato dall\u2019associazione culturale  LuccAutori con il sostegno del Comune di Lucca anche quest\u2019anno ha saputo accogliere diversi personaggi del mondo della cultura e dello spettacolo nonch\u00e9 i venticinque vincitori del premio Racconti nella Rete provenienti da tutta Italia. Lucca \u00e8 stata al centro dell\u2019attenzione dei media nazionali. <\/p>\n\n\n\n<p>Alla Biblioteca Agor\u00e0, nell\u2019ambito di LuccAutori Ragazzi sono  intervenute le scrittrici Laura Orsolini e Sara Magnoli, presso l\u2019Auditorium Fondazione Banca del Monte, con il Rotary Club,&nbsp; lo scrittore e autore televisivo Giancarlo Governi. La splendida cornice di Villa Bottini ha accolto gli incontri con Carlo Cottarelli, Daniela Barbiani &#8211; nipote di Federico Fellini, Ennio Cavalli,&nbsp; Vincenzo Mollica.  Importanti le collaborazioni con la Fondazione Mario Tobino per le \u201cOccasioni Tobiniane\u201d (con il coinvolgimento delle scuole del territorio), con l\u2019Associazione Italian Digital Revolution AIDR e con il giornale umoristico Budu\u00e0r.&nbsp; <\/p>\n\n\n\n<p>Demetrio Brandi, presidente di LuccAutori e del premio letterario Racconti nella Rete, ha invitato a Lucca  i venticinque vincitori del premio Racconti nella Rete \u2013 inseriti nell\u2019antologia edita da Castelvecchi &#8211; che sono stato intervistati da Elena Marchini.   In questa occasione \u00e8 stato proiettato il corto \u201cIl profeta del ring\u201d di Andrea Masotti, vincitore della sezione corti del premio,  realizzato a Lucca dalla scuola di Cinema Immagina per la regia di Giuseppe Ferlito.  <\/p>\n\n\n\n<p>Di rilievo la partecipazione del Liceo artistico e musicale Passaglia per la realizzazione della mostra \u201cRacconti a colori\u201d (con i venticinque disegni degli studenti tratti dai racconti vincitori del premio Racconti  nella Rete) e quello del fotografo d\u2019arte  Stefano Giraldi, curatore della mostra \u201cFellini Forever\u201d. <\/p>\n\n\n\n<p>Marco De Angelis, Alessandro Prevosto e Dino Aloi per il giornale \u201cBudu\u00e0r\u201d hanno assegnato il premio realizzato da Laura Lapis per il miglior racconto umoristico di Racconti nella Rete,  a Davide Desantis. Inoltre  in rappresentanza di AIDR l\u2019ingegner Gianfranco Ossino  ha consegnato un ipad al pi\u00f9 giovane vincitore del premio, Davide Deidda. Gli incontri sono stati condotti da Maria Elena Marchini. Al pianoforte Giuseppe Sanalitro. Letture di Alexandra Tempesta, Antonella Zanca,Fabio Dostuni, Mario Cenni, Antonella Lucii. <\/p>\n\n\n\n<p>Calato il sipario su LuccAutori prende il via il tour di presentazioni dell&#8217;antologia in varie citt\u00e0 italiane e la 20^ edizione del premio Racconti nella Rete. Fino al 30 maggio del prossimo anno chi ha un racconto inedito, anche per bambini, oppure un soggetto per cortometraggi pu\u00f2 partecipare al premio registrandosi nel sito www.raccontinellarete.it  <\/p>\n<div class=\"pvc_clear\"><\/div><p id=\"pvc_stats_43112\" class=\"pvc_stats all  \" data-element-id=\"43112\" style=\"\"><i class=\"pvc-stats-icon medium\" aria-hidden=\"true\"><svg aria-hidden=\"true\" focusable=\"false\" data-prefix=\"far\" data-icon=\"chart-bar\" role=\"img\" xmlns=\"http:\/\/www.w3.org\/2000\/svg\" viewBox=\"0 0 512 512\" class=\"svg-inline--fa fa-chart-bar fa-w-16 fa-2x\"><path fill=\"currentColor\" d=\"M396.8 352h22.4c6.4 0 12.8-6.4 12.8-12.8V108.8c0-6.4-6.4-12.8-12.8-12.8h-22.4c-6.4 0-12.8 6.4-12.8 12.8v230.4c0 6.4 6.4 12.8 12.8 12.8zm-192 0h22.4c6.4 0 12.8-6.4 12.8-12.8V140.8c0-6.4-6.4-12.8-12.8-12.8h-22.4c-6.4 0-12.8 6.4-12.8 12.8v198.4c0 6.4 6.4 12.8 12.8 12.8zm96 0h22.4c6.4 0 12.8-6.4 12.8-12.8V204.8c0-6.4-6.4-12.8-12.8-12.8h-22.4c-6.4 0-12.8 6.4-12.8 12.8v134.4c0 6.4 6.4 12.8 12.8 12.8zM496 400H48V80c0-8.84-7.16-16-16-16H16C7.16 64 0 71.16 0 80v336c0 17.67 14.33 32 32 32h464c8.84 0 16-7.16 16-16v-16c0-8.84-7.16-16-16-16zm-387.2-48h22.4c6.4 0 12.8-6.4 12.8-12.8v-70.4c0-6.4-6.4-12.8-12.8-12.8h-22.4c-6.4 0-12.8 6.4-12.8 12.8v70.4c0 6.4 6.4 12.8 12.8 12.8z\" class=\"\"><\/path><\/svg><\/i> <img loading=\"lazy\" decoding=\"async\" width=\"16\" height=\"16\" alt=\"Loading\" src=\"https:\/\/www.raccontinellarete.it\/301\/wp-content\/plugins\/page-views-count\/ajax-loader-2x.gif\" border=0 \/><\/p><div class=\"pvc_clear\"><\/div>","protected":false},"excerpt":{"rendered":"<p>LUCCAUTORI 2020 &#8211; PREMIO RACCONTI NELLA RETE Un grande successo con il coinvolgimento degli studenti e degli autori di tutta Italia. L&#8217;annuncio: Bruno Bozzetto firmer\u00e0 la copertina dell&#8217;antologia 2021 di Racconti nella Rete. &nbsp; Lucca &#8211; Si \u00e8 conclusa mercoled\u00ec 7 ottobre a Barga con l\u2019incontro con la giornalista e scrittrice Chiara Lico la 26^ [&hellip;]<\/p>\n<div class=\"pvc_clear\"><\/div>\n<p id=\"pvc_stats_43112\" class=\"pvc_stats all  \" data-element-id=\"43112\" style=\"\"><i class=\"pvc-stats-icon medium\" aria-hidden=\"true\"><svg aria-hidden=\"true\" focusable=\"false\" data-prefix=\"far\" data-icon=\"chart-bar\" role=\"img\" xmlns=\"http:\/\/www.w3.org\/2000\/svg\" viewBox=\"0 0 512 512\" class=\"svg-inline--fa fa-chart-bar fa-w-16 fa-2x\"><path fill=\"currentColor\" d=\"M396.8 352h22.4c6.4 0 12.8-6.4 12.8-12.8V108.8c0-6.4-6.4-12.8-12.8-12.8h-22.4c-6.4 0-12.8 6.4-12.8 12.8v230.4c0 6.4 6.4 12.8 12.8 12.8zm-192 0h22.4c6.4 0 12.8-6.4 12.8-12.8V140.8c0-6.4-6.4-12.8-12.8-12.8h-22.4c-6.4 0-12.8 6.4-12.8 12.8v198.4c0 6.4 6.4 12.8 12.8 12.8zm96 0h22.4c6.4 0 12.8-6.4 12.8-12.8V204.8c0-6.4-6.4-12.8-12.8-12.8h-22.4c-6.4 0-12.8 6.4-12.8 12.8v134.4c0 6.4 6.4 12.8 12.8 12.8zM496 400H48V80c0-8.84-7.16-16-16-16H16C7.16 64 0 71.16 0 80v336c0 17.67 14.33 32 32 32h464c8.84 0 16-7.16 16-16v-16c0-8.84-7.16-16-16-16zm-387.2-48h22.4c6.4 0 12.8-6.4 12.8-12.8v-70.4c0-6.4-6.4-12.8-12.8-12.8h-22.4c-6.4 0-12.8 6.4-12.8 12.8v70.4c0 6.4 6.4 12.8 12.8 12.8z\" class=\"\"><\/path><\/svg><\/i> <img loading=\"lazy\" decoding=\"async\" width=\"16\" height=\"16\" alt=\"Loading\" src=\"https:\/\/www.raccontinellarete.it\/301\/wp-content\/plugins\/page-views-count\/ajax-loader-2x.gif\" border=0 \/><\/p>\n<div class=\"pvc_clear\"><\/div>\n","protected":false},"author":3,"featured_media":43113,"comment_status":"open","ping_status":"closed","sticky":false,"template":"","format":"standard","meta":{"footnotes":""},"categories":[87,5],"tags":[],"class_list":["post-43112","post","type-post","status-publish","format-standard","has-post-thumbnail","hentry","category-comunicato-stampa","category-racconti-nella-rete"],"_links":{"self":[{"href":"https:\/\/www.raccontinellarete.it\/index.php?rest_route=\/wp\/v2\/posts\/43112"}],"collection":[{"href":"https:\/\/www.raccontinellarete.it\/index.php?rest_route=\/wp\/v2\/posts"}],"about":[{"href":"https:\/\/www.raccontinellarete.it\/index.php?rest_route=\/wp\/v2\/types\/post"}],"author":[{"embeddable":true,"href":"https:\/\/www.raccontinellarete.it\/index.php?rest_route=\/wp\/v2\/users\/3"}],"replies":[{"embeddable":true,"href":"https:\/\/www.raccontinellarete.it\/index.php?rest_route=%2Fwp%2Fv2%2Fcomments&post=43112"}],"version-history":[{"count":7,"href":"https:\/\/www.raccontinellarete.it\/index.php?rest_route=\/wp\/v2\/posts\/43112\/revisions"}],"predecessor-version":[{"id":43121,"href":"https:\/\/www.raccontinellarete.it\/index.php?rest_route=\/wp\/v2\/posts\/43112\/revisions\/43121"}],"wp:featuredmedia":[{"embeddable":true,"href":"https:\/\/www.raccontinellarete.it\/index.php?rest_route=\/wp\/v2\/media\/43113"}],"wp:attachment":[{"href":"https:\/\/www.raccontinellarete.it\/index.php?rest_route=%2Fwp%2Fv2%2Fmedia&parent=43112"}],"wp:term":[{"taxonomy":"category","embeddable":true,"href":"https:\/\/www.raccontinellarete.it\/index.php?rest_route=%2Fwp%2Fv2%2Fcategories&post=43112"},{"taxonomy":"post_tag","embeddable":true,"href":"https:\/\/www.raccontinellarete.it\/index.php?rest_route=%2Fwp%2Fv2%2Ftags&post=43112"}],"curies":[{"name":"wp","href":"https:\/\/api.w.org\/{rel}","templated":true}]}}