{"id":43097,"date":"2020-10-02T22:59:11","date_gmt":"2020-10-02T21:59:11","guid":{"rendered":"http:\/\/www.raccontinellarete.it\/?p=43097"},"modified":"2020-10-02T22:59:12","modified_gmt":"2020-10-02T21:59:12","slug":"programma-di-domenica-4-ottobre","status":"publish","type":"post","link":"https:\/\/www.raccontinellarete.it\/?p=43097","title":{"rendered":"Programma di domenica 4 ottobre"},"content":{"rendered":"\n<figure class=\"wp-block-image\"><img loading=\"lazy\" decoding=\"async\" width=\"732\" height=\"1024\" src=\"https:\/\/www.raccontinellarete.it\/301\/wp-content\/uploads\/2020\/03\/racconti-nella-rete-2020-1-732x1024.jpg\" alt=\"\" class=\"wp-image-40720\" srcset=\"https:\/\/www.raccontinellarete.it\/301\/wp-content\/uploads\/2020\/03\/racconti-nella-rete-2020-1-732x1024.jpg 732w, https:\/\/www.raccontinellarete.it\/301\/wp-content\/uploads\/2020\/03\/racconti-nella-rete-2020-1-179x250.jpg 179w, https:\/\/www.raccontinellarete.it\/301\/wp-content\/uploads\/2020\/03\/racconti-nella-rete-2020-1-768x1075.jpg 768w, https:\/\/www.raccontinellarete.it\/301\/wp-content\/uploads\/2020\/03\/racconti-nella-rete-2020-1.jpg 1772w\" sizes=\"(max-width: 732px) 100vw, 732px\" \/><\/figure>\n\n\n\n<p><strong>Domenica \n4 Ottobre<\/strong>&nbsp;<strong>ore 16,30&nbsp; Sala Conferenze Villa \nBottini<\/strong><\/p>\n\n\n\n<p>LuccAutori presenta in anteprima nazionale il \ncortometraggio&nbsp; \u201cIl profeta del ring\u201d di Andrea Masotti, vincitore della sezione \nCorti del premio Racconti nella Rete 2020.<\/p>\n\n\n\n<p>ore 16.40 Sala Conferenze Villa Bottini<\/p>\n\n\n\n<p>Benvenuti nella normalit\u00e0. Ecco&nbsp;<strong>\u201cL\u2019Uomo \nSamargantico\u201d. Il film comico surreale diretto da Luca \nMartinelli<\/strong>&nbsp;si presenta cos\u00ec. Saranno i protagonisti a \nparlarne: la protagonista femminile Clara Mallegni ed anche i comici di Zelig, \nComedy Central e tanti altri programmi tv Fulvio Fuina, Giancarlo De Biasi, \nArnaldo Mangini, Daniela Airoldi, Davide Dalfiume, Raffaele Totaro, Caterina \nFerri, Gianni Conti, Max Baroni, Laura Petracchi e Valentina Sorice. Le musiche \nsono di Hunterwolf. Ci sar\u00e0 un assaggio del film e si parler\u00e0 di cinema \nindipendente.<\/p>\n\n\n\n<p>Ore 17 Sala Conferenze Villa Bottini<\/p>\n\n\n\n<p><strong>Presentazione \ndell\u2019antologia del premio letterario Racconti nella Rete \n2020<\/strong>&nbsp;a cura di Demetrio Brandi (Castelvecchi).&nbsp;&nbsp; Maria \nElena Marchini incontra gli scrittori&nbsp;<strong>Anna \nMaria Contesini,Salvatore D\u2019Ascenzo, Davide Desantis, Giovanni Di Prizito, \nMaddalena Frangioni, Alessandro Lupi, Nicoletta Manetti, Pasqualina Moro, Paola \nTindara Paladina,Sandra Puccini, Silvia Roncucci, Raffaele Sesti, Dante \nZucchi.<\/strong><\/p>\n\n\n\n<p>Letture a cura di<strong>&nbsp;Mario \nCenni, Fabio Dostuni e Antonella Lucii.<\/strong><\/p>\n\n\n\n<p>Intervento musicale di<strong>&nbsp;Giuseppe \nSanalitro.<\/strong><\/p>\n\n\n\n<p>Ore 18 Sala Conferenze Villa Bottini<\/p>\n\n\n\n<p><strong>CARLO COTTARELLI presenta&nbsp; \u201cPachidermi e pappagalli\u201d&nbsp; \n(Feltrinelli)&nbsp;&nbsp; &#8211;&nbsp; intervento in collegamento skype da \nMilano<\/strong><\/p>\n\n\n\n<p>\u201cSi dice che le bugie hanno le gambe corte. Non \u00e8  vero.Le bugie possono camminare molto a lungo.Il problema \u00e8 che prima o poi  finiscono per cadere. E quanto pi\u00f9 a lungo camminano,tanto pi\u00f9 disatrosa sar\u00e0 la  caduta\u201d. Il dibattito pubblico italiano spesso \u00e8 influenzato da luoghi comuni  sull\u2019economia che non trovano alcun fondamento nella realt\u00e0. Ce n\u2019\u00e8 di ogni  genere. Il libro propone un\u2019analisi spietata dei pregiudizi, dei luoghi comuni e  delle bugie che inquinano i social, i giornali e i talk show, per separare  quello che c\u2019\u00e8 di vero dalla menzogna. E avere le idee pi\u00f9 chiare sul futuro che  vogliamo.<\/p>\n\n\n\n<p>&#8212;&#8212;&#8212;&#8212;&#8212;&#8212;&#8212;&#8212;&#8212;&#8212;&#8212;&#8212;&#8212;&#8212;&#8212;&#8212;&#8212;&#8212;&#8212;&#8212;&#8212;&#8212;&#8212;&#8212;&#8212;&#8212;&#8212;&#8212;&#8212;&#8211;<\/p>\n\n\n\n<p><strong>LuccAutori prosegue con una tappa conclusiva a Barga in  collaborazione con la Fondazione Giovanni Pascoli<\/strong><\/p>\n\n\n\n<p>Mercoled\u00ec 7 Ottobre<\/p>\n\n\n\n<p><strong>ore 10 Aula Magna ISI Barga<\/strong><\/p>\n\n\n\n<p><strong>GIOVANNI PASCOLI, NARRATORE \nDELL\u2019AVVENIRE<\/strong><\/p>\n\n\n\n<p><strong>POESIA, \nCRONACA IN VERSI DELL\u2019ATTUALITA\u2019<\/strong>. La giornalista e \nscrittrice&nbsp;<strong>CHIARA \nLICO&nbsp;<\/strong>&nbsp;incontra gli studenti delle scuole superiori di \nsecondo grado. Intervengono&nbsp;&nbsp;<strong>ALESSANDRO&nbsp; \nADAMI, presidente della Fondazione Giovanni Pascoli&nbsp;<\/strong>&nbsp;e&nbsp; \nDemetrio Brandi, presidente di LuccAutori. &nbsp;Con la partecipazione degli \nstudenti&nbsp; delle scuole secondarie di secondo grado.<\/p>\n\n\n\n<p>Chiara Lico giornalista, scrittrice e conduttrice \ntelevisiva, si occupa di cronaca ed attualit\u00e0.Dal 2010 alla conduzione del TG2 \u00e8 \nautrice di diversi libri tra cui \u201cIl rischio\u201d (Sinnos).<\/p>\n<div class=\"pvc_clear\"><\/div><p id=\"pvc_stats_43097\" class=\"pvc_stats all  \" data-element-id=\"43097\" style=\"\"><i class=\"pvc-stats-icon medium\" aria-hidden=\"true\"><svg aria-hidden=\"true\" focusable=\"false\" data-prefix=\"far\" data-icon=\"chart-bar\" role=\"img\" xmlns=\"http:\/\/www.w3.org\/2000\/svg\" viewBox=\"0 0 512 512\" class=\"svg-inline--fa fa-chart-bar fa-w-16 fa-2x\"><path fill=\"currentColor\" d=\"M396.8 352h22.4c6.4 0 12.8-6.4 12.8-12.8V108.8c0-6.4-6.4-12.8-12.8-12.8h-22.4c-6.4 0-12.8 6.4-12.8 12.8v230.4c0 6.4 6.4 12.8 12.8 12.8zm-192 0h22.4c6.4 0 12.8-6.4 12.8-12.8V140.8c0-6.4-6.4-12.8-12.8-12.8h-22.4c-6.4 0-12.8 6.4-12.8 12.8v198.4c0 6.4 6.4 12.8 12.8 12.8zm96 0h22.4c6.4 0 12.8-6.4 12.8-12.8V204.8c0-6.4-6.4-12.8-12.8-12.8h-22.4c-6.4 0-12.8 6.4-12.8 12.8v134.4c0 6.4 6.4 12.8 12.8 12.8zM496 400H48V80c0-8.84-7.16-16-16-16H16C7.16 64 0 71.16 0 80v336c0 17.67 14.33 32 32 32h464c8.84 0 16-7.16 16-16v-16c0-8.84-7.16-16-16-16zm-387.2-48h22.4c6.4 0 12.8-6.4 12.8-12.8v-70.4c0-6.4-6.4-12.8-12.8-12.8h-22.4c-6.4 0-12.8 6.4-12.8 12.8v70.4c0 6.4 6.4 12.8 12.8 12.8z\" class=\"\"><\/path><\/svg><\/i> <img loading=\"lazy\" decoding=\"async\" width=\"16\" height=\"16\" alt=\"Loading\" src=\"https:\/\/www.raccontinellarete.it\/301\/wp-content\/plugins\/page-views-count\/ajax-loader-2x.gif\" border=0 \/><\/p><div class=\"pvc_clear\"><\/div>","protected":false},"excerpt":{"rendered":"<p>Domenica 4 Ottobre&nbsp;ore 16,30&nbsp; Sala Conferenze Villa Bottini LuccAutori presenta in anteprima nazionale il cortometraggio&nbsp; \u201cIl profeta del ring\u201d di Andrea Masotti, vincitore della sezione Corti del premio Racconti nella Rete 2020. ore 16.40 Sala Conferenze Villa Bottini Benvenuti nella normalit\u00e0. Ecco&nbsp;\u201cL\u2019Uomo Samargantico\u201d. Il film comico surreale diretto da Luca Martinelli&nbsp;si presenta cos\u00ec. Saranno i [&hellip;]<\/p>\n<div class=\"pvc_clear\"><\/div>\n<p id=\"pvc_stats_43097\" class=\"pvc_stats all  \" data-element-id=\"43097\" style=\"\"><i class=\"pvc-stats-icon medium\" aria-hidden=\"true\"><svg aria-hidden=\"true\" focusable=\"false\" data-prefix=\"far\" data-icon=\"chart-bar\" role=\"img\" xmlns=\"http:\/\/www.w3.org\/2000\/svg\" viewBox=\"0 0 512 512\" class=\"svg-inline--fa fa-chart-bar fa-w-16 fa-2x\"><path fill=\"currentColor\" d=\"M396.8 352h22.4c6.4 0 12.8-6.4 12.8-12.8V108.8c0-6.4-6.4-12.8-12.8-12.8h-22.4c-6.4 0-12.8 6.4-12.8 12.8v230.4c0 6.4 6.4 12.8 12.8 12.8zm-192 0h22.4c6.4 0 12.8-6.4 12.8-12.8V140.8c0-6.4-6.4-12.8-12.8-12.8h-22.4c-6.4 0-12.8 6.4-12.8 12.8v198.4c0 6.4 6.4 12.8 12.8 12.8zm96 0h22.4c6.4 0 12.8-6.4 12.8-12.8V204.8c0-6.4-6.4-12.8-12.8-12.8h-22.4c-6.4 0-12.8 6.4-12.8 12.8v134.4c0 6.4 6.4 12.8 12.8 12.8zM496 400H48V80c0-8.84-7.16-16-16-16H16C7.16 64 0 71.16 0 80v336c0 17.67 14.33 32 32 32h464c8.84 0 16-7.16 16-16v-16c0-8.84-7.16-16-16-16zm-387.2-48h22.4c6.4 0 12.8-6.4 12.8-12.8v-70.4c0-6.4-6.4-12.8-12.8-12.8h-22.4c-6.4 0-12.8 6.4-12.8 12.8v70.4c0 6.4 6.4 12.8 12.8 12.8z\" class=\"\"><\/path><\/svg><\/i> <img loading=\"lazy\" decoding=\"async\" width=\"16\" height=\"16\" alt=\"Loading\" src=\"https:\/\/www.raccontinellarete.it\/301\/wp-content\/plugins\/page-views-count\/ajax-loader-2x.gif\" border=0 \/><\/p>\n<div class=\"pvc_clear\"><\/div>\n","protected":false},"author":3,"featured_media":43098,"comment_status":"open","ping_status":"closed","sticky":false,"template":"","format":"standard","meta":{"footnotes":""},"categories":[87,5],"tags":[],"class_list":["post-43097","post","type-post","status-publish","format-standard","has-post-thumbnail","hentry","category-comunicato-stampa","category-racconti-nella-rete"],"_links":{"self":[{"href":"https:\/\/www.raccontinellarete.it\/index.php?rest_route=\/wp\/v2\/posts\/43097"}],"collection":[{"href":"https:\/\/www.raccontinellarete.it\/index.php?rest_route=\/wp\/v2\/posts"}],"about":[{"href":"https:\/\/www.raccontinellarete.it\/index.php?rest_route=\/wp\/v2\/types\/post"}],"author":[{"embeddable":true,"href":"https:\/\/www.raccontinellarete.it\/index.php?rest_route=\/wp\/v2\/users\/3"}],"replies":[{"embeddable":true,"href":"https:\/\/www.raccontinellarete.it\/index.php?rest_route=%2Fwp%2Fv2%2Fcomments&post=43097"}],"version-history":[{"count":1,"href":"https:\/\/www.raccontinellarete.it\/index.php?rest_route=\/wp\/v2\/posts\/43097\/revisions"}],"predecessor-version":[{"id":43099,"href":"https:\/\/www.raccontinellarete.it\/index.php?rest_route=\/wp\/v2\/posts\/43097\/revisions\/43099"}],"wp:featuredmedia":[{"embeddable":true,"href":"https:\/\/www.raccontinellarete.it\/index.php?rest_route=\/wp\/v2\/media\/43098"}],"wp:attachment":[{"href":"https:\/\/www.raccontinellarete.it\/index.php?rest_route=%2Fwp%2Fv2%2Fmedia&parent=43097"}],"wp:term":[{"taxonomy":"category","embeddable":true,"href":"https:\/\/www.raccontinellarete.it\/index.php?rest_route=%2Fwp%2Fv2%2Fcategories&post=43097"},{"taxonomy":"post_tag","embeddable":true,"href":"https:\/\/www.raccontinellarete.it\/index.php?rest_route=%2Fwp%2Fv2%2Ftags&post=43097"}],"curies":[{"name":"wp","href":"https:\/\/api.w.org\/{rel}","templated":true}]}}