{"id":43084,"date":"2020-09-30T23:13:36","date_gmt":"2020-09-30T22:13:36","guid":{"rendered":"http:\/\/www.raccontinellarete.it\/?p=43084"},"modified":"2020-09-30T23:17:30","modified_gmt":"2020-09-30T22:17:30","slug":"venerdi-2-e-sabato-3-ottobre-luccautori-occasioni-tobiniane","status":"publish","type":"post","link":"https:\/\/www.raccontinellarete.it\/?p=43084","title":{"rendered":"Venerd\u00ec 2 e sabato 3 ottobre LuccAutori &#8211; Occasioni Tobiniane"},"content":{"rendered":"\n<figure class=\"wp-block-image\"><img loading=\"lazy\" decoding=\"async\" width=\"800\" height=\"576\" src=\"https:\/\/www.raccontinellarete.it\/301\/wp-content\/uploads\/2020\/09\/giulio-ferroni.jpg\" alt=\"\" class=\"wp-image-43086\" srcset=\"https:\/\/www.raccontinellarete.it\/301\/wp-content\/uploads\/2020\/09\/giulio-ferroni.jpg 800w, https:\/\/www.raccontinellarete.it\/301\/wp-content\/uploads\/2020\/09\/giulio-ferroni-344x248.jpg 344w, https:\/\/www.raccontinellarete.it\/301\/wp-content\/uploads\/2020\/09\/giulio-ferroni-768x553.jpg 768w\" sizes=\"(max-width: 800px) 100vw, 800px\" \/><figcaption>Giulio Ferroni<\/figcaption><\/figure>\n\n\n\n<p>Venerd\u00ec 2 Ottobre&nbsp; &nbsp;alle 10  sala conferenze Villa Bottini &nbsp; \u201cOccasioni Tobiniane\u201d in collaborazione con la Fondazione  Mario Tobino. Verr\u00e0 presentata la nuova edizione de \u201cIl figlio del farmacista\u201d (Vallecchi).  Intervengono GIULIO FERRONI, autore dell\u2019introduzione, ALESSANDRO BACCI  direttore editoriale della casa editrice Vallecchi, DIVIER NELLI scrittore e  consulente editoriale e Isabella Tobino presidente della Fondazione Mario  Tobino.&nbsp;&nbsp; \u201cIl figlio del farmacista\u201d \u00e8 un romanzo autobiografico di  MarioTobino. Costituisce il suo esordio nella narrativa. Il personaggio  principale \u00e8 un giovane studente che aiuta il padre nella sua farmacia di  Viareggio.<br> &#8212;&#8212;&#8212;&#8212;&#8212;&#8211; <br>Sabato 3 Ottobre &nbsp; ore 10 sala conferenze Villa Bottini &nbsp; \u201cOccasioni Tobiniane\u201d in collaborazione con la Fondazione  Mario Tobino. &nbsp; Premio Mario Tobino XIV edizione. Vengono premiati gli  studenti degli istituti di istruzione secondaria di primo grado della provincia  di Lucca. I premi vengono assegnati dalla commissione formata da Isabella  Tobino, Elda Carlotti, Divier Nelli, Riccardo Roni e Marco Vanelli. &nbsp; A seguire MARCO VANELLI presenta \u201cTobino-Fellini: storia  di un\u2019amicizia\u201d. &nbsp; <\/p>\n\n\n\n<p>In pochi sanno che tra i progetti non realizzati da  Federico Fellini c\u2019\u00e8 anche un film tratto da \u201cLe libere donne di Magliano\u201d.  Un\u2019anticipazione di quanto uscir\u00e0 sul numero 196 di \u201cCabiria\u201d, la rivista di  studi cinematografici diretta da Marco Vanelli. Partecipano gli studenti delle  scuole secondarie. Con Maria Elena Marchini. \u00a0 \u00a0 \u00a0<\/p>\n\n\n\n<p>Alle ore 16,30 Sala Conferenze Villa Bottini \u00a0 LuccAutori presenta in anteprima nazionale il  cortometraggio \u201cIl profeta del ring\u201d di ANDREA MASOTTI, vincitore della sezione  Corti del premio \u201cRacconti nella Rete 2020\u201d. Prodotto da LuccAutori e Scuola di  Cinema Immagina di Firenze. Regia di GIUSEPPE FERLITO. Saranno presenti l\u2019autore  e gli attori protagonisti. \u00a0 \u00a0 \u00a0 <\/p>\n\n\n\n<p>Sabato 3 Ottobre \u00a0 Ore 17 Sala Conferenze Villa Bottini \u00a0 Presentazione dell\u2019antologia del premio letterario  Racconti nella Rete 2020 a cura di Demetrio Brandi (Castelvecchi). \u00a0 Maria Elena Marchini incontra gli scrittori Elisa  Bazzani,Laura Curatola, Davide Deidda, Barbara Di Sandro , Luca Dettori,  Alessandra Montali, Sara Musacchio, Eugenio Novara, Ezilda Pepe, Carola  Pipitone, Elvira Spuntarelli, Riccardo Staroccia. Letture a cura di Alexandra  Tempesta e Antonella Zanca. \u00a0 Intervento musicale di Giuseppe Sanalitro. \u00a0 Premio AIDR Italian Digital Revolution a Davide Deidda il  pi\u00f9 giovane vincitore di questa edizione. Interviene GiANFRANCO OSSINO di Aidr. \u00a0 Davide Desantis ricever\u00e0 il premio Budu\u00e0r per il miglior  racconto umoristico. Consegnano il premio Dino Aloi, Alessandro Prevosto e Marco  De Angelis. La scultura in ardesia \u00e8 opera dell\u2019artista Laura Lapis. \u00a0 \u00a0 \u00a0<\/p>\n\n\n\n<p>Ore 18 Sala conferenze Villa Bottini \u00a0 DANIELA BARBIANI presenta il libro \u201cFederico Fellini  Dizionario intimo\u201d (Piemme). Intervengono VINCENZO MOLLICA ed ENNIO  CAVALLI. \u00a0 Si \u00e8 sempre parlato dell\u2019arte di Fellini cineasta e  disegnatore, della sua immaginazione onirica, di saper vedere il mondo e di  presentarlo sullo schermo attraverso la macchina da presa; ma c\u2019\u00e8 un\u2019arte pi\u00f9  nascosta, pi\u00f9 silenziosa e nello stesso tempo forte e dirompente che va fatta  emergere, ed \u00e8 quella della parola, del suo modo di esprimersi e di raccontare  di s\u00e9 e del mondo con uno stile elegante, profondo, leggero, sempre pieno di  poesia e di emozione. In questo dizionario \u201cintimo\u201d dell\u2019universo felliniano,  curato dalla nipote, Daniela Barbiani, sono raccolte fedelmente le parole, le  espressioni, gli amori, i ricordi, gli appunti visivi del grande regista. \u00a0 \u00a0 \u00a0 <\/p>\n\n\n\n<p>Domenica 4 Ottobre \u00a0 ore 16,30 Sala Conferenze Villa Bottini \u00a0 LuccAutori presenta in anteprima nazionale il  cortometraggio \u201cIl profeta del ring\u201d di Andrea Masotti, vincitore della sezione  Corti del premio Racconti nella Rete 2020. \u00a0 <\/p>\n\n\n\n<p>Alle ore 16.40 Sala Conferenze Villa Bottini \u00a0 Benvenuti nella normalit\u00e0. Ecco \u201cL\u2019Uomo Samargantico\u201d. Il  film comico surreale diretto da Luca Martinelli si presenta cos\u00ec. Saranno i  protagonisti a parlarne: la protagonista femminile Clara Mallegni ed anche i  comici di Zelig, Comedy Central e tanti altri programmi tv Fulvio Fuina,  Giancarlo De Biasi, Arnaldo Mangini, Daniela Airoldi, Davide Dalfiume, Raffaele  Totaro, Caterina Ferri, Gianni Conti, Max Baroni, Laura Petracchi e Valentina  Sorice. Le musiche sono di Hunterwolf. Ci sar\u00e0 un assaggio del film e si parler\u00e0  di cinema indipendente. \u00a0 \u00a0 \u00a0 <\/p>\n\n\n\n<p>Ore 17 Sala Conferenze Villa Bottini \u00a0 Presentazione dell\u2019antologia del premio letterario  Racconti nella Rete 2020 a cura di Demetrio Brandi (Castelvecchi). Maria Elena  Marchini incontra gli scrittori Anna Maria Contesini,Salvatore D\u2019Ascenzo, Davide  Desantis,, Giovanni Di Prizito, Maddalena Frangioni, Alessandro Lupi, Nicoletta  Manetti, Pasqualina Moro, Paola Tindara Paladina,Sandra Puccini, Silvia  Roncucci, Raffaele Sesti, Dante Zucchi. \u00a0 Letture a cura di Mario Cenni, Fabio Dostuni e Antonella  Lucii. Intervento musicale di Giuseppe Sanalitro. \u00a0 \u00a0 \u00a0 <\/p>\n\n\n\n<p>Ore 18 Sala Conferenze Villa Bottini \u00a0 CARLO COTTARELLI presenta \u201cPachidermi e pappagalli\u201d  (Feltrinelli) \u00a0 <\/p>\n\n\n\n<p>\u201cSi dice che le bugie hanno le gambe corte. Non \u00e8 vero.Le  bugie possono camminare molto a lungo.Il problema \u00e8 che prima o poi finiscono  per cadere. E quanto pi\u00f9 a lungo camminano,tanto pi\u00f9 disatrosa sar\u00e0 la caduta\u201d.  Il dibattito pubblico italiano spesso \u00e8 influenzato da luoghi comuni  sull\u2019economia che non trovano alcun fondamento nella realt\u00e0. Ce n\u2019\u00e8 di ogni  genere. Il libro propone un\u2019analisi spietata dei pregiudizi, dei luoghi comuni e  delle bugie che inquinano i social, i giornali e i talk show, per separare  quello che c\u2019\u00e8 di vero dalla menzogna. E avere le idee pi\u00f9 chiare sul futuro che  vogliamo. \u00a0 \u00a0 Mercoled\u00ec 7 Ottobre \u00a0 ore 10 Aula Magna ISI Barga \u00a0 GIOVANNI PASCOLI, NARRATORE DELL\u2019AVVENIRE \u00a0 POESIA, CRONACA IN VERSI DELL\u2019ATTUALITA\u2019. La giornalista e  scrittrice CHIARA LICO incontra gli studenti delle scuole superiori di secondo  grado. Intervengono ALESSANDRO ADAMI, presidente della Fondazione Giovanni  Pascoli e Demetrio Brandi, presidente di LuccAutori. Con la partecipazione degli  studenti delle scuole secondarie di secondo grado. \u00a0 Chiara Lico giornalista, scrittrice e conduttrice  televisiva, si occupa di cronaca ed attualit\u00e0.Dal 2010 alla conduzione del TG2 \u00e8  autrice di diversi libri tra cui \u201cIl rischio\u201d (Sinnos). \u00a0 \u00a0 \u00a0  <\/p>\n<div class=\"pvc_clear\"><\/div><p id=\"pvc_stats_43084\" class=\"pvc_stats all  \" data-element-id=\"43084\" style=\"\"><i class=\"pvc-stats-icon medium\" aria-hidden=\"true\"><svg aria-hidden=\"true\" focusable=\"false\" data-prefix=\"far\" data-icon=\"chart-bar\" role=\"img\" xmlns=\"http:\/\/www.w3.org\/2000\/svg\" viewBox=\"0 0 512 512\" class=\"svg-inline--fa fa-chart-bar fa-w-16 fa-2x\"><path fill=\"currentColor\" d=\"M396.8 352h22.4c6.4 0 12.8-6.4 12.8-12.8V108.8c0-6.4-6.4-12.8-12.8-12.8h-22.4c-6.4 0-12.8 6.4-12.8 12.8v230.4c0 6.4 6.4 12.8 12.8 12.8zm-192 0h22.4c6.4 0 12.8-6.4 12.8-12.8V140.8c0-6.4-6.4-12.8-12.8-12.8h-22.4c-6.4 0-12.8 6.4-12.8 12.8v198.4c0 6.4 6.4 12.8 12.8 12.8zm96 0h22.4c6.4 0 12.8-6.4 12.8-12.8V204.8c0-6.4-6.4-12.8-12.8-12.8h-22.4c-6.4 0-12.8 6.4-12.8 12.8v134.4c0 6.4 6.4 12.8 12.8 12.8zM496 400H48V80c0-8.84-7.16-16-16-16H16C7.16 64 0 71.16 0 80v336c0 17.67 14.33 32 32 32h464c8.84 0 16-7.16 16-16v-16c0-8.84-7.16-16-16-16zm-387.2-48h22.4c6.4 0 12.8-6.4 12.8-12.8v-70.4c0-6.4-6.4-12.8-12.8-12.8h-22.4c-6.4 0-12.8 6.4-12.8 12.8v70.4c0 6.4 6.4 12.8 12.8 12.8z\" class=\"\"><\/path><\/svg><\/i> <img loading=\"lazy\" decoding=\"async\" width=\"16\" height=\"16\" alt=\"Loading\" src=\"https:\/\/www.raccontinellarete.it\/301\/wp-content\/plugins\/page-views-count\/ajax-loader-2x.gif\" border=0 \/><\/p><div class=\"pvc_clear\"><\/div>","protected":false},"excerpt":{"rendered":"<p>Venerd\u00ec 2 Ottobre&nbsp; &nbsp;alle 10 sala conferenze Villa Bottini &nbsp; \u201cOccasioni Tobiniane\u201d in collaborazione con la Fondazione Mario Tobino. Verr\u00e0 presentata la nuova edizione de \u201cIl figlio del farmacista\u201d (Vallecchi). Intervengono GIULIO FERRONI, autore dell\u2019introduzione, ALESSANDRO BACCI direttore editoriale della casa editrice Vallecchi, DIVIER NELLI scrittore e consulente editoriale e Isabella Tobino presidente della Fondazione [&hellip;]<\/p>\n<div class=\"pvc_clear\"><\/div>\n<p id=\"pvc_stats_43084\" class=\"pvc_stats all  \" data-element-id=\"43084\" style=\"\"><i class=\"pvc-stats-icon medium\" aria-hidden=\"true\"><svg aria-hidden=\"true\" focusable=\"false\" data-prefix=\"far\" data-icon=\"chart-bar\" role=\"img\" xmlns=\"http:\/\/www.w3.org\/2000\/svg\" viewBox=\"0 0 512 512\" class=\"svg-inline--fa fa-chart-bar fa-w-16 fa-2x\"><path fill=\"currentColor\" d=\"M396.8 352h22.4c6.4 0 12.8-6.4 12.8-12.8V108.8c0-6.4-6.4-12.8-12.8-12.8h-22.4c-6.4 0-12.8 6.4-12.8 12.8v230.4c0 6.4 6.4 12.8 12.8 12.8zm-192 0h22.4c6.4 0 12.8-6.4 12.8-12.8V140.8c0-6.4-6.4-12.8-12.8-12.8h-22.4c-6.4 0-12.8 6.4-12.8 12.8v198.4c0 6.4 6.4 12.8 12.8 12.8zm96 0h22.4c6.4 0 12.8-6.4 12.8-12.8V204.8c0-6.4-6.4-12.8-12.8-12.8h-22.4c-6.4 0-12.8 6.4-12.8 12.8v134.4c0 6.4 6.4 12.8 12.8 12.8zM496 400H48V80c0-8.84-7.16-16-16-16H16C7.16 64 0 71.16 0 80v336c0 17.67 14.33 32 32 32h464c8.84 0 16-7.16 16-16v-16c0-8.84-7.16-16-16-16zm-387.2-48h22.4c6.4 0 12.8-6.4 12.8-12.8v-70.4c0-6.4-6.4-12.8-12.8-12.8h-22.4c-6.4 0-12.8 6.4-12.8 12.8v70.4c0 6.4 6.4 12.8 12.8 12.8z\" class=\"\"><\/path><\/svg><\/i> <img loading=\"lazy\" decoding=\"async\" width=\"16\" height=\"16\" alt=\"Loading\" src=\"https:\/\/www.raccontinellarete.it\/301\/wp-content\/plugins\/page-views-count\/ajax-loader-2x.gif\" border=0 \/><\/p>\n<div class=\"pvc_clear\"><\/div>\n","protected":false},"author":3,"featured_media":43086,"comment_status":"open","ping_status":"closed","sticky":true,"template":"","format":"standard","meta":{"footnotes":""},"categories":[87,5],"tags":[],"class_list":["post-43084","post","type-post","status-publish","format-standard","has-post-thumbnail","hentry","category-comunicato-stampa","category-racconti-nella-rete"],"_links":{"self":[{"href":"https:\/\/www.raccontinellarete.it\/index.php?rest_route=\/wp\/v2\/posts\/43084"}],"collection":[{"href":"https:\/\/www.raccontinellarete.it\/index.php?rest_route=\/wp\/v2\/posts"}],"about":[{"href":"https:\/\/www.raccontinellarete.it\/index.php?rest_route=\/wp\/v2\/types\/post"}],"author":[{"embeddable":true,"href":"https:\/\/www.raccontinellarete.it\/index.php?rest_route=\/wp\/v2\/users\/3"}],"replies":[{"embeddable":true,"href":"https:\/\/www.raccontinellarete.it\/index.php?rest_route=%2Fwp%2Fv2%2Fcomments&post=43084"}],"version-history":[{"count":3,"href":"https:\/\/www.raccontinellarete.it\/index.php?rest_route=\/wp\/v2\/posts\/43084\/revisions"}],"predecessor-version":[{"id":43088,"href":"https:\/\/www.raccontinellarete.it\/index.php?rest_route=\/wp\/v2\/posts\/43084\/revisions\/43088"}],"wp:featuredmedia":[{"embeddable":true,"href":"https:\/\/www.raccontinellarete.it\/index.php?rest_route=\/wp\/v2\/media\/43086"}],"wp:attachment":[{"href":"https:\/\/www.raccontinellarete.it\/index.php?rest_route=%2Fwp%2Fv2%2Fmedia&parent=43084"}],"wp:term":[{"taxonomy":"category","embeddable":true,"href":"https:\/\/www.raccontinellarete.it\/index.php?rest_route=%2Fwp%2Fv2%2Fcategories&post=43084"},{"taxonomy":"post_tag","embeddable":true,"href":"https:\/\/www.raccontinellarete.it\/index.php?rest_route=%2Fwp%2Fv2%2Ftags&post=43084"}],"curies":[{"name":"wp","href":"https:\/\/api.w.org\/{rel}","templated":true}]}}