{"id":43046,"date":"2020-09-07T17:45:49","date_gmt":"2020-09-07T16:45:49","guid":{"rendered":"http:\/\/www.raccontinellarete.it\/?p=43046"},"modified":"2020-09-28T22:52:23","modified_gmt":"2020-09-28T21:52:23","slug":"26-festival-luccautori-19premio-letterario-racconti-nella-rete","status":"publish","type":"post","link":"https:\/\/www.raccontinellarete.it\/?p=43046","title":{"rendered":"26\u00b0 Festival LuccAutori 19\u00b0Premio letterario Racconti nella Rete"},"content":{"rendered":"\n<p><strong>Lucca,&nbsp; dal 18 settembre&nbsp; al&nbsp; 7 ottobre<\/strong><\/p>\n\n\n\n<p><strong><em>Associazione culturale LuccAutori &#8211; Direzione artistica&nbsp; Demetrio&nbsp; Brandi&nbsp;&nbsp;&nbsp; <\/em><\/strong><\/p>\n\n\n\n<figure class=\"wp-block-image\"><img loading=\"lazy\" decoding=\"async\" width=\"469\" height=\"1024\" src=\"https:\/\/www.raccontinellarete.it\/301\/wp-content\/uploads\/2020\/09\/depliant-luccautori-2020-469x1024.jpg\" alt=\"\" class=\"wp-image-43047\" srcset=\"https:\/\/www.raccontinellarete.it\/301\/wp-content\/uploads\/2020\/09\/depliant-luccautori-2020-469x1024.jpg 469w, https:\/\/www.raccontinellarete.it\/301\/wp-content\/uploads\/2020\/09\/depliant-luccautori-2020-115x250.jpg 115w, https:\/\/www.raccontinellarete.it\/301\/wp-content\/uploads\/2020\/09\/depliant-luccautori-2020-768x1676.jpg 768w\" sizes=\"(max-width: 469px) 100vw, 469px\" \/><\/figure>\n\n\n\n<p>PROGRAMMA &nbsp;&nbsp;&nbsp;&nbsp;&nbsp;&nbsp;&nbsp;&nbsp;&nbsp;&nbsp;&nbsp;&nbsp;&nbsp;&nbsp;&nbsp;&nbsp;&nbsp;&nbsp;&nbsp;&nbsp;&nbsp;&nbsp;&nbsp;&nbsp;&nbsp;&nbsp;&nbsp;&nbsp;&nbsp;&nbsp;&nbsp;&nbsp;&nbsp;&nbsp;&nbsp;&nbsp;&nbsp;&nbsp;&nbsp;&nbsp;&nbsp;&nbsp;&nbsp;&nbsp;&nbsp;&nbsp;&nbsp;&nbsp;&nbsp;&nbsp;&nbsp;&nbsp;&nbsp;&nbsp;&nbsp;&nbsp; <\/p>\n\n\n\n<p><strong>Sabato 26 Settembre&nbsp;<\/strong><\/p>\n\n\n\n<p><strong>ore 10 Villa Bottini<\/strong><\/p>\n\n\n\n<p>Inaugurazione della mostra \u201c<strong>FELLINI FOREVER<\/strong>\u201d a cura di Stefano Giraldi. Vengono esposte opere realizzate da importanti artisti contemporanei.<\/p>\n\n\n\n<p>A seguire&nbsp; inaugurazione&nbsp; della mostra&nbsp; \u201c<strong>RACCONTI A COLORI\u201d,&nbsp; venticinque&nbsp; artisti per i venticinque racconti vincitori del premio \u201cRacconti nella Rete\u201d<\/strong>.&nbsp; Disegni realizzati dagli studenti del liceo artistico&nbsp; Passaglia di Lucca. Intervengono il fumettista ed illustratore Massimo Cavezzali , l\u2019illustratore e umorista Lido Contemori ed il fotografo d\u2019arte&nbsp;&nbsp; Stefano Giraldi.&nbsp; L\u2019incontro si concluder\u00e0 con la premiazione degli studenti. <\/p>\n\n\n\n<p><strong>Gioved\u00ec 1 Ottobre<\/strong>&nbsp;<\/p>\n\n\n\n<p><strong>ore&nbsp; 18.30&nbsp; sala conferenze di Palazzo Bernardini<\/strong><\/p>\n\n\n\n<p>LuccAutori e Rotary Club Lucca<\/p>\n\n\n\n<p><strong>GIANCARLO GOVERNI&nbsp; presenta&nbsp; \u201cAlberto Sordi. Storia di un italiano\u201d. (Fandango libri)<\/strong><\/p>\n\n\n\n<p>Alberto Sordi , un uomo affabile con una straordinaria\nvoglia di scherzare, di spiazzare l\u2019interlocutore, di trovare sempre il lato\ndebole delle cose e delle persone. Alberto Sordi ha raccontato soprattutto la\nstoria d\u2019Italia e del costume, il fascismo, la guerra e la ricostruzione, il\nboom e la crisi di un paese.<\/p>\n\n\n\n<p>Quel che Giancarlo Governi oggi ci racconta \u00e8 l\u2019opera\ncolossale con cui Sordi ha voluto raccontare il suo tempo, attraverso i suoi\nfilm, un patrimonio che fa parte del \u201ctesoro sordiano\u201d custodito nel Museo a\nlui dedicato.<\/p>\n\n\n\n<p>Intervengono&nbsp; Liban\nVaretti,&nbsp; presidente del Rotary Club\nLucca e Demetrio Brandi, presidente di LuccAutori.<\/p>\n\n\n\n<p><strong>Venerd\u00ec 2 Ottobre<\/strong><\/p>\n\n\n\n<p><strong>ore 10 sala conferenze Villa Bottini<\/strong><\/p>\n\n\n\n<p><strong>\u201cOccasioni Tobiniane\u201d in collaborazione con la Fondazione Mario Tobino<\/strong><\/p>\n\n\n\n<p>Nuova&nbsp; edizione&nbsp; de \u201c<strong>Il figlio del farmacista<\/strong>\u201d (Vallecchi).&nbsp; Intervengono <strong>GIULIO FERRONI<\/strong>,&nbsp; autore dell\u2019introduzione, <strong>ALESSANDRO BACCI<\/strong> &nbsp;direttore editoriale della casa editrice Vallecchi,&nbsp; <strong>DIVIER NELLI<\/strong> scrittore e consulente editoriale e Isabella Tobino&nbsp; presidente della&nbsp; Fondazione Mario Tobino.<\/p>\n\n\n\n<p>\u201cIl figlio del farmacista\u201d \u00e8 un romanzo autobiografico di\nMarioTobino.&nbsp; Costituisce il suo esordio\nnella narrativa. Il personaggio principale \u00e8 un giovane studente che aiuta il\npadre nella sua farmacia di Viareggio.<\/p>\n\n\n\n<p><strong>Sabato 3 Ottobre&nbsp;<\/strong><\/p>\n\n\n\n<p><strong>ore 10 sala conferenze Villa Bottini<\/strong><\/p>\n\n\n\n<p><strong>\u201cOccasioni Tobiniane\u201d&nbsp; in collaborazione con la Fondazione Mario Tobino.<\/strong><\/p>\n\n\n\n<p>Premio Mario Tobino&nbsp;\nXIV edizione. Vengono premiati gli studenti degli istituti di istruzione\nsecondaria di primo grado della provincia di Lucca. I premi vengono assegnati\ndalla commissione formata da Isabella Tobino, Elda Carlotti, Divier Nelli,\nRiccardo Roni e Marco Vanelli.<\/p>\n\n\n\n<p>A seguire&nbsp;<strong> DANIELA BARBIANI&nbsp; e&nbsp; MARCO VANELLI<\/strong>&nbsp; presentano&nbsp; \u201cTobino-Fellini: storia di un\u2019amicizia\u201d.<\/p>\n\n\n\n<p>In pochi sanno che tra i progetti non realizzati da Federico Fellini c\u2019\u00e8 anche un film tratto da \u201cLe libere donne di Magliano\u201d. Un\u2019anticipazione di quanto uscir\u00e0 sul numero 196 di \u201cCabiria\u201d, la rivista di studi cinematografici diretta da Marco Vanelli. Partecipano gli studenti delle scuole secondarie.&nbsp;&nbsp;Con <strong>Maria Elena Marchini.<\/strong><\/p>\n\n\n\n<p><strong>ore 16,30&nbsp; Sala Conferenze Villa Bottini<\/strong><\/p>\n\n\n\n<p>LuccAutori presenta in anteprima nazionale il cortometraggio \u201c<strong>Il profeta del ring\u201d di ANDREA MASOTTI, vincitore della sezione Corti del premio \u201cRacconti nella Rete 2020\u201d<\/strong>. Prodotto da LuccAutori e Scuola di Cinema Immagina di Firenze. Regia di <strong>GIUSEPPE FERLITO<\/strong>.&nbsp; Saranno presenti l\u2019autore e gli attori protagonisti.<\/p>\n\n\n\n<p><strong>Sabato 3 Ottobre<\/strong><\/p>\n\n\n\n<p><strong>Ore 17 Sala Conferenze Villa Bottini<\/strong><\/p>\n\n\n\n<p><strong>Presentazione dell\u2019antologia del premio letterario Racconti nella Rete 2020 a cura di Demetrio Brandi (Castelvecchi).<\/strong><\/p>\n\n\n\n<p>Maria Elena Marchini incontra gli scrittori<strong>&nbsp;&nbsp; Elisa Bazzani, Laura Curatola, Davide Deidda, Barbara Di Sandro , Luca Dettori, Alessandra Montali, Sara Musacchio, Eugenio Novara, Ezilda Pepe, Carola Pipitone, Elvira Spuntarelli, Riccardo Staroccia. <\/strong><\/p>\n\n\n\n<p>Letture a cura di<strong> Alexandra Tempesta e Antonella Zanca.<\/strong><\/p>\n\n\n\n<p>Intervento musicale di <strong>Giuseppe Sanalitro.<\/strong><\/p>\n\n\n\n<p><strong>Premio AIDR\u00a0 Italian Digital Revolution a Davide Deidda \u00a0il pi\u00f9 giovane vincitore di questa edizione.\u00a0 Interviene\u00a0 GIANFRANCO OSSINO, responsabile osservatorio digitalizzazione ambiente ed energia  Aidr.<\/strong><\/p>\n\n\n\n<p><strong>Davide Desantis ricever\u00e0 il premio Budu\u00e0r per il miglior racconto umoristico. Consegnano il premio Dino Aloi,&nbsp; Alessandro Prevosto e Marco De Angelis. La scultura in ardesia \u00e8 opera dell\u2019artista Laura Lapis.<\/strong><\/p>\n\n\n\n<p>Ore 18&nbsp; Sala\nconferenze Villa Bottini<\/p>\n\n\n\n<p><strong>DANIELA BARBIANI&nbsp;<\/strong> presenta il libro&nbsp; \u201c<strong>Federico Fellini Dizionario intimo\u201d (Piemme)<\/strong>. Intervengono <strong>VINCENZO MOLLICA <\/strong>ed<strong> ENNIO CAVALLI.<\/strong><\/p>\n\n\n\n<p>Si \u00e8 sempre parlato dell\u2019arte di Fellini cineasta e\ndisegnatore, della sua immaginazione onirica, di saper vedere il mondo e di\npresentarlo sullo schermo attraverso la macchina da presa; ma c\u2019\u00e8 un\u2019arte pi\u00f9\nnascosta, pi\u00f9 silenziosa e nello stesso tempo forte e dirompente che va fatta\nemergere, ed \u00e8 quella della parola, del suo modo di esprimersi e di raccontare\ndi s\u00e9 e del mondo con uno stile elegante, profondo, leggero, sempre pieno di\npoesia e di emozione. In questo dizionario \u201cintimo\u201d dell\u2019universo felliniano,\ncurato dalla nipote, Daniela Barbiani, sono raccolte fedelmente le parole, le\nespressioni, gli amori, i ricordi, gli appunti visivi del grande regista.<\/p>\n\n\n\n<p><strong>Domenica 4 Ottobre<\/strong>&nbsp;<\/p>\n\n\n\n<p><strong>ore 16,30&nbsp; Sala Conferenze Villa Bottini<\/strong><\/p>\n\n\n\n<p>LuccAutori presenta in anteprima nazionale il\ncortometraggio&nbsp; \u201cIl profeta del ring\u201d di\nAndrea Masotti, vincitore della sezione Corti del premio Racconti nella Rete\n2020.<\/p>\n\n\n\n<p>ore 16.40 Sala Conferenze Villa Bottini<\/p>\n\n\n\n<p>Benvenuti nella normalit\u00e0. Ecco <strong>\u201cL\u2019Uomo Samargantico\u201d. Il film comico surreale diretto da Luca Martinelli<\/strong> si presenta cos\u00ec. Saranno i protagonisti a parlarne: la protagonista femminile Clara Mallegni ed anche i comici di Zelig, Comedy Central e tanti altri programmi tv Fulvio Fuina, Giancarlo De Biasi, Arnaldo Mangini, Daniela Airoldi, Davide Dalfiume, Raffaele Totaro, Caterina Ferri, Gianni Conti, Max Baroni, Laura Petracchi e Valentina Sorice. Le musiche sono di Hunterwolf. Ci sar\u00e0 un assaggio del film e si parler\u00e0 di cinema indipendente.<\/p>\n\n\n\n<p>Ore 17 Sala Conferenze Villa Bottini<\/p>\n\n\n\n<p><strong>Presentazione dell\u2019antologia del premio letterario Racconti nella Rete 2020<\/strong> a cura di Demetrio Brandi (Castelvecchi).&nbsp;&nbsp; Maria Elena Marchini incontra gli scrittori <strong>Anna Maria Contesini,Salvatore D\u2019Ascenzo, Davide Desantis,, Giovanni Di Prizito, Maddalena Frangioni, Alessandro Lupi, Nicoletta Manetti, Pasqualina Moro, Paola Tindara Paladina,Sandra Puccini, Silvia Roncucci, Raffaele Sesti, Dante Zucchi.<\/strong><\/p>\n\n\n\n<p>Letture a cura di<strong> Mario Cenni, Fabio Dostuni e Antonella Lucii. <\/strong><\/p>\n\n\n\n<p>Intervento musicale di<strong> Giuseppe Sanalitro.<\/strong><\/p>\n\n\n\n<p>Ore 18 Sala Conferenze Villa Bottini<\/p>\n\n\n\n<p><strong>CARLO COTTARELLI presenta&nbsp; \u201cPachidermi e pappagalli\u201d&nbsp; (Feltrinelli)<\/strong><\/p>\n\n\n\n<p>\u201cSi dice che le bugie hanno le gambe corte. Non \u00e8 vero.Le\nbugie possono camminare molto a lungo.Il problema \u00e8 che prima o poi finiscono\nper cadere. E quanto pi\u00f9 a lungo camminano,tanto pi\u00f9 disatrosa sar\u00e0 la caduta\u201d.\nIl dibattito pubblico italiano spesso \u00e8 influenzato da luoghi comuni\nsull\u2019economia che non trovano alcun fondamento nella realt\u00e0. Ce n\u2019\u00e8 di ogni\ngenere. Il libro propone un\u2019analisi spietata dei pregiudizi, dei luoghi comuni\ne delle bugie che inquinano i social, i giornali e i talk show, per separare\nquello che c\u2019\u00e8 di vero dalla menzogna. E avere le idee pi\u00f9 chiare sul futuro\nche vogliamo.<\/p>\n\n\n\n<p>Mercoled\u00ec 7 Ottobre<\/p>\n\n\n\n<p><strong>ore 10 Aula Magna ISI Barga<\/strong><\/p>\n\n\n\n<p><strong>GIOVANNI PASCOLI, NARRATORE DELL\u2019AVVENIRE<\/strong><\/p>\n\n\n\n<p><strong>POESIA, CRONACA IN VERSI DELL\u2019ATTUALITA\u2019<\/strong>. La giornalista e scrittrice <strong>CHIARA LICO&nbsp;<\/strong> incontra gli studenti delle scuole superiori di secondo grado. Intervengono&nbsp; <strong>ALESSANDRO&nbsp; ADAMI, presidente della Fondazione Giovanni Pascoli&nbsp;<\/strong> e&nbsp; Demetrio Brandi, presidente di LuccAutori. &nbsp;Con la partecipazione degli studenti&nbsp; delle scuole secondarie di secondo grado.<\/p>\n\n\n\n<p>Chiara Lico giornalista, scrittrice e conduttrice\ntelevisiva, si occupa di cronaca ed attualit\u00e0.Dal 2010 alla conduzione del TG2\n\u00e8 autrice di diversi libri tra cui \u201cIl rischio\u201d (Sinnos).<\/p>\n\n\n\n<p>LE MOSTRE DI LUCCAUTORI<\/p>\n\n\n\n<p>Villa Bottini, dal 26 settembre al 4 ottobre<\/p>\n\n\n\n<p>Inaugurazione sabato 26 settembre ore 10<\/p>\n\n\n\n<p>Le mostre saranno visitabili in occasione degli incontri\nletterari.&nbsp; Ingresso libero.<\/p>\n\n\n\n<p>Sabato 26 settembre ore 10,00<\/p>\n\n\n\n<p>\u201cRACCONTI A COLORI\u201d venticinque artisti per venticinque\nracconti<\/p>\n\n\n\n<p>Le splendide sale della Villa Bottini accolgono i\nventicinque disegni originali ispirati ai venticinque racconti vincitori del\nPremio letterario \u201cRacconti nella Rete\u201d 2020, realizzati dagli studenti del\nLiceo Artistico \u201cPassaglia\u201d di Lucca.&nbsp;\nOgni studente utilizza la propria tecnica ed il proprio stile\ninterpretando un racconto tra i 25 vincitori del Premio. Le opere saranno\nesposte fino a domenica 4 ottobre. Inoltre sar\u00e0 realizzato un catalogo della mostra.<\/p>\n\n\n\n<p>Partecipano gli studenti: Bouallali Meryem, Pacini Alice,\nRossi Guenda, Tomei Anja, Alterio Roberto, Bertei Veronica, Lunardi Sofia,\nManfredini Gaia, Papalini Domiziana, Pennacchi Filippo, Matteoli Caterina,\nLippi Niccol\u00f2, Lucchesi Erika, Angelini Elena, Masini Anna, Passaglia Vittorio,\nRunggatschern Runa, Benedetti Bianca, Lippi Niccol\u00f2, Lucchesi Erika, Angelini\nElena, Masini Anna.<\/p>\n\n\n\n<p>La giuria, composta dall\u2019illustratore e umorista&nbsp; Lido Contemori,&nbsp; dal fotografo d\u2019arte Stefano Giraldi e dal\nprof. Roberto Giorgetti,&nbsp; premier\u00e0 i tre\nlavori migliori e consegner\u00e0 degli attestati agli studenti\/artisti. In\noccasione dell\u2019inaugurazione delle mostre \u00e8 in programma un intervento musicale\ndi alcuni allievi del liceo artistico musicale Passaglia di Lucca.<\/p>\n\n\n\n<p>Con la preziosa collaborazione di Unicoopfirenze e Isola\nRitrovata.<\/p>\n\n\n\n<p>Sabato 26 settembre ore 11,30<\/p>\n\n\n\n<p>FELLINI FOREVER&nbsp; A\ncura di Stefano Giraldi<\/p>\n\n\n\n<p>\u201cIl cinema \u00e8 un meraviglioso giocattolo\u201d, cos\u00ec rispondeva\nFederico Fellini a chi gli chiedeva cos\u2019era il cinema per lui. E aveva ragione\nFellini, perch\u00e9 il cinema \u00e8 un nuovo e autentico strumento che accomuna nello\nstesso entusiasmo le platee di ogni paese, in una nuova avventura attraverso la\nquale il cinema si avvia a diventare una strabiliante arte comunicativa. Infatti,\nessa sa commuovere, divertire, fantasticare, essere drammatica. Il grande\nregista italiano Federico Fellini, di cui quest\u2019anno ricorre il centesimo\nanniversario dalla nascita, nei suoi venti film, ludici, barocchi, a volte\nfantasiosi e divertenti, ha espresso con il suo linguaggio un\u2019inedita immagine\nartistica e umana con l\u2019esperienza e l\u2019autorevolezza che gli sono state\nriconosciute. La rassegna letteraria LuccAutori e gli artisti partecipanti gli\ndedicano la mostra con la certezza e la consapevolezza che, nello spazio tra lo\nspazio, il Maestro stia finalmente girando il miglior film che avrebbe voluto\nfare: cio\u00e8 il prossimo!&nbsp;&nbsp;&nbsp;&nbsp;&nbsp;&nbsp;&nbsp;&nbsp;&nbsp; (Stefano\nGiraldi)<\/p>\n\n\n\n<p>Gli artisti della mostra \u201cFellini Forever\u201d: Dino Aloi&nbsp;&nbsp; Marco De Angelis, Lido Contemori, Sergio\nStaino, Massimo Cavezzali,&nbsp;&nbsp; Giuliano\nRossetti, Massimo Presciutti,&nbsp; Mauro\nPispoli, Alessandro Palex Prevosto, Milko Dalla Battista, Gianni Audisio, Bruno\nLatella,&nbsp; Caterina Aicardi, Bruno\nCannucciari, Riccardo Ghiribelli, Gianni Oliveti,&nbsp; Massimo Cantini,Enrico Bandelli,&nbsp; Ramona Costantini Always, Angela Volpi,\nGianni Dorigo, Andrea Pazienza, Lino di Lallo, Stefano Giraldi, Franco Solfiti,\nSara Bargiacchi, Cristina Sammarco.<\/p>\n\n\n\n<p>La copertina dell\u2019antologia \u201cRacconti nella Rete 2020\u201d\n(Castelvecchi)&nbsp; vede la pubblicazione di\nun disegno del&nbsp; fumettista e illustratore\nMassimo Cavezzali&nbsp; La prefazione\ndell\u2019antologia&nbsp; \u00e8 stata scritta da Marco\nDe Angelis.<\/p>\n\n\n\n<p>Nel corso del festival una troupe di Rai Parlamento\nrealizzer\u00e0 uno speciale con le interviste ai protagonisti di LuccAutori.&nbsp; Le riprese video di \u201cLuccAutori 2020\u201d sono di\nLuca Martinelli.&nbsp; Foto di Mauro Giraffi e\nRinaldo Serra.<\/p>\n\n\n\n<p>Demetrio Brandi \u2013 presidente dell\u2019associazione culturale\nLuccAutori&nbsp; e fondatore del Premio\nRacconti nella Rete\u00ae \u2013&nbsp; ringrazia la\ngiuria tecnica della 19a edizione del Premio letterario Racconti nella Rete\u00ae\ncomposta da Ennio Cavalli, Chiara Lico, Adrian Bravi, Marco De Angelis,&nbsp; Laura Orsolini, Alexandra Tempesta, Anna De\nCastiglione, Donatella Salucci, Silvia Bello Molteni, Luisa Chiumenti, Maria\nElena Marchini, Carmen Verde, Mario Bernardi Guardi. I collaboratori Sabrina\nBrocchini, Rinaldo Serra, Mauro Giraffi, Riccardo Antongiovanni, Nicla Lari,\nIlaria Ferrero.<\/p>\n\n\n\n<p>Un particolare ringraziamento a Luca Crocetti, webmaster del\nsito www.raccontinellarete.it.<\/p>\n\n\n\n<p>Per il programma dettagliato di LuccAutori e per altre\ninformazioni sulla 20\u00b0 edizione del Premio racconti nella Rete consultare il\nsito www.raccontinellarete.it &#8211; info@raccontinellarete it &#8211; tel. 0584 651874<\/p>\n<div class=\"pvc_clear\"><\/div><p id=\"pvc_stats_43046\" class=\"pvc_stats all  \" data-element-id=\"43046\" style=\"\"><i class=\"pvc-stats-icon medium\" aria-hidden=\"true\"><svg aria-hidden=\"true\" focusable=\"false\" data-prefix=\"far\" data-icon=\"chart-bar\" role=\"img\" xmlns=\"http:\/\/www.w3.org\/2000\/svg\" viewBox=\"0 0 512 512\" class=\"svg-inline--fa fa-chart-bar fa-w-16 fa-2x\"><path fill=\"currentColor\" d=\"M396.8 352h22.4c6.4 0 12.8-6.4 12.8-12.8V108.8c0-6.4-6.4-12.8-12.8-12.8h-22.4c-6.4 0-12.8 6.4-12.8 12.8v230.4c0 6.4 6.4 12.8 12.8 12.8zm-192 0h22.4c6.4 0 12.8-6.4 12.8-12.8V140.8c0-6.4-6.4-12.8-12.8-12.8h-22.4c-6.4 0-12.8 6.4-12.8 12.8v198.4c0 6.4 6.4 12.8 12.8 12.8zm96 0h22.4c6.4 0 12.8-6.4 12.8-12.8V204.8c0-6.4-6.4-12.8-12.8-12.8h-22.4c-6.4 0-12.8 6.4-12.8 12.8v134.4c0 6.4 6.4 12.8 12.8 12.8zM496 400H48V80c0-8.84-7.16-16-16-16H16C7.16 64 0 71.16 0 80v336c0 17.67 14.33 32 32 32h464c8.84 0 16-7.16 16-16v-16c0-8.84-7.16-16-16-16zm-387.2-48h22.4c6.4 0 12.8-6.4 12.8-12.8v-70.4c0-6.4-6.4-12.8-12.8-12.8h-22.4c-6.4 0-12.8 6.4-12.8 12.8v70.4c0 6.4 6.4 12.8 12.8 12.8z\" class=\"\"><\/path><\/svg><\/i> <img loading=\"lazy\" decoding=\"async\" width=\"16\" height=\"16\" alt=\"Loading\" src=\"https:\/\/www.raccontinellarete.it\/301\/wp-content\/plugins\/page-views-count\/ajax-loader-2x.gif\" border=0 \/><\/p><div class=\"pvc_clear\"><\/div>","protected":false},"excerpt":{"rendered":"<p>Lucca,&nbsp; dal 18 settembre&nbsp; al&nbsp; 7 ottobre Associazione culturale LuccAutori &#8211; Direzione artistica&nbsp; Demetrio&nbsp; Brandi&nbsp;&nbsp;&nbsp; PROGRAMMA &nbsp;&nbsp;&nbsp;&nbsp;&nbsp;&nbsp;&nbsp;&nbsp;&nbsp;&nbsp;&nbsp;&nbsp;&nbsp;&nbsp;&nbsp;&nbsp;&nbsp;&nbsp;&nbsp;&nbsp;&nbsp;&nbsp;&nbsp;&nbsp;&nbsp;&nbsp;&nbsp;&nbsp;&nbsp;&nbsp;&nbsp;&nbsp;&nbsp;&nbsp;&nbsp;&nbsp;&nbsp;&nbsp;&nbsp;&nbsp;&nbsp;&nbsp;&nbsp;&nbsp;&nbsp;&nbsp;&nbsp;&nbsp;&nbsp;&nbsp;&nbsp;&nbsp;&nbsp;&nbsp;&nbsp;&nbsp; Sabato 26 Settembre&nbsp; ore 10 Villa Bottini Inaugurazione della mostra \u201cFELLINI FOREVER\u201d a cura di Stefano Giraldi. Vengono esposte opere realizzate da importanti artisti contemporanei. A seguire&nbsp; inaugurazione&nbsp; della mostra&nbsp; \u201cRACCONTI A COLORI\u201d,&nbsp; venticinque&nbsp; artisti per i venticinque [&hellip;]<\/p>\n<div class=\"pvc_clear\"><\/div>\n<p id=\"pvc_stats_43046\" class=\"pvc_stats all  \" data-element-id=\"43046\" style=\"\"><i class=\"pvc-stats-icon medium\" aria-hidden=\"true\"><svg aria-hidden=\"true\" focusable=\"false\" data-prefix=\"far\" data-icon=\"chart-bar\" role=\"img\" xmlns=\"http:\/\/www.w3.org\/2000\/svg\" viewBox=\"0 0 512 512\" class=\"svg-inline--fa fa-chart-bar fa-w-16 fa-2x\"><path fill=\"currentColor\" d=\"M396.8 352h22.4c6.4 0 12.8-6.4 12.8-12.8V108.8c0-6.4-6.4-12.8-12.8-12.8h-22.4c-6.4 0-12.8 6.4-12.8 12.8v230.4c0 6.4 6.4 12.8 12.8 12.8zm-192 0h22.4c6.4 0 12.8-6.4 12.8-12.8V140.8c0-6.4-6.4-12.8-12.8-12.8h-22.4c-6.4 0-12.8 6.4-12.8 12.8v198.4c0 6.4 6.4 12.8 12.8 12.8zm96 0h22.4c6.4 0 12.8-6.4 12.8-12.8V204.8c0-6.4-6.4-12.8-12.8-12.8h-22.4c-6.4 0-12.8 6.4-12.8 12.8v134.4c0 6.4 6.4 12.8 12.8 12.8zM496 400H48V80c0-8.84-7.16-16-16-16H16C7.16 64 0 71.16 0 80v336c0 17.67 14.33 32 32 32h464c8.84 0 16-7.16 16-16v-16c0-8.84-7.16-16-16-16zm-387.2-48h22.4c6.4 0 12.8-6.4 12.8-12.8v-70.4c0-6.4-6.4-12.8-12.8-12.8h-22.4c-6.4 0-12.8 6.4-12.8 12.8v70.4c0 6.4 6.4 12.8 12.8 12.8z\" class=\"\"><\/path><\/svg><\/i> <img loading=\"lazy\" decoding=\"async\" width=\"16\" height=\"16\" alt=\"Loading\" src=\"https:\/\/www.raccontinellarete.it\/301\/wp-content\/plugins\/page-views-count\/ajax-loader-2x.gif\" border=0 \/><\/p>\n<div class=\"pvc_clear\"><\/div>\n","protected":false},"author":3,"featured_media":43048,"comment_status":"closed","ping_status":"closed","sticky":false,"template":"","format":"standard","meta":{"footnotes":""},"categories":[87,547,5],"tags":[],"class_list":["post-43046","post","type-post","status-publish","format-standard","has-post-thumbnail","hentry","category-comunicato-stampa","category-f-o-r-u-m","category-racconti-nella-rete"],"_links":{"self":[{"href":"https:\/\/www.raccontinellarete.it\/index.php?rest_route=\/wp\/v2\/posts\/43046"}],"collection":[{"href":"https:\/\/www.raccontinellarete.it\/index.php?rest_route=\/wp\/v2\/posts"}],"about":[{"href":"https:\/\/www.raccontinellarete.it\/index.php?rest_route=\/wp\/v2\/types\/post"}],"author":[{"embeddable":true,"href":"https:\/\/www.raccontinellarete.it\/index.php?rest_route=\/wp\/v2\/users\/3"}],"replies":[{"embeddable":true,"href":"https:\/\/www.raccontinellarete.it\/index.php?rest_route=%2Fwp%2Fv2%2Fcomments&post=43046"}],"version-history":[{"count":8,"href":"https:\/\/www.raccontinellarete.it\/index.php?rest_route=\/wp\/v2\/posts\/43046\/revisions"}],"predecessor-version":[{"id":43075,"href":"https:\/\/www.raccontinellarete.it\/index.php?rest_route=\/wp\/v2\/posts\/43046\/revisions\/43075"}],"wp:featuredmedia":[{"embeddable":true,"href":"https:\/\/www.raccontinellarete.it\/index.php?rest_route=\/wp\/v2\/media\/43048"}],"wp:attachment":[{"href":"https:\/\/www.raccontinellarete.it\/index.php?rest_route=%2Fwp%2Fv2%2Fmedia&parent=43046"}],"wp:term":[{"taxonomy":"category","embeddable":true,"href":"https:\/\/www.raccontinellarete.it\/index.php?rest_route=%2Fwp%2Fv2%2Fcategories&post=43046"},{"taxonomy":"post_tag","embeddable":true,"href":"https:\/\/www.raccontinellarete.it\/index.php?rest_route=%2Fwp%2Fv2%2Ftags&post=43046"}],"curies":[{"name":"wp","href":"https:\/\/api.w.org\/{rel}","templated":true}]}}