{"id":42888,"date":"2020-06-01T16:49:10","date_gmt":"2020-06-01T15:49:10","guid":{"rendered":"http:\/\/www.raccontinellarete.it\/?p=42888"},"modified":"2020-06-05T11:06:01","modified_gmt":"2020-06-05T10:06:01","slug":"conclusa-la-19-edizione-del-premio-racconti-nella-rete","status":"publish","type":"post","link":"https:\/\/www.raccontinellarete.it\/?p=42888","title":{"rendered":"Conclusa la 19^ edizione del Premio Racconti nella Rete"},"content":{"rendered":"\n<p>Cari amici autori,  grazie per la vostra partecipazione a questa edizione del premio. Nonostante la grave pandemia che ha condizionato la nostra vita,  avete prodotto dei testi molto interessanti. Abbiamo ricevuto  decine di racconti di grande qualit\u00e0 che confermano la validit\u00e0 della nostra vetrina letteraria.<\/p>\n\n\n\n<p>La giuria del premio letterario Racconti nella Rete \u00e8 al lavoro per selezionare i venticinque vincitori della diciannovesima edizione. Entro il mese di giugno verranno resi noti i titoli dei racconti che saranno pubblicati nella nuova antologia edita da Castelvecchi. In copertina un disegno di Massimo Cavezzali. Prefazione di Marco De Angelis.<\/p>\n\n\n\n<p>Sar\u00e0 anche indicato il titolo del soggetto vincitore della sezione corti.   Soggetto che sar\u00e0 realizzato con il contributo della<a href=\"http:\/\/www.cinemaimmagina.it\"> Scuola di Cinema Immagina<\/a> diretta da Giuseppe Ferlito.<\/p>\n\n\n\n<p>In bocca al lupo a tutti!<\/p>\n\n\n\n<p>Tutti i racconti in concorso li trovate nell&#8217;archivio <a href=\"https:\/\/www.raccontinellarete.it\/?cat=545\">https:\/\/www.raccontinellarete.it\/?cat=545<\/a> <\/p>\n\n\n\n<p>Tutti i soggetti in concorso li trovate nell&#8217;archivio                           <a href=\"https:\/\/www.raccontinellarete.it\/?cat=546\">https:\/\/www.raccontinellarete.it\/?cat=546<\/a><\/p>\n\n\n\n<p><\/p>\n\n\n\n<p><\/p>\n\n\n\n<p><\/p>\n\n\n\n<p><\/p>\n\n\n\n<figure class=\"wp-block-image\"><img loading=\"lazy\" decoding=\"async\" width=\"732\" height=\"1024\" src=\"https:\/\/www.raccontinellarete.it\/301\/wp-content\/uploads\/2020\/03\/racconti-nella-rete-2020-1-732x1024.jpg\" alt=\"\" class=\"wp-image-40720\" srcset=\"https:\/\/www.raccontinellarete.it\/301\/wp-content\/uploads\/2020\/03\/racconti-nella-rete-2020-1-732x1024.jpg 732w, https:\/\/www.raccontinellarete.it\/301\/wp-content\/uploads\/2020\/03\/racconti-nella-rete-2020-1-179x250.jpg 179w, https:\/\/www.raccontinellarete.it\/301\/wp-content\/uploads\/2020\/03\/racconti-nella-rete-2020-1-768x1075.jpg 768w, https:\/\/www.raccontinellarete.it\/301\/wp-content\/uploads\/2020\/03\/racconti-nella-rete-2020-1.jpg 1772w\" sizes=\"(max-width: 732px) 100vw, 732px\" \/><\/figure>\n\n\n\n<p><\/p>\n<div class=\"pvc_clear\"><\/div><p id=\"pvc_stats_42888\" class=\"pvc_stats all  \" data-element-id=\"42888\" style=\"\"><i class=\"pvc-stats-icon medium\" aria-hidden=\"true\"><svg aria-hidden=\"true\" focusable=\"false\" data-prefix=\"far\" data-icon=\"chart-bar\" role=\"img\" xmlns=\"http:\/\/www.w3.org\/2000\/svg\" viewBox=\"0 0 512 512\" class=\"svg-inline--fa fa-chart-bar fa-w-16 fa-2x\"><path fill=\"currentColor\" d=\"M396.8 352h22.4c6.4 0 12.8-6.4 12.8-12.8V108.8c0-6.4-6.4-12.8-12.8-12.8h-22.4c-6.4 0-12.8 6.4-12.8 12.8v230.4c0 6.4 6.4 12.8 12.8 12.8zm-192 0h22.4c6.4 0 12.8-6.4 12.8-12.8V140.8c0-6.4-6.4-12.8-12.8-12.8h-22.4c-6.4 0-12.8 6.4-12.8 12.8v198.4c0 6.4 6.4 12.8 12.8 12.8zm96 0h22.4c6.4 0 12.8-6.4 12.8-12.8V204.8c0-6.4-6.4-12.8-12.8-12.8h-22.4c-6.4 0-12.8 6.4-12.8 12.8v134.4c0 6.4 6.4 12.8 12.8 12.8zM496 400H48V80c0-8.84-7.16-16-16-16H16C7.16 64 0 71.16 0 80v336c0 17.67 14.33 32 32 32h464c8.84 0 16-7.16 16-16v-16c0-8.84-7.16-16-16-16zm-387.2-48h22.4c6.4 0 12.8-6.4 12.8-12.8v-70.4c0-6.4-6.4-12.8-12.8-12.8h-22.4c-6.4 0-12.8 6.4-12.8 12.8v70.4c0 6.4 6.4 12.8 12.8 12.8z\" class=\"\"><\/path><\/svg><\/i> <img loading=\"lazy\" decoding=\"async\" width=\"16\" height=\"16\" alt=\"Loading\" src=\"https:\/\/www.raccontinellarete.it\/301\/wp-content\/plugins\/page-views-count\/ajax-loader-2x.gif\" border=0 \/><\/p><div class=\"pvc_clear\"><\/div>","protected":false},"excerpt":{"rendered":"<p>Cari amici autori, grazie per la vostra partecipazione a questa edizione del premio. Nonostante la grave pandemia che ha condizionato la nostra vita, avete prodotto dei testi molto interessanti. Abbiamo ricevuto decine di racconti di grande qualit\u00e0 che confermano la validit\u00e0 della nostra vetrina letteraria. La giuria del premio letterario Racconti nella Rete \u00e8 al [&hellip;]<\/p>\n<div class=\"pvc_clear\"><\/div>\n<p id=\"pvc_stats_42888\" class=\"pvc_stats all  \" data-element-id=\"42888\" style=\"\"><i class=\"pvc-stats-icon medium\" aria-hidden=\"true\"><svg aria-hidden=\"true\" focusable=\"false\" data-prefix=\"far\" data-icon=\"chart-bar\" role=\"img\" xmlns=\"http:\/\/www.w3.org\/2000\/svg\" viewBox=\"0 0 512 512\" class=\"svg-inline--fa fa-chart-bar fa-w-16 fa-2x\"><path fill=\"currentColor\" d=\"M396.8 352h22.4c6.4 0 12.8-6.4 12.8-12.8V108.8c0-6.4-6.4-12.8-12.8-12.8h-22.4c-6.4 0-12.8 6.4-12.8 12.8v230.4c0 6.4 6.4 12.8 12.8 12.8zm-192 0h22.4c6.4 0 12.8-6.4 12.8-12.8V140.8c0-6.4-6.4-12.8-12.8-12.8h-22.4c-6.4 0-12.8 6.4-12.8 12.8v198.4c0 6.4 6.4 12.8 12.8 12.8zm96 0h22.4c6.4 0 12.8-6.4 12.8-12.8V204.8c0-6.4-6.4-12.8-12.8-12.8h-22.4c-6.4 0-12.8 6.4-12.8 12.8v134.4c0 6.4 6.4 12.8 12.8 12.8zM496 400H48V80c0-8.84-7.16-16-16-16H16C7.16 64 0 71.16 0 80v336c0 17.67 14.33 32 32 32h464c8.84 0 16-7.16 16-16v-16c0-8.84-7.16-16-16-16zm-387.2-48h22.4c6.4 0 12.8-6.4 12.8-12.8v-70.4c0-6.4-6.4-12.8-12.8-12.8h-22.4c-6.4 0-12.8 6.4-12.8 12.8v70.4c0 6.4 6.4 12.8 12.8 12.8z\" class=\"\"><\/path><\/svg><\/i> <img loading=\"lazy\" decoding=\"async\" width=\"16\" height=\"16\" alt=\"Loading\" src=\"https:\/\/www.raccontinellarete.it\/301\/wp-content\/plugins\/page-views-count\/ajax-loader-2x.gif\" border=0 \/><\/p>\n<div class=\"pvc_clear\"><\/div>\n","protected":false},"author":3,"featured_media":41125,"comment_status":"closed","ping_status":"closed","sticky":true,"template":"","format":"standard","meta":{"footnotes":""},"categories":[87,547,5],"tags":[],"class_list":["post-42888","post","type-post","status-publish","format-standard","has-post-thumbnail","hentry","category-comunicato-stampa","category-f-o-r-u-m","category-racconti-nella-rete"],"_links":{"self":[{"href":"https:\/\/www.raccontinellarete.it\/index.php?rest_route=\/wp\/v2\/posts\/42888"}],"collection":[{"href":"https:\/\/www.raccontinellarete.it\/index.php?rest_route=\/wp\/v2\/posts"}],"about":[{"href":"https:\/\/www.raccontinellarete.it\/index.php?rest_route=\/wp\/v2\/types\/post"}],"author":[{"embeddable":true,"href":"https:\/\/www.raccontinellarete.it\/index.php?rest_route=\/wp\/v2\/users\/3"}],"replies":[{"embeddable":true,"href":"https:\/\/www.raccontinellarete.it\/index.php?rest_route=%2Fwp%2Fv2%2Fcomments&post=42888"}],"version-history":[{"count":14,"href":"https:\/\/www.raccontinellarete.it\/index.php?rest_route=\/wp\/v2\/posts\/42888\/revisions"}],"predecessor-version":[{"id":42925,"href":"https:\/\/www.raccontinellarete.it\/index.php?rest_route=\/wp\/v2\/posts\/42888\/revisions\/42925"}],"wp:featuredmedia":[{"embeddable":true,"href":"https:\/\/www.raccontinellarete.it\/index.php?rest_route=\/wp\/v2\/media\/41125"}],"wp:attachment":[{"href":"https:\/\/www.raccontinellarete.it\/index.php?rest_route=%2Fwp%2Fv2%2Fmedia&parent=42888"}],"wp:term":[{"taxonomy":"category","embeddable":true,"href":"https:\/\/www.raccontinellarete.it\/index.php?rest_route=%2Fwp%2Fv2%2Fcategories&post=42888"},{"taxonomy":"post_tag","embeddable":true,"href":"https:\/\/www.raccontinellarete.it\/index.php?rest_route=%2Fwp%2Fv2%2Ftags&post=42888"}],"curies":[{"name":"wp","href":"https:\/\/api.w.org\/{rel}","templated":true}]}}