{"id":41819,"date":"2020-05-18T16:48:33","date_gmt":"2020-05-18T15:48:33","guid":{"rendered":"http:\/\/www.raccontinellarete.it\/?p=41819"},"modified":"2020-06-01T17:03:33","modified_gmt":"2020-06-01T16:03:33","slug":"ultimi-giorni-per-partecipare-al-premio-inserisci-il-tuo-racconto-entro-domenica-31-maggio","status":"publish","type":"post","link":"https:\/\/www.raccontinellarete.it\/?p=41819","title":{"rendered":"Ultimi giorni per partecipare al premio"},"content":{"rendered":"\n<p class=\"has-medium-font-size\">Si pu\u00f2 partecipare al premio inserendo racconti brevi inediti, anche racconti per bambini,  e soggetti per cortometraggi.  <\/p>\n\n\n\n<p class=\"has-large-font-size\"><a rel=\"noreferrer noopener\" href=\"https:\/\/www.raccontinellarete.it\/301\/wp-register.php\" target=\"_blank\">Per registrarti clicca qui<\/a><\/p>\n\n\n\n<figure class=\"wp-block-embed is-type-rich is-provider-racconti-nella-rete\"><div class=\"wp-block-embed__wrapper\">\n<blockquote class=\"wp-embedded-content\" data-secret=\"3f68khoVu9\"><a href=\"https:\/\/www.raccontinellarete.it\/?page_id=6\">Regolamento Premio Racconti nella Rete\u00ae 2024<\/a><\/blockquote><iframe loading=\"lazy\" class=\"wp-embedded-content\" sandbox=\"allow-scripts\" security=\"restricted\" style=\"position: absolute; clip: rect(1px, 1px, 1px, 1px);\" title=\"&#8220;Regolamento Premio Racconti nella Rete\u00ae 2024&#8221; &#8212; Racconti nella Rete\u00ae\" src=\"https:\/\/www.raccontinellarete.it\/?page_id=6&#038;embed=true#?secret=ikyPDUzYMC#?secret=3f68khoVu9\" data-secret=\"3f68khoVu9\" width=\"500\" height=\"282\" frameborder=\"0\" marginwidth=\"0\" marginheight=\"0\" scrolling=\"no\"><\/iframe>\n<\/div><\/figure>\n\n\n\n<p>&#8220;La pandemia ci ha impedito di incontrare gli autori nelle consuete tappe nazionali&#8221;, dice il presidente del premio, Demetrio Brandi, &#8220;ma nonostante tutto siamo riusciti a coinvolgere centinaia di scrittori con una lunga serie di dirette sui canali social del concorso\u201d. <\/p>\n\n\n\n<p>Nel mese di giugno la giuria tecnica indicher\u00e0 i venticinque racconti che saranno pubblicati ad ottobre in una antologia edita da Castelvecchi. In copertina un disegno del disegnatore e fumettista Massimo Cavezzali. Il vincitore della sezione Corti potr\u00e0 partecipare alla realizzazione del cortometraggio che si girer\u00e0 a Lucca in collaborazione con la Scuola di Cinema Immagina di Firenze, diretta da Giuseppe Ferlito. <\/p>\n\n\n\n<p>Tra i riconoscimenti in palio sar\u00e0 assegnato il Premio Budu\u00e0r al migliore racconto umoristico ed il premio AIDR associazione italiana digital revolution al racconto scritto dall&#8217;autore pi\u00f9 giovane. &nbsp; Il Premio &#8211; Racconti nella Rete \u00e8 una opportunit\u00e0 di crescita per tutti coloro che hanno un racconto nel cassetto e desiderano arrivare alla pubblicazione. Cosa che avviene puntualmente da diciannove anni con l&#8217;antologia dei venticinque vincitori curata da Demetrio Brandi. <\/p>\n\n\n\n<p>\u00c8 stato definito il pi\u00f9 grande premio letterario nazionale per racconti inediti online. Questo concorso letterario ha una sua peculiarit\u00e0: il momento decisamente vitale, emozionante e innovativo della pubblicazione in rete dei racconti, fase altamente significativa sotto il profilo della comunicazione, dello scambio e del confronto culturale. Consigliamo quindi a chiunque voglia partecipare, di inserire i propri racconti e soggetti in tempo utile per poter essere letti e commentati dalle centinaia di utenti che frequentano il sito. In una sorta di agor\u00e0 virtuale, nel sito <a href=\"www.raccontinellarete.it\">www.raccontinellarete.it<\/a>   tutti trovano lo spazio privilegiato per dar voce alle proprie fantasie, memorie o sogni, per saggiare il valore e la qualit\u00e0 del proprio lavoro, per incontrare talenti sconosciuti o confrontarsi con diversi stili narrativi, generi e contenuti. <\/p>\n\n\n\n<p>In questi ultimi anni il premio letterario Racconti nella Rete \u00e8 decisamente cresciuto nella popolarit\u00e0 e nella qualit\u00e0 degli elaborati, tanto da poter a ragione essere definito un vero e proprio fenomeno mediatico. <\/p>\n\n\n\n<p>La premiazione dei vincitori si svolger\u00e0 a Lucca il 3 e 4 ottobre nell\u2019ambito della 26^ edizione del festival LuccAutori. &nbsp; <a href=\"mailto:info@raccontinellarete.it\">info@raccontinellarete.it <\/a><a href=\"www.raccontinellarete.it\">www.raccontinellarete.it<\/a>  tel.0584 651874 <\/p>\n\n\n\n<figure class=\"wp-block-image\"><img loading=\"lazy\" decoding=\"async\" width=\"732\" height=\"1024\" src=\"https:\/\/www.raccontinellarete.it\/301\/wp-content\/uploads\/2020\/03\/racconti-nella-rete-2020-1-732x1024.jpg\" alt=\"\" class=\"wp-image-40720\" srcset=\"https:\/\/www.raccontinellarete.it\/301\/wp-content\/uploads\/2020\/03\/racconti-nella-rete-2020-1-732x1024.jpg 732w, https:\/\/www.raccontinellarete.it\/301\/wp-content\/uploads\/2020\/03\/racconti-nella-rete-2020-1-179x250.jpg 179w, https:\/\/www.raccontinellarete.it\/301\/wp-content\/uploads\/2020\/03\/racconti-nella-rete-2020-1-768x1075.jpg 768w, https:\/\/www.raccontinellarete.it\/301\/wp-content\/uploads\/2020\/03\/racconti-nella-rete-2020-1.jpg 1772w\" sizes=\"(max-width: 732px) 100vw, 732px\" \/><figcaption>Il disegno di  copertina \u00e8 di MASSIMO CAVEZZALI.  L&#8217;antologia, che verr\u00e0 presentata in anteprima il 3 e 4 ottobre a Lucca nell&#8217;ambito del 26\u00b0 Festival LuccAutori, raccoglier\u00e0 i venticinque racconti vincitori della 19^ edizione del premio Racconti nella Rete (2020)<\/figcaption><\/figure>\n<div class=\"pvc_clear\"><\/div><p id=\"pvc_stats_41819\" class=\"pvc_stats all  \" data-element-id=\"41819\" style=\"\"><i class=\"pvc-stats-icon medium\" aria-hidden=\"true\"><svg aria-hidden=\"true\" focusable=\"false\" data-prefix=\"far\" data-icon=\"chart-bar\" role=\"img\" xmlns=\"http:\/\/www.w3.org\/2000\/svg\" viewBox=\"0 0 512 512\" class=\"svg-inline--fa fa-chart-bar fa-w-16 fa-2x\"><path fill=\"currentColor\" d=\"M396.8 352h22.4c6.4 0 12.8-6.4 12.8-12.8V108.8c0-6.4-6.4-12.8-12.8-12.8h-22.4c-6.4 0-12.8 6.4-12.8 12.8v230.4c0 6.4 6.4 12.8 12.8 12.8zm-192 0h22.4c6.4 0 12.8-6.4 12.8-12.8V140.8c0-6.4-6.4-12.8-12.8-12.8h-22.4c-6.4 0-12.8 6.4-12.8 12.8v198.4c0 6.4 6.4 12.8 12.8 12.8zm96 0h22.4c6.4 0 12.8-6.4 12.8-12.8V204.8c0-6.4-6.4-12.8-12.8-12.8h-22.4c-6.4 0-12.8 6.4-12.8 12.8v134.4c0 6.4 6.4 12.8 12.8 12.8zM496 400H48V80c0-8.84-7.16-16-16-16H16C7.16 64 0 71.16 0 80v336c0 17.67 14.33 32 32 32h464c8.84 0 16-7.16 16-16v-16c0-8.84-7.16-16-16-16zm-387.2-48h22.4c6.4 0 12.8-6.4 12.8-12.8v-70.4c0-6.4-6.4-12.8-12.8-12.8h-22.4c-6.4 0-12.8 6.4-12.8 12.8v70.4c0 6.4 6.4 12.8 12.8 12.8z\" class=\"\"><\/path><\/svg><\/i> <img loading=\"lazy\" decoding=\"async\" width=\"16\" height=\"16\" alt=\"Loading\" src=\"https:\/\/www.raccontinellarete.it\/301\/wp-content\/plugins\/page-views-count\/ajax-loader-2x.gif\" border=0 \/><\/p><div class=\"pvc_clear\"><\/div>","protected":false},"excerpt":{"rendered":"<p>Si pu\u00f2 partecipare al premio inserendo racconti brevi inediti, anche racconti per bambini, e soggetti per cortometraggi. Per registrarti clicca qui &#8220;La pandemia ci ha impedito di incontrare gli autori nelle consuete tappe nazionali&#8221;, dice il presidente del premio, Demetrio Brandi, &#8220;ma nonostante tutto siamo riusciti a coinvolgere centinaia di scrittori con una lunga serie [&hellip;]<\/p>\n<div class=\"pvc_clear\"><\/div>\n<p id=\"pvc_stats_41819\" class=\"pvc_stats all  \" data-element-id=\"41819\" style=\"\"><i class=\"pvc-stats-icon medium\" aria-hidden=\"true\"><svg aria-hidden=\"true\" focusable=\"false\" data-prefix=\"far\" data-icon=\"chart-bar\" role=\"img\" xmlns=\"http:\/\/www.w3.org\/2000\/svg\" viewBox=\"0 0 512 512\" class=\"svg-inline--fa fa-chart-bar fa-w-16 fa-2x\"><path fill=\"currentColor\" d=\"M396.8 352h22.4c6.4 0 12.8-6.4 12.8-12.8V108.8c0-6.4-6.4-12.8-12.8-12.8h-22.4c-6.4 0-12.8 6.4-12.8 12.8v230.4c0 6.4 6.4 12.8 12.8 12.8zm-192 0h22.4c6.4 0 12.8-6.4 12.8-12.8V140.8c0-6.4-6.4-12.8-12.8-12.8h-22.4c-6.4 0-12.8 6.4-12.8 12.8v198.4c0 6.4 6.4 12.8 12.8 12.8zm96 0h22.4c6.4 0 12.8-6.4 12.8-12.8V204.8c0-6.4-6.4-12.8-12.8-12.8h-22.4c-6.4 0-12.8 6.4-12.8 12.8v134.4c0 6.4 6.4 12.8 12.8 12.8zM496 400H48V80c0-8.84-7.16-16-16-16H16C7.16 64 0 71.16 0 80v336c0 17.67 14.33 32 32 32h464c8.84 0 16-7.16 16-16v-16c0-8.84-7.16-16-16-16zm-387.2-48h22.4c6.4 0 12.8-6.4 12.8-12.8v-70.4c0-6.4-6.4-12.8-12.8-12.8h-22.4c-6.4 0-12.8 6.4-12.8 12.8v70.4c0 6.4 6.4 12.8 12.8 12.8z\" class=\"\"><\/path><\/svg><\/i> <img loading=\"lazy\" decoding=\"async\" width=\"16\" height=\"16\" alt=\"Loading\" src=\"https:\/\/www.raccontinellarete.it\/301\/wp-content\/plugins\/page-views-count\/ajax-loader-2x.gif\" border=0 \/><\/p>\n<div class=\"pvc_clear\"><\/div>\n","protected":false},"author":3,"featured_media":41125,"comment_status":"open","ping_status":"closed","sticky":false,"template":"","format":"standard","meta":{"footnotes":""},"categories":[87,5],"tags":[],"class_list":["post-41819","post","type-post","status-publish","format-standard","has-post-thumbnail","hentry","category-comunicato-stampa","category-racconti-nella-rete"],"_links":{"self":[{"href":"https:\/\/www.raccontinellarete.it\/index.php?rest_route=\/wp\/v2\/posts\/41819"}],"collection":[{"href":"https:\/\/www.raccontinellarete.it\/index.php?rest_route=\/wp\/v2\/posts"}],"about":[{"href":"https:\/\/www.raccontinellarete.it\/index.php?rest_route=\/wp\/v2\/types\/post"}],"author":[{"embeddable":true,"href":"https:\/\/www.raccontinellarete.it\/index.php?rest_route=\/wp\/v2\/users\/3"}],"replies":[{"embeddable":true,"href":"https:\/\/www.raccontinellarete.it\/index.php?rest_route=%2Fwp%2Fv2%2Fcomments&post=41819"}],"version-history":[{"count":9,"href":"https:\/\/www.raccontinellarete.it\/index.php?rest_route=\/wp\/v2\/posts\/41819\/revisions"}],"predecessor-version":[{"id":42899,"href":"https:\/\/www.raccontinellarete.it\/index.php?rest_route=\/wp\/v2\/posts\/41819\/revisions\/42899"}],"wp:featuredmedia":[{"embeddable":true,"href":"https:\/\/www.raccontinellarete.it\/index.php?rest_route=\/wp\/v2\/media\/41125"}],"wp:attachment":[{"href":"https:\/\/www.raccontinellarete.it\/index.php?rest_route=%2Fwp%2Fv2%2Fmedia&parent=41819"}],"wp:term":[{"taxonomy":"category","embeddable":true,"href":"https:\/\/www.raccontinellarete.it\/index.php?rest_route=%2Fwp%2Fv2%2Fcategories&post=41819"},{"taxonomy":"post_tag","embeddable":true,"href":"https:\/\/www.raccontinellarete.it\/index.php?rest_route=%2Fwp%2Fv2%2Ftags&post=41819"}],"curies":[{"name":"wp","href":"https:\/\/api.w.org\/{rel}","templated":true}]}}