{"id":4154,"date":"2010-05-30T17:36:21","date_gmt":"2010-05-30T16:36:21","guid":{"rendered":"http:\/\/www.raccontinellarete.it\/?p=4154"},"modified":"2010-05-30T17:36:21","modified_gmt":"2010-05-30T16:36:21","slug":"lalbero-di-ostilio","status":"publish","type":"post","link":"https:\/\/www.raccontinellarete.it\/?p=4154","title":{"rendered":"Premio Racconti nella Rete 2010 &#8220;L&#8217;albero di Ostilio&#8221; di Domenica Barbera"},"content":{"rendered":"<p class=\"MsoNormal\" style=\"0cm 0cm 0pt;\"><span style=\"12.0pt;\"><span style=\"Times New Roman;\">Ha l\u2019emozionante volto della Storia l\u2019incontro con Ostilio, in questa serena<span style=\"yes;\">\u00a0 <\/span>giornata di settembre. La<span style=\"yes;\">\u00a0 <\/span>Storia pi\u00f9 vera. Non quella dei Re e dei generali che danno gli ordini, ma quella delle persone che con il loro sacrificio ne hanno determinato il corso ed hanno posto le condizioni perch\u00e9 oggi noi potessimo vivere meglio.<\/span><\/span><\/p>\n<p class=\"MsoNormal\" style=\"0cm 0cm 0pt;\"><span style=\"12.0pt;\"><span style=\"Times New Roman;\">Della lotta dei partigiani abbiamo sentito parlare tante volte. Sappiamo dei loro sacrifici, della loro determinazione, della vita pericolosamente vissuta sull\u2019orlo del precipizio. Ma conoscerne personalmente uno \u00e8 <span style=\"yes;\">\u00a0<\/span>tutta un\u2019altra storia.<\/span><\/span><\/p>\n<p class=\"MsoNormal\" style=\"0cm 0cm 0pt;\">\u00a0<\/p>\n<p class=\"MsoNormal\" style=\"0cm 0cm 0pt;\"><span style=\"12.0pt;\"><span style=\"Times New Roman;\">Ostilio \u00e8 stato un <span style=\"yes;\">\u00a0<\/span>partigiano.<\/span><\/span><\/p>\n<p class=\"MsoNormal\" style=\"0cm 0cm 0pt;\"><span style=\"12.0pt;\"><span style=\"Times New Roman;\">La determinazione \u00e8 stata sempre, ed ancora \u00e8, uno degli aspetti preponderanti del suo carattere. E\u2019 quella che traspare oggi dal suo bel viso di ottantenne <span style=\"yes;\">\u00a0<\/span>che ha dovuto attraversare tanti dolori e tante scelte \u2013 ostinate, coraggiose \u2013 ed \u00e8 la stessa determinazione che traspare dalla foto del libretto personale di partigiano: un bel ragazzo di<span style=\"yes;\">\u00a0 <\/span>ventidue anni che guarda lontano, ed in modo chiaro dimostra che vuole difendere ci\u00f2 in cui crede, anche mettendo a grosso repentaglio ci\u00f2 che gi\u00e0 ha.<\/span><\/span><\/p>\n<p class=\"MsoNormal\" style=\"0cm 0cm 0pt;\"><span style=\"12.0pt;\"><span style=\"Times New Roman;\">Il libretto \u00e8 ora <span style=\"yes;\">\u00a0<\/span>davanti ai miei occhi. E\u2019 accanto ad una vecchia Bibbia che Ostilio prende<span style=\"yes;\">\u00a0 <\/span>in mano con religiosa emozione: l\u2019ha ricevuta in dono quando era bambino da una zia che veniva dall\u2019America. E\u2019 datata 1924, printed in Great Britain presso la Oxford University Press, e lui l\u2019ha letta tante volte a sua figlia, quando era bambina.<\/span><\/span><\/p>\n<p class=\"MsoNormal\" style=\"0cm 0cm 0pt;\"><span style=\"12.0pt;\"><span style=\"Times New Roman;\">Libretto di partigiano e Bibbia: due pezzi significativi del suo percorso di vita, si capisce subito. In mezzo a loro una lettera, ingiallita dal tempo: \u00e8 del 1942, viene dall\u2019Africa, ed e\u2019 l\u2019ultima che ha ricevuto da suo fratello Riccardo.<\/span><\/span><\/p>\n<p class=\"MsoNormal\" style=\"0cm 0cm 0pt;\"><span style=\"12.0pt;\"><span style=\"Times New Roman;\">Il libretto e\u2019 stato rilasciato dal Ministero dell\u2019Italia Occupata \u2013 Assistenza post bellica e certifica l\u2019attivit\u00e0 clandestina svolta dopo l\u20198 settembre 1943. \u201cRappresentante militare per i patrioti\u201d, si legge nel timbro.<\/span><\/span><\/p>\n<p class=\"MsoNormal\" style=\"0cm 0cm 0pt;\"><span style=\"12.0pt;\"><span style=\"Times New Roman;\">Per me \u00e8 una grandissima emozione avere l\u2019onore di vederlo e leggerlo.<\/span><\/span><\/p>\n<p class=\"MsoNormal\" style=\"0cm 0cm 0pt;\"><span style=\"12.0pt;\"><span style=\"Times New Roman;\">Ma le azioni coraggiose che stanno dietro quelle date le pu\u00f2 rievocare solo lui, Ostilio. Solo lui pu\u00f2 raccontare degli sforzi sostenuti per difendere la linea del fiume o di quando erano<span style=\"yes;\">\u00a0 <\/span>scesi<span style=\"yes;\">\u00a0 <\/span>a<span style=\"yes;\">\u00a0 <\/span>\u201cliberare\u201d la citt\u00e0. Solo lui pu\u00f2 raccontare le difficolt\u00e0 di alcune scelte in quei difficili anni.<\/span><\/span><\/p>\n<p class=\"MsoNormal\" style=\"0cm 0cm 0pt;\"><span style=\"12.0pt;\"><span style=\"Times New Roman;\">La seconda guerra mondiale aveva provocato e stava provocando ancora molte sofferenze e lutti. Ad ognuno la sua sofferenza, la sua parte di dolore. Lui non ne era stato risparmiato.<\/span><\/span><\/p>\n<p class=\"MsoNormal\" style=\"0cm 0cm 0pt;\"><span style=\"12.0pt;\"><span style=\"Times New Roman;\">L\u2019unico fratello, Riccardo, era appena morto, nel 1942, ad El Alamein, nella guerra in Africa settentrionale. Anche il cugino Fiorello, giovane prete, era morto: nella sua chiesa, crollata sotto un bombardamento.<\/span><\/span><\/p>\n<p class=\"MsoNormal\" style=\"0cm 0cm 0pt;\"><span style=\"12.0pt;\"><span style=\"Times New Roman;\">La citt\u00e0 era devastata dai bombardamenti. Quando si present\u00f2 nella sua valle un uomo in cerca di aiuto per la sua famiglia, Ostilio non rest\u00f2 indifferente.<\/span><\/span><\/p>\n<p class=\"MsoNormal\" style=\"0cm 0cm 0pt;\"><span style=\"12.0pt;\"><span style=\"Times New Roman;\">D\u2019altra parte per\u00f2 la sua casa era frequentata da tanti altri partigiani, ed era molto rischioso, per s\u00e9 e per gli altri, ospitare persone.<\/span><\/span><\/p>\n<p class=\"MsoNormal\" style=\"0cm 0cm 0pt;\"><span style=\"12.0pt;\"><span style=\"Times New Roman;\"><span style=\"yes;\">\u00a0<\/span>Ma Ostilio prese la decisione. Li avrebbe ospitati.<\/span><\/span><\/p>\n<p class=\"MsoNormal\" style=\"0cm 0cm 0pt;\"><span style=\"12.0pt;\"><span style=\"Times New Roman;\">Vennero con i soli vestiti addosso, scappando dalle macerie di Torino. Guido, Anna, i loro due figli piccoli e la nonna. Guido era un tenente dell\u2019aviazione che voleva risparmiare alla famiglia almeno una parte dell\u2019orrore di quei tempi.<\/span><\/span><\/p>\n<p class=\"MsoNormal\" style=\"0cm 0cm 0pt;\"><span style=\"12.0pt;\"><span style=\"Times New Roman;\">Ostilio diede loro alloggio e li sfam\u00f2 per due anni, mettendo generosamente a loro disposizione le sue risorse. \u201cMancavano olio, sale ed acciughe che eravamo soliti comprare in Liguria\u201d, dice oggi sorridendo.<\/span><\/span><\/p>\n<p class=\"MsoNormal\" style=\"0cm 0cm 0pt;\"><span style=\"12.0pt;\"><span style=\"Times New Roman;\">I due bimbi sono cresciuti, e sono andati via con nel cuore questa casa, questi orti, questi alberi.<span style=\"yes;\">\u00a0\u00a0 <\/span><\/span><\/span><\/p>\n<p class=\"MsoNormal\" style=\"0cm 0cm 0pt;\"><span style=\"12.0pt;\"><span style=\"Times New Roman;\">E specialmente quello che abita pi\u00f9 lontano, in America, non manca di ritornare, di tanto in tanto.<\/span><\/span><\/p>\n<p class=\"MsoNormal\" style=\"0cm 0cm 0pt;\"><span style=\"12.0pt;\"><span style=\"Times New Roman;\">Dalla scenografica Hollywood a questa isola di ricordi bambini, per trasformare l\u2019angoscia di quei lontani giorni in sentimento di gioiosa riconoscenza alla solidariet\u00e0.<\/span><\/span><\/p>\n<p class=\"MsoNormal\" style=\"0cm 0cm 0pt;\"><span style=\"12.0pt;\"><span style=\"Times New Roman;\">E&#8217; cos\u00ec che Ostilio oggi compone un numero e dall&#8217;altra parte dell&#8217;Oceano, a Hollywood o a New York o Los Angeles, un indaffarato artista, Sandro, ferma temporaneamente i suoi impegni e conversa con lui, ritornando bambino. E promette che verr\u00e0 presto.<\/span><\/span><\/p>\n<p class=\"MsoNormal\" style=\"0cm 0cm 0pt;\"><span style=\"12.0pt;\"><span style=\"Times New Roman;\">E\u2019 gi\u00e0 venuto tante volte, ed Ostilio lo sta aspettando anche in questi giorni di settembre, <span style=\"yes;\">\u00a0<\/span>seduto sotto il grande albero del suo giardino.<\/span><\/span><\/p>\n<p class=\"MsoNormal\" style=\"0cm 0cm 0pt;\"><span style=\"12.0pt;\"><span style=\"Times New Roman;\">E\u2019 l\u00ec quando faccio la sua <span style=\"yes;\">\u00a0<\/span>conoscenza. E\u2019 l\u00ec quando gli do il saluto dell\u2019arrivederci, mentre penso che assomiglia proprio a quell\u2019albero cos\u00ec forte e grande, con le radici ben salde, che ha visto passare sotto le sue ombrose fronde giochi di bimbi <span style=\"yes;\">\u00a0<\/span>e dolori <span style=\"yes;\">\u00a0<\/span>da togliere il fiato.<\/span><\/span><\/p>\n<p class=\"MsoNormal\" style=\"0cm 0cm 0pt;\"><span style=\"12.0pt;\"><span style=\"Times New Roman;\">Un albero che ha sempre attraversato i fulmini e le tempeste delle cattive stagioni per tornare a rinascere in primavera.<\/span><\/span><\/p>\n<p class=\"MsoNormal\" style=\"0cm 0cm 0pt;\">\u00a0<\/p>\n<p class=\"MsoNormal\" style=\"0cm 0cm 0pt;\"><span style=\"12.0pt;\"><span style=\"Times New Roman;\">Silenziosamente \u00e8 gi\u00e0 arrivata la neve di dicembre. Ha coperto tutto con il suo manto bianco. Chiss\u00e0 come, sotto quali forme, con quali suoni e con <span style=\"yes;\">\u00a0<\/span>quali colori<span style=\"yes;\">\u00a0 <\/span>torner\u00e0 in quei luoghi Ostilio, ora che <span style=\"yes;\">\u00a0<\/span>i suoi occhi hanno gi\u00e0 salutato il suo albero e la sua valle, prima di arrendersi ad un<span style=\"yes;\">\u00a0 <\/span>incalzante<span style=\"yes;\">\u00a0 <\/span>sonno.<\/span><\/span><\/p>\n<div class=\"pvc_clear\"><\/div>\n<p id=\"pvc_stats_4154\" class=\"pvc_stats all  \" data-element-id=\"4154\" style=\"\"><i class=\"pvc-stats-icon medium\" aria-hidden=\"true\"><svg aria-hidden=\"true\" focusable=\"false\" data-prefix=\"far\" data-icon=\"chart-bar\" role=\"img\" xmlns=\"http:\/\/www.w3.org\/2000\/svg\" viewBox=\"0 0 512 512\" class=\"svg-inline--fa fa-chart-bar fa-w-16 fa-2x\"><path fill=\"currentColor\" d=\"M396.8 352h22.4c6.4 0 12.8-6.4 12.8-12.8V108.8c0-6.4-6.4-12.8-12.8-12.8h-22.4c-6.4 0-12.8 6.4-12.8 12.8v230.4c0 6.4 6.4 12.8 12.8 12.8zm-192 0h22.4c6.4 0 12.8-6.4 12.8-12.8V140.8c0-6.4-6.4-12.8-12.8-12.8h-22.4c-6.4 0-12.8 6.4-12.8 12.8v198.4c0 6.4 6.4 12.8 12.8 12.8zm96 0h22.4c6.4 0 12.8-6.4 12.8-12.8V204.8c0-6.4-6.4-12.8-12.8-12.8h-22.4c-6.4 0-12.8 6.4-12.8 12.8v134.4c0 6.4 6.4 12.8 12.8 12.8zM496 400H48V80c0-8.84-7.16-16-16-16H16C7.16 64 0 71.16 0 80v336c0 17.67 14.33 32 32 32h464c8.84 0 16-7.16 16-16v-16c0-8.84-7.16-16-16-16zm-387.2-48h22.4c6.4 0 12.8-6.4 12.8-12.8v-70.4c0-6.4-6.4-12.8-12.8-12.8h-22.4c-6.4 0-12.8 6.4-12.8 12.8v70.4c0 6.4 6.4 12.8 12.8 12.8z\" class=\"\"><\/path><\/svg><\/i> <img loading=\"lazy\" decoding=\"async\" width=\"16\" height=\"16\" alt=\"Loading\" src=\"https:\/\/www.raccontinellarete.it\/301\/wp-content\/plugins\/page-views-count\/ajax-loader-2x.gif\" border=0 \/><\/p>\n<div class=\"pvc_clear\"><\/div>\n","protected":false},"excerpt":{"rendered":"<p>Ha l\u2019emozionante volto della Storia l\u2019incontro con Ostilio, in questa serena\u00a0 giornata di settembre. La\u00a0 Storia pi\u00f9 vera. Non quella dei Re e dei generali che danno gli ordini, ma quella delle persone che con il loro sacrificio ne hanno determinato il corso ed hanno posto le condizioni perch\u00e9 oggi noi potessimo vivere meglio. Della [&hellip;]<\/p>\n<div class=\"pvc_clear\"><\/div>\n<p id=\"pvc_stats_4154\" class=\"pvc_stats all  \" data-element-id=\"4154\" style=\"\"><i class=\"pvc-stats-icon medium\" aria-hidden=\"true\"><svg aria-hidden=\"true\" focusable=\"false\" data-prefix=\"far\" data-icon=\"chart-bar\" role=\"img\" xmlns=\"http:\/\/www.w3.org\/2000\/svg\" viewBox=\"0 0 512 512\" class=\"svg-inline--fa fa-chart-bar fa-w-16 fa-2x\"><path fill=\"currentColor\" d=\"M396.8 352h22.4c6.4 0 12.8-6.4 12.8-12.8V108.8c0-6.4-6.4-12.8-12.8-12.8h-22.4c-6.4 0-12.8 6.4-12.8 12.8v230.4c0 6.4 6.4 12.8 12.8 12.8zm-192 0h22.4c6.4 0 12.8-6.4 12.8-12.8V140.8c0-6.4-6.4-12.8-12.8-12.8h-22.4c-6.4 0-12.8 6.4-12.8 12.8v198.4c0 6.4 6.4 12.8 12.8 12.8zm96 0h22.4c6.4 0 12.8-6.4 12.8-12.8V204.8c0-6.4-6.4-12.8-12.8-12.8h-22.4c-6.4 0-12.8 6.4-12.8 12.8v134.4c0 6.4 6.4 12.8 12.8 12.8zM496 400H48V80c0-8.84-7.16-16-16-16H16C7.16 64 0 71.16 0 80v336c0 17.67 14.33 32 32 32h464c8.84 0 16-7.16 16-16v-16c0-8.84-7.16-16-16-16zm-387.2-48h22.4c6.4 0 12.8-6.4 12.8-12.8v-70.4c0-6.4-6.4-12.8-12.8-12.8h-22.4c-6.4 0-12.8 6.4-12.8 12.8v70.4c0 6.4 6.4 12.8 12.8 12.8z\" class=\"\"><\/path><\/svg><\/i> <img loading=\"lazy\" decoding=\"async\" width=\"16\" height=\"16\" alt=\"Loading\" src=\"https:\/\/www.raccontinellarete.it\/301\/wp-content\/plugins\/page-views-count\/ajax-loader-2x.gif\" border=0 \/><\/p>\n<div class=\"pvc_clear\"><\/div>\n","protected":false},"author":1195,"featured_media":0,"comment_status":"open","ping_status":"closed","sticky":false,"template":"","format":"standard","meta":{"footnotes":""},"categories":[9],"tags":[],"class_list":["post-4154","post","type-post","status-publish","format-standard","hentry","category-racconti-2010"],"_links":{"self":[{"href":"https:\/\/www.raccontinellarete.it\/index.php?rest_route=\/wp\/v2\/posts\/4154"}],"collection":[{"href":"https:\/\/www.raccontinellarete.it\/index.php?rest_route=\/wp\/v2\/posts"}],"about":[{"href":"https:\/\/www.raccontinellarete.it\/index.php?rest_route=\/wp\/v2\/types\/post"}],"author":[{"embeddable":true,"href":"https:\/\/www.raccontinellarete.it\/index.php?rest_route=\/wp\/v2\/users\/1195"}],"replies":[{"embeddable":true,"href":"https:\/\/www.raccontinellarete.it\/index.php?rest_route=%2Fwp%2Fv2%2Fcomments&post=4154"}],"version-history":[{"count":0,"href":"https:\/\/www.raccontinellarete.it\/index.php?rest_route=\/wp\/v2\/posts\/4154\/revisions"}],"wp:attachment":[{"href":"https:\/\/www.raccontinellarete.it\/index.php?rest_route=%2Fwp%2Fv2%2Fmedia&parent=4154"}],"wp:term":[{"taxonomy":"category","embeddable":true,"href":"https:\/\/www.raccontinellarete.it\/index.php?rest_route=%2Fwp%2Fv2%2Fcategories&post=4154"},{"taxonomy":"post_tag","embeddable":true,"href":"https:\/\/www.raccontinellarete.it\/index.php?rest_route=%2Fwp%2Fv2%2Ftags&post=4154"}],"curies":[{"name":"wp","href":"https:\/\/api.w.org\/{rel}","templated":true}]}}