{"id":41397,"date":"2020-05-06T18:25:21","date_gmt":"2020-05-06T17:25:21","guid":{"rendered":"http:\/\/www.raccontinellarete.it\/?p=41397"},"modified":"2020-05-06T18:25:24","modified_gmt":"2020-05-06T17:25:24","slug":"premio-racconti-nella-rete-2020-ferragosto-di-maddalena-frangioni","status":"publish","type":"post","link":"https:\/\/www.raccontinellarete.it\/?p=41397","title":{"rendered":"Premio Racconti nella Rete 2020 &#8220;Ferragosto&#8221; di Maddalena Frangioni"},"content":{"rendered":"\n<p>C\u2019\u00e8 ansia stanotte, nessuno riesce a dormire, domani \u00e8 il 15 Agosto, il giorno pi\u00f9 atteso che arriva e colpisce anche quelli pi\u00f9 indifferenti e distratti. In casa mia era la festa pi\u00f9 bella.  Mia madre, quel giorno, si staccava dalla macchina da cucire, raccoglieva i fili per terra, rassettava la stanza, chiudeva le finestre alla luce lasciandola inondare dal buio. <\/p>\n\n\n\n<p>Il 15 \u00e8 il 15, \u00e8 la giornata dedicata al Dio Sole, non possiamo dimenticarlo. Per noi bambine portate al mare a giocare con la sabbia, a saltare tra gli spruzzi delle onde, a divorare a zuppa preparata dalla mamma, a addentare la grossa fetta di cocomero che lasciava tracce di rosso vivo sulla maglietta difficili da cancellare, era la festa pi\u00f9 bella dell\u2019estate. \u201cHai sistemato bene la borsa?\u201d, grida la mamma al babbo che da una buona mezz\u2019ora  non fa che riempire la piccola giardinetta di legno di sacchi e sacchetti. \u201cAttento alla borsa gialla, l\u00ec c\u2019\u00e8 la zuppa, non deve subire scossoni, altrimenti\u2026e il sacchetto con la frutta \u00e8 a posto? Mi raccomando Renato l\u2019anguria deve stare comoda per arrivare integra e fresca\u201d. Poi cominciava  il breve viaggio da casa alla spiaggia, tutti stretti nella giardinetta, noi bambine nel bagagliaio, le gambe raccolte, strette tra le braccia, le ginocchia a toccare la bocca. L\u2019entusiasmo era palpabile e guizzava come un\u2019anguilla tra un sorriso e uno sguardo. Gridi, urli di gioia, corse sulla battigia, capriole e mal di pancia, rimproveri e sorrisi erano questi i tanti effetti della felicit\u00e0 che la giornata ci regalava fino a sera, quando nel viaggio di ritorno il tramonto pian piano spegneva la festa. <\/p>\n\n\n\n<p>La notte si portava via il Ferragosto e all\u2019alba mia madre tornava a cucire e a imbastire, gli occhi arrossati per la stanchezza.   Soltanto negli occhi e nei cuori di noi bambine il Ferragosto resisteva e si contavano i giorni sul calendario, ogni volta sperando che fosse il pi\u00f9 bello. E Ferragosto \u00e8 tornato ogni anno, ma gli occhi,nel tempo, ne hanno cambiato i connotati.  <\/p>\n\n\n\n<p><\/p>\n<div class=\"pvc_clear\"><\/div><p id=\"pvc_stats_41397\" class=\"pvc_stats all  \" data-element-id=\"41397\" style=\"\"><i class=\"pvc-stats-icon medium\" aria-hidden=\"true\"><svg aria-hidden=\"true\" focusable=\"false\" data-prefix=\"far\" data-icon=\"chart-bar\" role=\"img\" xmlns=\"http:\/\/www.w3.org\/2000\/svg\" viewBox=\"0 0 512 512\" class=\"svg-inline--fa fa-chart-bar fa-w-16 fa-2x\"><path fill=\"currentColor\" d=\"M396.8 352h22.4c6.4 0 12.8-6.4 12.8-12.8V108.8c0-6.4-6.4-12.8-12.8-12.8h-22.4c-6.4 0-12.8 6.4-12.8 12.8v230.4c0 6.4 6.4 12.8 12.8 12.8zm-192 0h22.4c6.4 0 12.8-6.4 12.8-12.8V140.8c0-6.4-6.4-12.8-12.8-12.8h-22.4c-6.4 0-12.8 6.4-12.8 12.8v198.4c0 6.4 6.4 12.8 12.8 12.8zm96 0h22.4c6.4 0 12.8-6.4 12.8-12.8V204.8c0-6.4-6.4-12.8-12.8-12.8h-22.4c-6.4 0-12.8 6.4-12.8 12.8v134.4c0 6.4 6.4 12.8 12.8 12.8zM496 400H48V80c0-8.84-7.16-16-16-16H16C7.16 64 0 71.16 0 80v336c0 17.67 14.33 32 32 32h464c8.84 0 16-7.16 16-16v-16c0-8.84-7.16-16-16-16zm-387.2-48h22.4c6.4 0 12.8-6.4 12.8-12.8v-70.4c0-6.4-6.4-12.8-12.8-12.8h-22.4c-6.4 0-12.8 6.4-12.8 12.8v70.4c0 6.4 6.4 12.8 12.8 12.8z\" class=\"\"><\/path><\/svg><\/i> <img loading=\"lazy\" decoding=\"async\" width=\"16\" height=\"16\" alt=\"Loading\" src=\"https:\/\/www.raccontinellarete.it\/301\/wp-content\/plugins\/page-views-count\/ajax-loader-2x.gif\" border=0 \/><\/p><div class=\"pvc_clear\"><\/div>","protected":false},"excerpt":{"rendered":"<p>C\u2019\u00e8 ansia stanotte, nessuno riesce a dormire, domani \u00e8 il 15 Agosto, il giorno pi\u00f9 atteso che arriva e colpisce anche quelli pi\u00f9 indifferenti e distratti. In casa mia era la festa pi\u00f9 bella. Mia madre, quel giorno, si staccava dalla macchina da cucire, raccoglieva i fili per terra, rassettava la stanza, chiudeva le finestre [&hellip;]<\/p>\n<div class=\"pvc_clear\"><\/div>\n<p id=\"pvc_stats_41397\" class=\"pvc_stats all  \" data-element-id=\"41397\" style=\"\"><i class=\"pvc-stats-icon medium\" aria-hidden=\"true\"><svg aria-hidden=\"true\" focusable=\"false\" data-prefix=\"far\" data-icon=\"chart-bar\" role=\"img\" xmlns=\"http:\/\/www.w3.org\/2000\/svg\" viewBox=\"0 0 512 512\" class=\"svg-inline--fa fa-chart-bar fa-w-16 fa-2x\"><path fill=\"currentColor\" d=\"M396.8 352h22.4c6.4 0 12.8-6.4 12.8-12.8V108.8c0-6.4-6.4-12.8-12.8-12.8h-22.4c-6.4 0-12.8 6.4-12.8 12.8v230.4c0 6.4 6.4 12.8 12.8 12.8zm-192 0h22.4c6.4 0 12.8-6.4 12.8-12.8V140.8c0-6.4-6.4-12.8-12.8-12.8h-22.4c-6.4 0-12.8 6.4-12.8 12.8v198.4c0 6.4 6.4 12.8 12.8 12.8zm96 0h22.4c6.4 0 12.8-6.4 12.8-12.8V204.8c0-6.4-6.4-12.8-12.8-12.8h-22.4c-6.4 0-12.8 6.4-12.8 12.8v134.4c0 6.4 6.4 12.8 12.8 12.8zM496 400H48V80c0-8.84-7.16-16-16-16H16C7.16 64 0 71.16 0 80v336c0 17.67 14.33 32 32 32h464c8.84 0 16-7.16 16-16v-16c0-8.84-7.16-16-16-16zm-387.2-48h22.4c6.4 0 12.8-6.4 12.8-12.8v-70.4c0-6.4-6.4-12.8-12.8-12.8h-22.4c-6.4 0-12.8 6.4-12.8 12.8v70.4c0 6.4 6.4 12.8 12.8 12.8z\" class=\"\"><\/path><\/svg><\/i> <img loading=\"lazy\" decoding=\"async\" width=\"16\" height=\"16\" alt=\"Loading\" src=\"https:\/\/www.raccontinellarete.it\/301\/wp-content\/plugins\/page-views-count\/ajax-loader-2x.gif\" border=0 \/><\/p>\n<div class=\"pvc_clear\"><\/div>\n","protected":false},"author":615,"featured_media":0,"comment_status":"open","ping_status":"closed","sticky":false,"template":"","format":"standard","meta":{"footnotes":""},"categories":[545],"tags":[],"class_list":["post-41397","post","type-post","status-publish","format-standard","hentry","category-premio-racconti-nella-rete-2020"],"_links":{"self":[{"href":"https:\/\/www.raccontinellarete.it\/index.php?rest_route=\/wp\/v2\/posts\/41397"}],"collection":[{"href":"https:\/\/www.raccontinellarete.it\/index.php?rest_route=\/wp\/v2\/posts"}],"about":[{"href":"https:\/\/www.raccontinellarete.it\/index.php?rest_route=\/wp\/v2\/types\/post"}],"author":[{"embeddable":true,"href":"https:\/\/www.raccontinellarete.it\/index.php?rest_route=\/wp\/v2\/users\/615"}],"replies":[{"embeddable":true,"href":"https:\/\/www.raccontinellarete.it\/index.php?rest_route=%2Fwp%2Fv2%2Fcomments&post=41397"}],"version-history":[{"count":2,"href":"https:\/\/www.raccontinellarete.it\/index.php?rest_route=\/wp\/v2\/posts\/41397\/revisions"}],"predecessor-version":[{"id":41440,"href":"https:\/\/www.raccontinellarete.it\/index.php?rest_route=\/wp\/v2\/posts\/41397\/revisions\/41440"}],"wp:attachment":[{"href":"https:\/\/www.raccontinellarete.it\/index.php?rest_route=%2Fwp%2Fv2%2Fmedia&parent=41397"}],"wp:term":[{"taxonomy":"category","embeddable":true,"href":"https:\/\/www.raccontinellarete.it\/index.php?rest_route=%2Fwp%2Fv2%2Fcategories&post=41397"},{"taxonomy":"post_tag","embeddable":true,"href":"https:\/\/www.raccontinellarete.it\/index.php?rest_route=%2Fwp%2Fv2%2Ftags&post=41397"}],"curies":[{"name":"wp","href":"https:\/\/api.w.org\/{rel}","templated":true}]}}