{"id":4085,"date":"2010-05-28T18:02:31","date_gmt":"2010-05-28T17:02:31","guid":{"rendered":"http:\/\/www.raccontinellarete.it\/?p=4085"},"modified":"2010-05-28T18:02:31","modified_gmt":"2010-05-28T17:02:31","slug":"actress-in-progress","status":"publish","type":"post","link":"https:\/\/www.raccontinellarete.it\/?p=4085","title":{"rendered":"Premio Racconti nella Rete 2010 &#8220;Actress in progress&#8221; di Francesca Zucca"},"content":{"rendered":"<p><em><span style=\"&quot;Calibri&quot;,&quot;sans-serif&quot;;\">[col testo del Macbeth in mano\u2026]<\/span><\/em><\/p>\n<p class=\"MsoNormal\">\u00a0<\/p>\n<p class=\"MsoNormal\"><span style=\"&quot;Calibri&quot;,&quot;sans-serif&quot;;\">Questa donna \u00e8 un mondo.<\/span><\/p>\n<p class=\"MsoNormal\"><span style=\"&quot;Calibri&quot;,&quot;sans-serif&quot;;\">Come si fa a rappresentare un mondo? Un mondo del genere\u2026<\/span><\/p>\n<p class=\"MsoNormal\"><span style=\"&quot;Calibri&quot;,&quot;sans-serif&quot;;\">E\u2019 cos\u00ec affascinate nella sua mostruosit\u00e0.<\/span><\/p>\n<p class=\"MsoNormal\"><span style=\"&quot;Calibri&quot;,&quot;sans-serif&quot;;\">Oltre la cattiveria.<\/span><\/p>\n<p class=\"MsoNormal\"><span style=\"&quot;Calibri&quot;,&quot;sans-serif&quot;;\">Inimmaginabile\u2026<\/span><\/p>\n<p class=\"MsoNormal\"><span style=\"&quot;Calibri&quot;,&quot;sans-serif&quot;;\">Lei \u00e8 oltre.<\/span><\/p>\n<p class=\"MsoNormal\"><span style=\"&quot;Calibri&quot;,&quot;sans-serif&quot;;\">Io solo qui.<\/span><\/p>\n<p class=\"MsoNormal\">\u00a0<\/p>\n<p class=\"MsoNormal\"><span style=\"&quot;Calibri&quot;,&quot;sans-serif&quot;;\">Ho sempre desiderato essere una \u2018dark lady\u2019.<\/span><\/p>\n<p class=\"MsoNormal\"><span style=\"&quot;Calibri&quot;,&quot;sans-serif&quot;;\">Una di quelle donne che passando lasciano una specie di scia\u2026.un misto di mistero ed inquietudine\u2026.<\/span><\/p>\n<p class=\"MsoNormal\"><span style=\"&quot;Calibri&quot;,&quot;sans-serif&quot;;\">Ammirate e temute allo stesso tempo.<\/span><\/p>\n<p class=\"MsoNormal\"><span style=\"&quot;Calibri&quot;,&quot;sans-serif&quot;;\">Ma non lo sono affatto.<\/span><\/p>\n<p class=\"MsoNormal\"><span style=\"&quot;Calibri&quot;,&quot;sans-serif&quot;;\">Il mio volto \u00e8 uno specchio troppo pulito, mostra con troppa facilit\u00e0 le mie emozioni e questo da un lato \u00e8 una bella cosa, ma da un altro \u2026.<\/span><\/p>\n<p class=\"MsoNormal\">\u00a0<\/p>\n<p class=\"MsoNormal\"><span style=\"&quot;Calibri&quot;,&quot;sans-serif&quot;;\">\u2026 Da bambina ero carina!<\/span><\/p>\n<p class=\"MsoNormal\"><span style=\"&quot;Calibri&quot;,&quot;sans-serif&quot;;\">Tutti mi dicevano che ero carina e poi ridevano \u2026. gi\u00e0, perch\u00e9 ero carina e un po\u2019 buffa e a me piaceva esserlo. Mi \u00e8 sempre piaciuto vestire i miei panni, ma, ogni tanto, mi perdevo nei miei pensieri e viaggiavo con la fantasia vivendo avventure e vestendo altri panni\u2026.e mi sentivo bene.<\/span><\/p>\n<p class=\"MsoNormal\"><span style=\"&quot;Calibri&quot;,&quot;sans-serif&quot;;\">Perch\u00e9 mi riposavo un po\u2019.<\/span><\/p>\n<p class=\"MsoNormal\"><span style=\"&quot;Calibri&quot;,&quot;sans-serif&quot;;\">Mi riposavo da quel che ero, da quel che sono, per poi sentire nostalgia di me e ritrovarmi, con maggior piacere.<\/span><\/p>\n<p class=\"MsoNormal\">\u00a0<\/p>\n<p class=\"MsoNormal\"><span style=\"&quot;Calibri&quot;,&quot;sans-serif&quot;;\">Ecco per me il teatro \u00e8 un po\u2019 questo.<\/span><\/p>\n<p class=\"MsoNormal\"><span style=\"&quot;Calibri&quot;,&quot;sans-serif&quot;;\">La possibilit\u00e0 di perdersi e ritrovarsi.<\/span><\/p>\n<p class=\"MsoNormal\"><span style=\"&quot;Calibri&quot;,&quot;sans-serif&quot;;\">I personaggi sono i panni che puoi vestire, \u00e8 vero che le loro parole sono state scritte da altri\u2026e che \u201caltri\u201d a volte, ma \u00e8 l\u2019attore che le fa vivere.<\/span><\/p>\n<p class=\"MsoNormal\"><span style=\"&quot;Calibri&quot;,&quot;sans-serif&quot;;\">E nel farle vivere posso decidere se perdermi o trovarmi.<\/span><\/p>\n<p class=\"MsoNormal\"><span style=\"&quot;Calibri&quot;,&quot;sans-serif&quot;;\">Quanto di me regalare e quanto dimenticare.<\/span><\/p>\n<p class=\"MsoNormal\"><span style=\"&quot;Calibri&quot;,&quot;sans-serif&quot;;\">E in questo continuo equilibrio capita, a volte, una piccola grande magia\u2026..\u00e8 come se il tempo si fermasse e le parole, le azioni, le emozioni ed i pensieri si fondessero insieme e tutto mi scivolasse addosso.<\/span><\/p>\n<p class=\"MsoNormal\"><span style=\"&quot;Calibri&quot;,&quot;sans-serif&quot;;\">E mi sentissi libera.<\/span><\/p>\n<p class=\"MsoNormal\">\u00a0<\/p>\n<p class=\"MsoNormal\"><span style=\"&quot;Calibri&quot;,&quot;sans-serif&quot;;\">Nulla mi scivola addosso. Tutto mi rimane attaccato \u2026. almeno per un po\u2019, prima di andarsene.<\/span><\/p>\n<p class=\"MsoNormal\"><span style=\"&quot;Calibri&quot;,&quot;sans-serif&quot;;\">Quindi la possibilit\u00e0 dello \u201cscivolo\u201d, per me, \u00e8 un grande regalo.<\/span><\/p>\n<p class=\"MsoNormal\"><span style=\"&quot;Calibri&quot;,&quot;sans-serif&quot;;\">Un\u2019occasione da cogliere.<\/span><\/p>\n<p class=\"MsoNormal\"><span style=\"&quot;Calibri&quot;,&quot;sans-serif&quot;;\">Dopo tutto la vita \u00e8 una strada lastricata di occasioni \u2026. Ogni tanto le cogliamo, altre volte le ignoriamo, ma raramente, senza volerlo e sapere perch\u00e9, capita che ci inciampiamo \u2026.<\/span><\/p>\n<p class=\"MsoNormal\"><span style=\"&quot;Calibri&quot;,&quot;sans-serif&quot;;\">Ed io sono caduta.<\/span><\/p>\n<div class=\"pvc_clear\"><\/div>\n<p id=\"pvc_stats_4085\" class=\"pvc_stats all  \" data-element-id=\"4085\" style=\"\"><i class=\"pvc-stats-icon medium\" aria-hidden=\"true\"><svg aria-hidden=\"true\" focusable=\"false\" data-prefix=\"far\" data-icon=\"chart-bar\" role=\"img\" xmlns=\"http:\/\/www.w3.org\/2000\/svg\" viewBox=\"0 0 512 512\" class=\"svg-inline--fa fa-chart-bar fa-w-16 fa-2x\"><path fill=\"currentColor\" d=\"M396.8 352h22.4c6.4 0 12.8-6.4 12.8-12.8V108.8c0-6.4-6.4-12.8-12.8-12.8h-22.4c-6.4 0-12.8 6.4-12.8 12.8v230.4c0 6.4 6.4 12.8 12.8 12.8zm-192 0h22.4c6.4 0 12.8-6.4 12.8-12.8V140.8c0-6.4-6.4-12.8-12.8-12.8h-22.4c-6.4 0-12.8 6.4-12.8 12.8v198.4c0 6.4 6.4 12.8 12.8 12.8zm96 0h22.4c6.4 0 12.8-6.4 12.8-12.8V204.8c0-6.4-6.4-12.8-12.8-12.8h-22.4c-6.4 0-12.8 6.4-12.8 12.8v134.4c0 6.4 6.4 12.8 12.8 12.8zM496 400H48V80c0-8.84-7.16-16-16-16H16C7.16 64 0 71.16 0 80v336c0 17.67 14.33 32 32 32h464c8.84 0 16-7.16 16-16v-16c0-8.84-7.16-16-16-16zm-387.2-48h22.4c6.4 0 12.8-6.4 12.8-12.8v-70.4c0-6.4-6.4-12.8-12.8-12.8h-22.4c-6.4 0-12.8 6.4-12.8 12.8v70.4c0 6.4 6.4 12.8 12.8 12.8z\" class=\"\"><\/path><\/svg><\/i> <img loading=\"lazy\" decoding=\"async\" width=\"16\" height=\"16\" alt=\"Loading\" src=\"https:\/\/www.raccontinellarete.it\/301\/wp-content\/plugins\/page-views-count\/ajax-loader-2x.gif\" border=0 \/><\/p>\n<div class=\"pvc_clear\"><\/div>\n","protected":false},"excerpt":{"rendered":"<p>[col testo del Macbeth in mano\u2026] \u00a0 Questa donna \u00e8 un mondo. Come si fa a rappresentare un mondo? Un mondo del genere\u2026 E\u2019 cos\u00ec affascinate nella sua mostruosit\u00e0. Oltre la cattiveria. Inimmaginabile\u2026 Lei \u00e8 oltre. Io solo qui. \u00a0 Ho sempre desiderato essere una \u2018dark lady\u2019. Una di quelle donne che passando lasciano una [&hellip;]<\/p>\n<div class=\"pvc_clear\"><\/div>\n<p id=\"pvc_stats_4085\" class=\"pvc_stats all  \" data-element-id=\"4085\" style=\"\"><i class=\"pvc-stats-icon medium\" aria-hidden=\"true\"><svg aria-hidden=\"true\" focusable=\"false\" data-prefix=\"far\" data-icon=\"chart-bar\" role=\"img\" xmlns=\"http:\/\/www.w3.org\/2000\/svg\" viewBox=\"0 0 512 512\" class=\"svg-inline--fa fa-chart-bar fa-w-16 fa-2x\"><path fill=\"currentColor\" d=\"M396.8 352h22.4c6.4 0 12.8-6.4 12.8-12.8V108.8c0-6.4-6.4-12.8-12.8-12.8h-22.4c-6.4 0-12.8 6.4-12.8 12.8v230.4c0 6.4 6.4 12.8 12.8 12.8zm-192 0h22.4c6.4 0 12.8-6.4 12.8-12.8V140.8c0-6.4-6.4-12.8-12.8-12.8h-22.4c-6.4 0-12.8 6.4-12.8 12.8v198.4c0 6.4 6.4 12.8 12.8 12.8zm96 0h22.4c6.4 0 12.8-6.4 12.8-12.8V204.8c0-6.4-6.4-12.8-12.8-12.8h-22.4c-6.4 0-12.8 6.4-12.8 12.8v134.4c0 6.4 6.4 12.8 12.8 12.8zM496 400H48V80c0-8.84-7.16-16-16-16H16C7.16 64 0 71.16 0 80v336c0 17.67 14.33 32 32 32h464c8.84 0 16-7.16 16-16v-16c0-8.84-7.16-16-16-16zm-387.2-48h22.4c6.4 0 12.8-6.4 12.8-12.8v-70.4c0-6.4-6.4-12.8-12.8-12.8h-22.4c-6.4 0-12.8 6.4-12.8 12.8v70.4c0 6.4 6.4 12.8 12.8 12.8z\" class=\"\"><\/path><\/svg><\/i> <img loading=\"lazy\" decoding=\"async\" width=\"16\" height=\"16\" alt=\"Loading\" src=\"https:\/\/www.raccontinellarete.it\/301\/wp-content\/plugins\/page-views-count\/ajax-loader-2x.gif\" border=0 \/><\/p>\n<div class=\"pvc_clear\"><\/div>\n","protected":false},"author":1175,"featured_media":0,"comment_status":"open","ping_status":"closed","sticky":false,"template":"","format":"standard","meta":{"footnotes":""},"categories":[9],"tags":[],"class_list":["post-4085","post","type-post","status-publish","format-standard","hentry","category-racconti-2010"],"_links":{"self":[{"href":"https:\/\/www.raccontinellarete.it\/index.php?rest_route=\/wp\/v2\/posts\/4085"}],"collection":[{"href":"https:\/\/www.raccontinellarete.it\/index.php?rest_route=\/wp\/v2\/posts"}],"about":[{"href":"https:\/\/www.raccontinellarete.it\/index.php?rest_route=\/wp\/v2\/types\/post"}],"author":[{"embeddable":true,"href":"https:\/\/www.raccontinellarete.it\/index.php?rest_route=\/wp\/v2\/users\/1175"}],"replies":[{"embeddable":true,"href":"https:\/\/www.raccontinellarete.it\/index.php?rest_route=%2Fwp%2Fv2%2Fcomments&post=4085"}],"version-history":[{"count":0,"href":"https:\/\/www.raccontinellarete.it\/index.php?rest_route=\/wp\/v2\/posts\/4085\/revisions"}],"wp:attachment":[{"href":"https:\/\/www.raccontinellarete.it\/index.php?rest_route=%2Fwp%2Fv2%2Fmedia&parent=4085"}],"wp:term":[{"taxonomy":"category","embeddable":true,"href":"https:\/\/www.raccontinellarete.it\/index.php?rest_route=%2Fwp%2Fv2%2Fcategories&post=4085"},{"taxonomy":"post_tag","embeddable":true,"href":"https:\/\/www.raccontinellarete.it\/index.php?rest_route=%2Fwp%2Fv2%2Ftags&post=4085"}],"curies":[{"name":"wp","href":"https:\/\/api.w.org\/{rel}","templated":true}]}}