{"id":40763,"date":"2020-03-16T18:54:21","date_gmt":"2020-03-16T17:54:21","guid":{"rendered":"http:\/\/www.raccontinellarete.it\/?p=40763"},"modified":"2020-03-16T18:54:23","modified_gmt":"2020-03-16T17:54:23","slug":"i-vincitori-della-seconda-edizione-del-premio-letterario-buduar-extra","status":"publish","type":"post","link":"https:\/\/www.raccontinellarete.it\/?p=40763","title":{"rendered":"I vincitori della seconda edizione del premio letterario Budu\u00e0r Extra"},"content":{"rendered":"\n<p><br>Sul\nnumero 64 della rivista online di umorismo e satira \u201cBudu\u00e0r &#8211; L\u2019almanacco\ndell\u2019arte leggera\u201d sono stati pubblicati i racconti vincitori della seconda\nedizione del \u201cPremio Budu\u00e0r Extra\u201d. Questo mini concorso premia i cinque\nmigliori racconti brevi sulle Festivit\u00e0 Natalizie, scelti dal Comitato Centrale\ndella rivista in base all\u2019originalit\u00e0 e al giusto ritmo umoristico. Il Natale,\nil Capodanno, l\u2019Epifania, cos\u00ec ricchi di significati, storie e aneddoti,\npossono infatti offrire non pochi spunti, tanto che tra i testi pervenuti l\u2019originalit\u00e0\ne la qualit\u00e0 non sono mancate. <\/p>\n\n\n\n<p>Quest\u2019anno\ni cinque autori selezionati per la rivista sono stati: <strong>Marina Berta<\/strong> con <strong>\u201cNei panni\ndi un altro\u201d<\/strong>, <strong>Nicola Buoso<\/strong> con <strong>\u201cUn cammello in tangenziale\u201d<\/strong>, <strong>Piero Fittipaldi<\/strong> con <strong>\u201cL\u2019ispezione\u201d<\/strong>, <strong>Marco Floridia<\/strong> con <strong>\u201cMonologo\ndi Melchiorre\u201d<\/strong>, <strong>Silvia Schiavo<\/strong>\ncon <strong>\u201cTraumi epifanici\u201d<\/strong>.<\/p>\n\n\n\n<p>Il \u201cPremio Budu\u00e0r Extra\u201d nasce come estensione del gi\u00e0 conosciuto \u201cPremio Budu\u00e0r\u201d, giunto alla sua quinta edizione e che viene assegnato al miglior racconto breve umoristico nell\u2019ambito del prestigioso \u201cRacconti nella Rete\u201d, concorso letterario che si tiene ogni anno a Lucca all\u2019interno delle varie iniziative del Festival \u201cLuccAutori\u201d, creato e diretto da ventisei anni da Demetrio Brandi. <\/p>\n\n\n\n<p>Il premio \u201cExtra\u201d che viene assegnato in questa occasione \u00e8 un\u2019opportunit\u00e0 in pi\u00f9 per cimentarsi nella difficile arte del racconto umoristico.  Inoltre molti dei concorrenti hanno al loro attivo l\u2019essere stati selezionati proprio a \u201cRacconti nella Rete\u201d nelle passate edizioni, cos\u00ec come tanti autori che gi\u00e0 collaborano con la rivista, un elemento che \u00e8 sicuramente garanzia di qualit\u00e0. <\/p>\n\n\n\n<p>Il Comitato Centrale della rivista (composto da Dino Aloi, Marco De Angelis e Alessandro Prevosto) infatti \u00e8 sempre alla ricerca di eredi di Campanile, Marchesi, Metz, Guareschi, Mosca, per citare solo alcune grandi firme, ricerca che sta avendo i suoi buoni risultati. <\/p>\n\n\n\n<p>La redazione d\u00e0 a tutti i vincitori un grande benvenuto su Budu\u00e0r, sicura che questo premio e questa collaborazione daranno nuova linfa alla loro creativit\u00e0. <\/p>\n\n\n\n<figure class=\"wp-block-image\"><img loading=\"lazy\" decoding=\"async\" width=\"822\" height=\"610\" src=\"https:\/\/www.raccontinellarete.it\/301\/wp-content\/uploads\/2020\/03\/Budu\u00e0r-64-Premio-Budu\u00e0r-Extra-II-ed..jpg\" alt=\"\" class=\"wp-image-40765\" srcset=\"https:\/\/www.raccontinellarete.it\/301\/wp-content\/uploads\/2020\/03\/Budu\u00e0r-64-Premio-Budu\u00e0r-Extra-II-ed..jpg 822w, https:\/\/www.raccontinellarete.it\/301\/wp-content\/uploads\/2020\/03\/Budu\u00e0r-64-Premio-Budu\u00e0r-Extra-II-ed.-337x250.jpg 337w, https:\/\/www.raccontinellarete.it\/301\/wp-content\/uploads\/2020\/03\/Budu\u00e0r-64-Premio-Budu\u00e0r-Extra-II-ed.-768x570.jpg 768w\" sizes=\"(max-width: 822px) 100vw, 822px\" \/><\/figure>\n<div class=\"pvc_clear\"><\/div><p id=\"pvc_stats_40763\" class=\"pvc_stats all  \" data-element-id=\"40763\" style=\"\"><i class=\"pvc-stats-icon medium\" aria-hidden=\"true\"><svg aria-hidden=\"true\" focusable=\"false\" data-prefix=\"far\" data-icon=\"chart-bar\" role=\"img\" xmlns=\"http:\/\/www.w3.org\/2000\/svg\" viewBox=\"0 0 512 512\" class=\"svg-inline--fa fa-chart-bar fa-w-16 fa-2x\"><path fill=\"currentColor\" d=\"M396.8 352h22.4c6.4 0 12.8-6.4 12.8-12.8V108.8c0-6.4-6.4-12.8-12.8-12.8h-22.4c-6.4 0-12.8 6.4-12.8 12.8v230.4c0 6.4 6.4 12.8 12.8 12.8zm-192 0h22.4c6.4 0 12.8-6.4 12.8-12.8V140.8c0-6.4-6.4-12.8-12.8-12.8h-22.4c-6.4 0-12.8 6.4-12.8 12.8v198.4c0 6.4 6.4 12.8 12.8 12.8zm96 0h22.4c6.4 0 12.8-6.4 12.8-12.8V204.8c0-6.4-6.4-12.8-12.8-12.8h-22.4c-6.4 0-12.8 6.4-12.8 12.8v134.4c0 6.4 6.4 12.8 12.8 12.8zM496 400H48V80c0-8.84-7.16-16-16-16H16C7.16 64 0 71.16 0 80v336c0 17.67 14.33 32 32 32h464c8.84 0 16-7.16 16-16v-16c0-8.84-7.16-16-16-16zm-387.2-48h22.4c6.4 0 12.8-6.4 12.8-12.8v-70.4c0-6.4-6.4-12.8-12.8-12.8h-22.4c-6.4 0-12.8 6.4-12.8 12.8v70.4c0 6.4 6.4 12.8 12.8 12.8z\" class=\"\"><\/path><\/svg><\/i> <img loading=\"lazy\" decoding=\"async\" width=\"16\" height=\"16\" alt=\"Loading\" src=\"https:\/\/www.raccontinellarete.it\/301\/wp-content\/plugins\/page-views-count\/ajax-loader-2x.gif\" border=0 \/><\/p><div class=\"pvc_clear\"><\/div>","protected":false},"excerpt":{"rendered":"<p>Sul numero 64 della rivista online di umorismo e satira \u201cBudu\u00e0r &#8211; L\u2019almanacco dell\u2019arte leggera\u201d sono stati pubblicati i racconti vincitori della seconda edizione del \u201cPremio Budu\u00e0r Extra\u201d. Questo mini concorso premia i cinque migliori racconti brevi sulle Festivit\u00e0 Natalizie, scelti dal Comitato Centrale della rivista in base all\u2019originalit\u00e0 e al giusto ritmo umoristico. Il [&hellip;]<\/p>\n<div class=\"pvc_clear\"><\/div>\n<p id=\"pvc_stats_40763\" class=\"pvc_stats all  \" data-element-id=\"40763\" style=\"\"><i class=\"pvc-stats-icon medium\" aria-hidden=\"true\"><svg aria-hidden=\"true\" focusable=\"false\" data-prefix=\"far\" data-icon=\"chart-bar\" role=\"img\" xmlns=\"http:\/\/www.w3.org\/2000\/svg\" viewBox=\"0 0 512 512\" class=\"svg-inline--fa fa-chart-bar fa-w-16 fa-2x\"><path fill=\"currentColor\" d=\"M396.8 352h22.4c6.4 0 12.8-6.4 12.8-12.8V108.8c0-6.4-6.4-12.8-12.8-12.8h-22.4c-6.4 0-12.8 6.4-12.8 12.8v230.4c0 6.4 6.4 12.8 12.8 12.8zm-192 0h22.4c6.4 0 12.8-6.4 12.8-12.8V140.8c0-6.4-6.4-12.8-12.8-12.8h-22.4c-6.4 0-12.8 6.4-12.8 12.8v198.4c0 6.4 6.4 12.8 12.8 12.8zm96 0h22.4c6.4 0 12.8-6.4 12.8-12.8V204.8c0-6.4-6.4-12.8-12.8-12.8h-22.4c-6.4 0-12.8 6.4-12.8 12.8v134.4c0 6.4 6.4 12.8 12.8 12.8zM496 400H48V80c0-8.84-7.16-16-16-16H16C7.16 64 0 71.16 0 80v336c0 17.67 14.33 32 32 32h464c8.84 0 16-7.16 16-16v-16c0-8.84-7.16-16-16-16zm-387.2-48h22.4c6.4 0 12.8-6.4 12.8-12.8v-70.4c0-6.4-6.4-12.8-12.8-12.8h-22.4c-6.4 0-12.8 6.4-12.8 12.8v70.4c0 6.4 6.4 12.8 12.8 12.8z\" class=\"\"><\/path><\/svg><\/i> <img loading=\"lazy\" decoding=\"async\" width=\"16\" height=\"16\" alt=\"Loading\" src=\"https:\/\/www.raccontinellarete.it\/301\/wp-content\/plugins\/page-views-count\/ajax-loader-2x.gif\" border=0 \/><\/p>\n<div class=\"pvc_clear\"><\/div>\n","protected":false},"author":3,"featured_media":40765,"comment_status":"open","ping_status":"closed","sticky":false,"template":"","format":"standard","meta":{"footnotes":""},"categories":[87,5],"tags":[],"class_list":["post-40763","post","type-post","status-publish","format-standard","has-post-thumbnail","hentry","category-comunicato-stampa","category-racconti-nella-rete"],"_links":{"self":[{"href":"https:\/\/www.raccontinellarete.it\/index.php?rest_route=\/wp\/v2\/posts\/40763"}],"collection":[{"href":"https:\/\/www.raccontinellarete.it\/index.php?rest_route=\/wp\/v2\/posts"}],"about":[{"href":"https:\/\/www.raccontinellarete.it\/index.php?rest_route=\/wp\/v2\/types\/post"}],"author":[{"embeddable":true,"href":"https:\/\/www.raccontinellarete.it\/index.php?rest_route=\/wp\/v2\/users\/3"}],"replies":[{"embeddable":true,"href":"https:\/\/www.raccontinellarete.it\/index.php?rest_route=%2Fwp%2Fv2%2Fcomments&post=40763"}],"version-history":[{"count":1,"href":"https:\/\/www.raccontinellarete.it\/index.php?rest_route=\/wp\/v2\/posts\/40763\/revisions"}],"predecessor-version":[{"id":40766,"href":"https:\/\/www.raccontinellarete.it\/index.php?rest_route=\/wp\/v2\/posts\/40763\/revisions\/40766"}],"wp:featuredmedia":[{"embeddable":true,"href":"https:\/\/www.raccontinellarete.it\/index.php?rest_route=\/wp\/v2\/media\/40765"}],"wp:attachment":[{"href":"https:\/\/www.raccontinellarete.it\/index.php?rest_route=%2Fwp%2Fv2%2Fmedia&parent=40763"}],"wp:term":[{"taxonomy":"category","embeddable":true,"href":"https:\/\/www.raccontinellarete.it\/index.php?rest_route=%2Fwp%2Fv2%2Fcategories&post=40763"},{"taxonomy":"post_tag","embeddable":true,"href":"https:\/\/www.raccontinellarete.it\/index.php?rest_route=%2Fwp%2Fv2%2Ftags&post=40763"}],"curies":[{"name":"wp","href":"https:\/\/api.w.org\/{rel}","templated":true}]}}