{"id":40718,"date":"2020-03-08T19:35:14","date_gmt":"2020-03-08T18:35:14","guid":{"rendered":"http:\/\/www.raccontinellarete.it\/?p=40718"},"modified":"2020-03-11T17:32:49","modified_gmt":"2020-03-11T16:32:49","slug":"massimo-cavezzali-firma-la-copertina-dellantologia-racconti-nella-rete-2020","status":"publish","type":"post","link":"https:\/\/www.raccontinellarete.it\/?p=40718","title":{"rendered":"Massimo Cavezzali firma la copertina dell&#8217;antologia Racconti nella Rete 2020"},"content":{"rendered":"\n<p>E\u2019 del celebre fumettista Massimo Cavezzali l\u2019immagine di copertina dell\u2019antologia 2020 di Racconti nella Rete edita da Castelvecchi.  <\/p>\n\n\n\n<figure class=\"wp-block-image\"><img loading=\"lazy\" decoding=\"async\" width=\"733\" height=\"1024\" src=\"https:\/\/www.raccontinellarete.it\/301\/wp-content\/uploads\/2020\/03\/20200306_095149-733x1024.jpg\" alt=\"\" class=\"wp-image-40719\" srcset=\"https:\/\/www.raccontinellarete.it\/301\/wp-content\/uploads\/2020\/03\/20200306_095149-733x1024.jpg 733w, https:\/\/www.raccontinellarete.it\/301\/wp-content\/uploads\/2020\/03\/20200306_095149-179x250.jpg 179w, https:\/\/www.raccontinellarete.it\/301\/wp-content\/uploads\/2020\/03\/20200306_095149-768x1073.jpg 768w\" sizes=\"(max-width: 733px) 100vw, 733px\" \/><\/figure>\n\n\n\n<p>L\u2019antologia uscir\u00e0 a settembre e raccoglier\u00e0 i 25 racconti vincitori. Il pi\u00f9 importante premio letterario sul web dedicato ai racconti brevi, racconti per bambini e soggetti per cortometraggi, rende omaggio alle abilit\u00e0 artistiche di uno dei pi\u00f9 famosi fumettisti italiani. &nbsp; La diciannovesima edizione del premio letterario Racconti nella Rete si sviluppa fino al 31 maggio, termine ultimo per partecipare al concorso, nel sito <a href=\"www.raccontinellarete.it\">www.raccontinellarete.it<\/a>. <\/p>\n\n\n\n<p>Qui gli scrittori possono pubblicare i loro racconti oltre che leggerli e commentarli.   Il concorso \u00e8  una vetrina d\u2019autore. Possono partecipare al premio tutti coloro che hanno un racconto inedito, oppure un soggetto per la sezione corti. Numerosi sono gli appuntamenti con il premio e gli scrittori fissati nelle pi\u00f9 importanti citt\u00e0 italiane. &nbsp; <\/p>\n\n\n\n<p>Gli autori fino ai 25 anni di et\u00e0 potranno usufruire di uno sconto sulla quota di partecipazione al premio 2020 \u2013 sezioni racconti e corti.  Baster\u00e0 segnalare la vostra adesione con una email indirizzata a <a href=\"mailto:info@raccontinellarete.it\">info@raccontinellarete.it<\/a> . \u201cQuesta agevolazione\u201d \u2013 dice Demetrio Brandi, presidente del Premio \u2013 \u201c\u00e8 rivolta ai giovani talenti letterari, uno stimolo in pi\u00f9 per farli partecipare ad una vetrina sempre pi\u00f9 importante per gli autori emergenti.  Molti tra gli autori pubblicati in questi anni nelle antologie  hanno ottenuto  brillanti risultati in campo letterario.\u201d &nbsp; <\/p>\n\n\n\n<p>Per partecipare basta registrarsi e leggere il regolamento pubblicato nel sito <a href=\"www.raccontinellarete.it\">www.raccontinellarete.it<\/a>. Il racconto, a tema libero, non dovr\u00e0 superare le cinque cartelle di testo: se l\u2019elaborato sar\u00e0 ritenuto interessante verr\u00e0 subito inserito nel sito. Il termine ultimo ed improrogabile per l\u2019invio del materiale \u00e8 fissato al 31 maggio 2020.  I venticinque racconti scelti dalla giuria tecnica saranno inseriti nell\u2019antologia \u201cRacconti nella Rete \u201d edita da Castelvecchi. La prefazione sar\u00e0 realizzata dal giornalista <strong>Marco De Angelis<\/strong>. <\/p>\n\n\n\n<p>Tra i racconti selezionati anche un testo umoristico che sar\u00e0 premiato dal giornale \u201cBudu\u00e0r\u201d.  Un premio sar\u00e0 assegnato da AIDR associazione italiana digital revolution allo scrittore o scrittrice pi\u00f9 giovane tra i vincitori.  La presentazione in anteprima dell\u2019antologia avverr\u00e0 insieme alla proiezione del cortometraggio vincitore della sezione Corti in occasione del 26\u00b0 festival letterario LuccAutori in programma a Lucca nel mese di ottobre. &nbsp; <\/p>\n\n\n\n<p><strong>Massimo Cavezzali<\/strong>  \u00e8 un fumettista italiano. Fra i suoi fumetti pi\u00f9 noti vi sono Ava, Kika e la biografia a fumetti di Vasco Rossi.  Nato a Ravenna nel 1950, si trasferisce sin da giovane a Firenze, citt\u00e0 in cui tuttora risiede e lavora. Inizia a pubblicare fumetti sulla rivista Il mago, continuando poi a pubblicare storie e strisce apparse, negli anni ottanta e anni novanta, sulle pi\u00f9 svariate pubblicazioni: da riviste di fumetti quali Il Grifo, Comix e Lupo Alberto a giornali di attualit\u00e0 come Tutto e Musica, inserto settimanale de La Repubblica, per il quale ha realizzato dei ritratti-caricatura di cantanti famosi. Assieme ad altri giovani autori dell&#8217;epoca, inoltre, tra la fine degli anni &#8217;80 ed i primi anni &#8217;90 pubblica i suoi fumetti in riviste specializzate quali Hey Rock (editore Coniglio) sulla quale vengono pubblicate le omonime strisce, Animal Comic e Cuori Solitari (ACME editore) ed altre. Recentemente \u00e8 inoltre stato pubblicato, sempre per l&#8217;editore Coniglio, Ogni volta che sono Vasco, volume monografico che racconta una versione ironica della biografia del celebre cantante Rock Vasco Rossi. &nbsp; &nbsp; <\/p>\n\n\n\n<p>Per informazioni  Associazioni Culturale LuccAutori  tel. 0584.961169 <a href=\"mailto:info@raccontinellarete.it\">info@raccontinellarete.it <\/a><\/p>\n\n\n\n<figure class=\"wp-block-image\"><img loading=\"lazy\" decoding=\"async\" width=\"732\" height=\"1024\" src=\"https:\/\/www.raccontinellarete.it\/301\/wp-content\/uploads\/2020\/03\/racconti-nella-rete-2020-1-732x1024.jpg\" alt=\"\" class=\"wp-image-40720\" srcset=\"https:\/\/www.raccontinellarete.it\/301\/wp-content\/uploads\/2020\/03\/racconti-nella-rete-2020-1-732x1024.jpg 732w, https:\/\/www.raccontinellarete.it\/301\/wp-content\/uploads\/2020\/03\/racconti-nella-rete-2020-1-179x250.jpg 179w, https:\/\/www.raccontinellarete.it\/301\/wp-content\/uploads\/2020\/03\/racconti-nella-rete-2020-1-768x1075.jpg 768w, https:\/\/www.raccontinellarete.it\/301\/wp-content\/uploads\/2020\/03\/racconti-nella-rete-2020-1.jpg 1772w\" sizes=\"(max-width: 732px) 100vw, 732px\" \/><\/figure>\n\n\n\n<p><\/p>\n<div class=\"pvc_clear\"><\/div><p id=\"pvc_stats_40718\" class=\"pvc_stats all  \" data-element-id=\"40718\" style=\"\"><i class=\"pvc-stats-icon medium\" aria-hidden=\"true\"><svg aria-hidden=\"true\" focusable=\"false\" data-prefix=\"far\" data-icon=\"chart-bar\" role=\"img\" xmlns=\"http:\/\/www.w3.org\/2000\/svg\" viewBox=\"0 0 512 512\" class=\"svg-inline--fa fa-chart-bar fa-w-16 fa-2x\"><path fill=\"currentColor\" d=\"M396.8 352h22.4c6.4 0 12.8-6.4 12.8-12.8V108.8c0-6.4-6.4-12.8-12.8-12.8h-22.4c-6.4 0-12.8 6.4-12.8 12.8v230.4c0 6.4 6.4 12.8 12.8 12.8zm-192 0h22.4c6.4 0 12.8-6.4 12.8-12.8V140.8c0-6.4-6.4-12.8-12.8-12.8h-22.4c-6.4 0-12.8 6.4-12.8 12.8v198.4c0 6.4 6.4 12.8 12.8 12.8zm96 0h22.4c6.4 0 12.8-6.4 12.8-12.8V204.8c0-6.4-6.4-12.8-12.8-12.8h-22.4c-6.4 0-12.8 6.4-12.8 12.8v134.4c0 6.4 6.4 12.8 12.8 12.8zM496 400H48V80c0-8.84-7.16-16-16-16H16C7.16 64 0 71.16 0 80v336c0 17.67 14.33 32 32 32h464c8.84 0 16-7.16 16-16v-16c0-8.84-7.16-16-16-16zm-387.2-48h22.4c6.4 0 12.8-6.4 12.8-12.8v-70.4c0-6.4-6.4-12.8-12.8-12.8h-22.4c-6.4 0-12.8 6.4-12.8 12.8v70.4c0 6.4 6.4 12.8 12.8 12.8z\" class=\"\"><\/path><\/svg><\/i> <img loading=\"lazy\" decoding=\"async\" width=\"16\" height=\"16\" alt=\"Loading\" src=\"https:\/\/www.raccontinellarete.it\/301\/wp-content\/plugins\/page-views-count\/ajax-loader-2x.gif\" border=0 \/><\/p><div class=\"pvc_clear\"><\/div>","protected":false},"excerpt":{"rendered":"<p>E\u2019 del celebre fumettista Massimo Cavezzali l\u2019immagine di copertina dell\u2019antologia 2020 di Racconti nella Rete edita da Castelvecchi. L\u2019antologia uscir\u00e0 a settembre e raccoglier\u00e0 i 25 racconti vincitori. Il pi\u00f9 importante premio letterario sul web dedicato ai racconti brevi, racconti per bambini e soggetti per cortometraggi, rende omaggio alle abilit\u00e0 artistiche di uno dei pi\u00f9 [&hellip;]<\/p>\n<div class=\"pvc_clear\"><\/div>\n<p id=\"pvc_stats_40718\" class=\"pvc_stats all  \" data-element-id=\"40718\" style=\"\"><i class=\"pvc-stats-icon medium\" aria-hidden=\"true\"><svg aria-hidden=\"true\" focusable=\"false\" data-prefix=\"far\" data-icon=\"chart-bar\" role=\"img\" xmlns=\"http:\/\/www.w3.org\/2000\/svg\" viewBox=\"0 0 512 512\" class=\"svg-inline--fa fa-chart-bar fa-w-16 fa-2x\"><path fill=\"currentColor\" d=\"M396.8 352h22.4c6.4 0 12.8-6.4 12.8-12.8V108.8c0-6.4-6.4-12.8-12.8-12.8h-22.4c-6.4 0-12.8 6.4-12.8 12.8v230.4c0 6.4 6.4 12.8 12.8 12.8zm-192 0h22.4c6.4 0 12.8-6.4 12.8-12.8V140.8c0-6.4-6.4-12.8-12.8-12.8h-22.4c-6.4 0-12.8 6.4-12.8 12.8v198.4c0 6.4 6.4 12.8 12.8 12.8zm96 0h22.4c6.4 0 12.8-6.4 12.8-12.8V204.8c0-6.4-6.4-12.8-12.8-12.8h-22.4c-6.4 0-12.8 6.4-12.8 12.8v134.4c0 6.4 6.4 12.8 12.8 12.8zM496 400H48V80c0-8.84-7.16-16-16-16H16C7.16 64 0 71.16 0 80v336c0 17.67 14.33 32 32 32h464c8.84 0 16-7.16 16-16v-16c0-8.84-7.16-16-16-16zm-387.2-48h22.4c6.4 0 12.8-6.4 12.8-12.8v-70.4c0-6.4-6.4-12.8-12.8-12.8h-22.4c-6.4 0-12.8 6.4-12.8 12.8v70.4c0 6.4 6.4 12.8 12.8 12.8z\" class=\"\"><\/path><\/svg><\/i> <img loading=\"lazy\" decoding=\"async\" width=\"16\" height=\"16\" alt=\"Loading\" src=\"https:\/\/www.raccontinellarete.it\/301\/wp-content\/plugins\/page-views-count\/ajax-loader-2x.gif\" border=0 \/><\/p>\n<div class=\"pvc_clear\"><\/div>\n","protected":false},"author":3,"featured_media":40723,"comment_status":"open","ping_status":"closed","sticky":false,"template":"","format":"standard","meta":{"footnotes":""},"categories":[87,5],"tags":[],"class_list":["post-40718","post","type-post","status-publish","format-standard","has-post-thumbnail","hentry","category-comunicato-stampa","category-racconti-nella-rete"],"_links":{"self":[{"href":"https:\/\/www.raccontinellarete.it\/index.php?rest_route=\/wp\/v2\/posts\/40718"}],"collection":[{"href":"https:\/\/www.raccontinellarete.it\/index.php?rest_route=\/wp\/v2\/posts"}],"about":[{"href":"https:\/\/www.raccontinellarete.it\/index.php?rest_route=\/wp\/v2\/types\/post"}],"author":[{"embeddable":true,"href":"https:\/\/www.raccontinellarete.it\/index.php?rest_route=\/wp\/v2\/users\/3"}],"replies":[{"embeddable":true,"href":"https:\/\/www.raccontinellarete.it\/index.php?rest_route=%2Fwp%2Fv2%2Fcomments&post=40718"}],"version-history":[{"count":3,"href":"https:\/\/www.raccontinellarete.it\/index.php?rest_route=\/wp\/v2\/posts\/40718\/revisions"}],"predecessor-version":[{"id":40740,"href":"https:\/\/www.raccontinellarete.it\/index.php?rest_route=\/wp\/v2\/posts\/40718\/revisions\/40740"}],"wp:featuredmedia":[{"embeddable":true,"href":"https:\/\/www.raccontinellarete.it\/index.php?rest_route=\/wp\/v2\/media\/40723"}],"wp:attachment":[{"href":"https:\/\/www.raccontinellarete.it\/index.php?rest_route=%2Fwp%2Fv2%2Fmedia&parent=40718"}],"wp:term":[{"taxonomy":"category","embeddable":true,"href":"https:\/\/www.raccontinellarete.it\/index.php?rest_route=%2Fwp%2Fv2%2Fcategories&post=40718"},{"taxonomy":"post_tag","embeddable":true,"href":"https:\/\/www.raccontinellarete.it\/index.php?rest_route=%2Fwp%2Fv2%2Ftags&post=40718"}],"curies":[{"name":"wp","href":"https:\/\/api.w.org\/{rel}","templated":true}]}}