{"id":40588,"date":"2020-02-29T13:16:17","date_gmt":"2020-02-29T12:16:17","guid":{"rendered":"http:\/\/www.raccontinellarete.it\/?p=40588"},"modified":"2020-02-29T19:28:48","modified_gmt":"2020-02-29T18:28:48","slug":"domenica-1-marzo-autori-allagora-con-mariolina-venezia","status":"publish","type":"post","link":"https:\/\/www.raccontinellarete.it\/?p=40588","title":{"rendered":"Domenica 1 marzo Autori all&#8217;Agor\u00e0 con Mariolina Venezia"},"content":{"rendered":"\n<p>Lucca &#8211; DOMENICA 1 MARZO alle  18.00 all&#8217;Auditorium della Biblioteca Agor\u00e0 &#8211; piazza dei Servi &nbsp;<strong> MARIOLINA VENEZIA presenta &#8220;VIA DEL RISCATTO<\/strong>&#8221;  Imma Tataranni e le incognite del futuro  (Einaudi). <\/p>\n\n\n\n<figure class=\"wp-block-image\"><img loading=\"lazy\" decoding=\"async\" width=\"662\" height=\"1024\" src=\"https:\/\/www.raccontinellarete.it\/301\/wp-content\/uploads\/2020\/02\/cover-662x1024.jpg\" alt=\"\" class=\"wp-image-40589\" srcset=\"https:\/\/www.raccontinellarete.it\/301\/wp-content\/uploads\/2020\/02\/cover-662x1024.jpg 662w, https:\/\/www.raccontinellarete.it\/301\/wp-content\/uploads\/2020\/02\/cover-162x250.jpg 162w, https:\/\/www.raccontinellarete.it\/301\/wp-content\/uploads\/2020\/02\/cover-768x1189.jpg 768w, https:\/\/www.raccontinellarete.it\/301\/wp-content\/uploads\/2020\/02\/cover.jpg 1400w\" sizes=\"(max-width: 662px) 100vw, 662px\" \/><\/figure>\n\n\n\n<p>Dialogano con l&#8217;autrice Demetrio Brandi e Elena Marchini.  Ingresso libero fino ad esaurimento posti.<\/p>\n\n\n\n<p>L&#8217;incontro fa parte della rassegna AUTORI ALL&#8217;AGORA&#8217; a cura di LuccAutori e Biblioteca Agor\u00e0.   <\/p>\n\n\n\n<figure class=\"wp-block-image\"><img loading=\"lazy\" decoding=\"async\" width=\"724\" height=\"1024\" src=\"https:\/\/www.raccontinellarete.it\/301\/wp-content\/uploads\/2020\/02\/AUTORI-ALLAGORA-1.03-724x1024.png\" alt=\"\" class=\"wp-image-40590\" srcset=\"https:\/\/www.raccontinellarete.it\/301\/wp-content\/uploads\/2020\/02\/AUTORI-ALLAGORA-1.03-724x1024.png 724w, https:\/\/www.raccontinellarete.it\/301\/wp-content\/uploads\/2020\/02\/AUTORI-ALLAGORA-1.03-177x250.png 177w, https:\/\/www.raccontinellarete.it\/301\/wp-content\/uploads\/2020\/02\/AUTORI-ALLAGORA-1.03-768x1086.png 768w, https:\/\/www.raccontinellarete.it\/301\/wp-content\/uploads\/2020\/02\/AUTORI-ALLAGORA-1.03.png 1122w\" sizes=\"(max-width: 724px) 100vw, 724px\" \/><\/figure>\n\n\n\n<p>Ma cos\u2019ha di eccezionale Imma Tataranni, croce e delizia della Procura di Matera? Semplice! \u00c8 una donna normale. Questa volta, a far ticchettare il suo tacco dodici sono una femme fatale dal profumo conturbante, due fratelli coltelli e una simpatica vecchia canaglia. Tra le mura di palazzo Sinagra giace il cadavere di un agente immobiliare, Antonello Ribba. Chi l\u2019ha ucciso? Difficile essere sicuri di qualcosa, in un luogo popolato di antichi fantasmi come i Sassi di Matera. Tutto sembra inafferrabile, da quelle parti perfino la speculazione edilizia assume contorni quasi kafkiani. Quel che \u00e8 certo \u00e8 che ci sono in ballo sentimenti estremi, nei quali la nostra Piemme si identifica pericolosamente. Ma se il suo tribunale interno la dichiara colpevole, e lei si sente per un attimo un\u2019Anna Karenina in salsa materana\u2026 non ha nessuna intenzione di gettarsi sotto un treno! &nbsp; In un palazzo disabitato dalle parti di via del Riscatto, nell\u2019inquietante stanza rossa decorata con i vizi capitali, viene trovato il cadavere di un agente immobiliare. L\u2019indagine questa volta si snoda proprio nel cuore dei Sassi, fra antichi monasteri, madonne bizantine, grotte e mura seicentesche. Al quarto appuntamento, Imma Tataranni \u00e8 pi\u00fa insofferente e peggio vestita che mai. Con lei ritroviamo la colorata trib\u00fa che sempre l\u2019accompagna. La suocera, che giocher\u00e0 un ruolo nell\u2019indagine, sperando di conquistare terreno nella Matera bene. La cognata, che sente i fantasmi. E il marito Pietro, che ha tanta pazienza, ma prima o poi la potrebbe perdere. Come in una partita a poker, la Piemme materana in tacco dodici dovr\u00e0 capire, fra i tanti sospettati, chi \u00e8 che bluffa. Ma anche tenere a bada il bel maresciallo Calogiuri, che sentendosi trattato come un toy boy le fa imbarazzanti scenate di gelosia. Per non parlare di sua figlia Valentina, che abbraccia ideologie estreme, e potrebbe mettere nei guai anche lei. In una Matera sospesa fra riscatto e speculazione edilizia, c\u2019\u00e8 chi si abbandona all\u2019autocelebrazione, e chi sviluppa per la stessa un\u2019antipatia tale da poter indurre all\u2019omicidio\u2026 &nbsp; <\/p>\n\n\n\n<figure class=\"wp-block-image\"><img decoding=\"async\" src=\"https:\/\/www.raccontinellarete.it\/301\/wp-content\/uploads\/2020\/02\/Mariolina_Venezia_-foto-di-nico-tucci-1.jpeg\" alt=\"\" class=\"wp-image-40591\"\/><figcaption>foto sulla mano<\/figcaption><\/figure>\n\n\n\n<p><strong>Mariolina Venezia<\/strong> \u00e8 nata a Matera. Attualmente vive a Roma, dove lavora per teatro, cinema e televisione. Ha pubblicato alcuni libri di poesie in Francia e, per Einaudi, i romanzi Mille anni che sto qui, vincitore del Premio Campiello 2007, Come piante tra i sassi (2009 e 2018), la raccolta di racconti Altri miracoli (Theoria 1998, Einaudi 2009), Da dove viene il vento (2011), Maltempo (2013 e 2018), Rione Serra Venerd\u00ec (2018) e Via del Riscatto (2019). Dai gialli di Imma Tataranni \u00e8 in produzione una serie televisiva per Rai 1. &nbsp;  <\/p>\n<div class=\"pvc_clear\"><\/div><p id=\"pvc_stats_40588\" class=\"pvc_stats all  \" data-element-id=\"40588\" style=\"\"><i class=\"pvc-stats-icon medium\" aria-hidden=\"true\"><svg aria-hidden=\"true\" focusable=\"false\" data-prefix=\"far\" data-icon=\"chart-bar\" role=\"img\" xmlns=\"http:\/\/www.w3.org\/2000\/svg\" viewBox=\"0 0 512 512\" class=\"svg-inline--fa fa-chart-bar fa-w-16 fa-2x\"><path fill=\"currentColor\" d=\"M396.8 352h22.4c6.4 0 12.8-6.4 12.8-12.8V108.8c0-6.4-6.4-12.8-12.8-12.8h-22.4c-6.4 0-12.8 6.4-12.8 12.8v230.4c0 6.4 6.4 12.8 12.8 12.8zm-192 0h22.4c6.4 0 12.8-6.4 12.8-12.8V140.8c0-6.4-6.4-12.8-12.8-12.8h-22.4c-6.4 0-12.8 6.4-12.8 12.8v198.4c0 6.4 6.4 12.8 12.8 12.8zm96 0h22.4c6.4 0 12.8-6.4 12.8-12.8V204.8c0-6.4-6.4-12.8-12.8-12.8h-22.4c-6.4 0-12.8 6.4-12.8 12.8v134.4c0 6.4 6.4 12.8 12.8 12.8zM496 400H48V80c0-8.84-7.16-16-16-16H16C7.16 64 0 71.16 0 80v336c0 17.67 14.33 32 32 32h464c8.84 0 16-7.16 16-16v-16c0-8.84-7.16-16-16-16zm-387.2-48h22.4c6.4 0 12.8-6.4 12.8-12.8v-70.4c0-6.4-6.4-12.8-12.8-12.8h-22.4c-6.4 0-12.8 6.4-12.8 12.8v70.4c0 6.4 6.4 12.8 12.8 12.8z\" class=\"\"><\/path><\/svg><\/i> <img loading=\"lazy\" decoding=\"async\" width=\"16\" height=\"16\" alt=\"Loading\" src=\"https:\/\/www.raccontinellarete.it\/301\/wp-content\/plugins\/page-views-count\/ajax-loader-2x.gif\" border=0 \/><\/p><div class=\"pvc_clear\"><\/div>","protected":false},"excerpt":{"rendered":"<p>Lucca &#8211; DOMENICA 1 MARZO alle 18.00 all&#8217;Auditorium della Biblioteca Agor\u00e0 &#8211; piazza dei Servi &nbsp; MARIOLINA VENEZIA presenta &#8220;VIA DEL RISCATTO&#8221; Imma Tataranni e le incognite del futuro (Einaudi). Dialogano con l&#8217;autrice Demetrio Brandi e Elena Marchini. Ingresso libero fino ad esaurimento posti. L&#8217;incontro fa parte della rassegna AUTORI ALL&#8217;AGORA&#8217; a cura di LuccAutori [&hellip;]<\/p>\n<div class=\"pvc_clear\"><\/div>\n<p id=\"pvc_stats_40588\" class=\"pvc_stats all  \" data-element-id=\"40588\" style=\"\"><i class=\"pvc-stats-icon medium\" aria-hidden=\"true\"><svg aria-hidden=\"true\" focusable=\"false\" data-prefix=\"far\" data-icon=\"chart-bar\" role=\"img\" xmlns=\"http:\/\/www.w3.org\/2000\/svg\" viewBox=\"0 0 512 512\" class=\"svg-inline--fa fa-chart-bar fa-w-16 fa-2x\"><path fill=\"currentColor\" d=\"M396.8 352h22.4c6.4 0 12.8-6.4 12.8-12.8V108.8c0-6.4-6.4-12.8-12.8-12.8h-22.4c-6.4 0-12.8 6.4-12.8 12.8v230.4c0 6.4 6.4 12.8 12.8 12.8zm-192 0h22.4c6.4 0 12.8-6.4 12.8-12.8V140.8c0-6.4-6.4-12.8-12.8-12.8h-22.4c-6.4 0-12.8 6.4-12.8 12.8v198.4c0 6.4 6.4 12.8 12.8 12.8zm96 0h22.4c6.4 0 12.8-6.4 12.8-12.8V204.8c0-6.4-6.4-12.8-12.8-12.8h-22.4c-6.4 0-12.8 6.4-12.8 12.8v134.4c0 6.4 6.4 12.8 12.8 12.8zM496 400H48V80c0-8.84-7.16-16-16-16H16C7.16 64 0 71.16 0 80v336c0 17.67 14.33 32 32 32h464c8.84 0 16-7.16 16-16v-16c0-8.84-7.16-16-16-16zm-387.2-48h22.4c6.4 0 12.8-6.4 12.8-12.8v-70.4c0-6.4-6.4-12.8-12.8-12.8h-22.4c-6.4 0-12.8 6.4-12.8 12.8v70.4c0 6.4 6.4 12.8 12.8 12.8z\" class=\"\"><\/path><\/svg><\/i> <img loading=\"lazy\" decoding=\"async\" width=\"16\" height=\"16\" alt=\"Loading\" src=\"https:\/\/www.raccontinellarete.it\/301\/wp-content\/plugins\/page-views-count\/ajax-loader-2x.gif\" border=0 \/><\/p>\n<div class=\"pvc_clear\"><\/div>\n","protected":false},"author":3,"featured_media":0,"comment_status":"open","ping_status":"closed","sticky":false,"template":"","format":"standard","meta":{"footnotes":""},"categories":[87,547,5],"tags":[],"class_list":["post-40588","post","type-post","status-publish","format-standard","hentry","category-comunicato-stampa","category-f-o-r-u-m","category-racconti-nella-rete"],"_links":{"self":[{"href":"https:\/\/www.raccontinellarete.it\/index.php?rest_route=\/wp\/v2\/posts\/40588"}],"collection":[{"href":"https:\/\/www.raccontinellarete.it\/index.php?rest_route=\/wp\/v2\/posts"}],"about":[{"href":"https:\/\/www.raccontinellarete.it\/index.php?rest_route=\/wp\/v2\/types\/post"}],"author":[{"embeddable":true,"href":"https:\/\/www.raccontinellarete.it\/index.php?rest_route=\/wp\/v2\/users\/3"}],"replies":[{"embeddable":true,"href":"https:\/\/www.raccontinellarete.it\/index.php?rest_route=%2Fwp%2Fv2%2Fcomments&post=40588"}],"version-history":[{"count":2,"href":"https:\/\/www.raccontinellarete.it\/index.php?rest_route=\/wp\/v2\/posts\/40588\/revisions"}],"predecessor-version":[{"id":40594,"href":"https:\/\/www.raccontinellarete.it\/index.php?rest_route=\/wp\/v2\/posts\/40588\/revisions\/40594"}],"wp:attachment":[{"href":"https:\/\/www.raccontinellarete.it\/index.php?rest_route=%2Fwp%2Fv2%2Fmedia&parent=40588"}],"wp:term":[{"taxonomy":"category","embeddable":true,"href":"https:\/\/www.raccontinellarete.it\/index.php?rest_route=%2Fwp%2Fv2%2Fcategories&post=40588"},{"taxonomy":"post_tag","embeddable":true,"href":"https:\/\/www.raccontinellarete.it\/index.php?rest_route=%2Fwp%2Fv2%2Ftags&post=40588"}],"curies":[{"name":"wp","href":"https:\/\/api.w.org\/{rel}","templated":true}]}}