{"id":4058,"date":"2010-05-27T17:22:45","date_gmt":"2010-05-27T16:22:45","guid":{"rendered":"http:\/\/www.raccontinellarete.it\/?p=4058"},"modified":"2010-05-27T17:22:45","modified_gmt":"2010-05-27T16:22:45","slug":"la-pistola-sotto-il-cuscino","status":"publish","type":"post","link":"https:\/\/www.raccontinellarete.it\/?p=4058","title":{"rendered":"Premio Racconti per Corti 2010 &#8220;La pistola sotto il cuscino&#8221; di Franca Santacroce"},"content":{"rendered":"<p><span style=\"12pt;\">E\u2019 notte. Cecilia \u00e8 a letto con Mauro, quando uno squillo del telefono la sveglia di soprassalto facendola trasecolare dallo spavento.<\/span><\/p>\n<p class=\"MsoNormal\"><span style=\"12pt;\">Riesce a stento a dire un solo debolissimo \u2019\u2019Chi \u00e8?\u2019\u2019<\/span><\/p>\n<p class=\"MsoNormal\"><span style=\"12pt;\">Dall\u2019altra parte del filo la voce concitata della sua amica Clara le urla che suo marito , Mauro, quella sera non \u00e8 rientrato a casa e che ( cosa ancora pi\u00f9 terribile ) la pistola che lui da un po\u2019 di giorni teneva<span> <\/span>sotto il suo cuscino, non c\u2019\u00e8 pi\u00f9, \u00e8 sparita.<\/span><\/p>\n<p class=\"MsoNormal\" style=\"justify;\"><span style=\"12pt;\">\u2018\u2019Non c\u2019\u00e8 pi\u00f9, capito? Non c\u2019\u00e8 pi\u00f9! Ho paura Cecilia, ho paura che gli sia successo qualcosa. Da un po\u2019 di tempo non lo vedo bene. Infatti \u00e8 nervoso, \u00e8 depresso purtroppo, lo sai anche tu. Ho tanta paura, Cecilia, temo che voglia attentare alla sua vita. Sai, devo essere sincera con te: avevo anche pensato che si fosse fatto un\u2019amante, ma poi , ci ho riflettuto bene e questa idea mi \u00e8 sembrata proprio balsana, visto il suo malandato stato fisico e psichico. Figurati , s\u00ec, un\u2019amante! Ma ora invece ho paura, ho tanta paura per lui. <\/span><\/p>\n<p class=\"MsoNormal\" style=\"justify;\"><span style=\"12pt;\">Perdonami Cecilia se ti ho chiamato a quest\u2019ora di notte, ma avevo<span> <\/span>tanto bisogno di sfogarmi con qualcuno e tu sei la mia migliora amica, tu sola mi puoi capire.<\/span><\/p>\n<p class=\"MsoNormal\" style=\"justify;\"><span style=\"12pt;\">E poi \u2019\u2019perch\u00e9 tenere una pistola sotto il cuscino? A cosa gli deve servire?<span> <\/span>Non ha forse sufficienti armi, con quella sua maledetta passione della caccia?\u2019\u2019.<\/span><\/p>\n<p class=\"MsoNormal\" style=\"justify;\"><span style=\"12pt;\">Pi\u00f9 niente. Clara riattacca di botto il telefono lasciando completamente senza fiato Cecilia che, appena riesce a riacquistare un minimo di respiro si volge verso Mauro che ancora mezzo assonnato, voltandosi nel letto si accingeva a chiederle cosa era successo, mettendogli due dita sulle labbra e \u2018\u2019Dormi caro, dormi, non \u00e8 successo niente. E\u2019 qualcuno che ha sbagliato numero \u2019\u2019.<\/span><\/p>\n<p class=\"MsoNormal\" style=\"justify;\">\u00a0<\/p>\n<p class=\"MsoNormal\" style=\"justify;\"><span style=\"12pt;\">Cecilia e Mauro si conoscevano da poco pi\u00f9 di un anno. Luigi, l\u2019ex fidanzato di Cecilia, le aveva presentato Mauro e sua moglie Clara, gi\u00e0<span> <\/span>suoi amici da lungo tempo. Luigi aveva una simpatia ed un ammirazione speciale per Mauro ragazzo sportivo ed intraprendente, amante soprattutto di caccia, quella grossa, quella degli animali feroci. Aveva aspettato un bel po\u2019 prima di farlo conoscere alla sua fidanzata, sapendo come lei la pensava in merito, ma poi si era deciso a presentarglielo, mai immaginando come sarebbero cambiate le cose in seguito.<\/span><\/p>\n<p class=\"MsoNormal\" style=\"justify;\"><span style=\"12pt;\">Cecilia infatti simpatizz\u00f2 subito talmente tanto con i nuovi amici che non voleva frequentare pi\u00f9 nessun altri che loro. Cenette, teatro, cinema, viaggi, si dovevano fare solo con loro. Questa situazione fin\u00ec presto per stranire<span> <\/span>il povero Luigi che , dopo un po\u2019 di mesi scanditi da questo ritmo di frequentazioni esclusive con Mauro e Clara, un bel giorno era scoppiato letteralmente con Cecilia , mettendola davanti ad un bivio: o lui o i suoi amici. Cecilia scelse i suoi amici e cos\u00ec la loro relazione fin\u00ec. <\/span><\/p>\n<p class=\"MsoNormal\" style=\"justify;\"><span style=\"12pt;\">Cecilia continu\u00f2 cos\u00ec a frequentare<span> <\/span>Clara, di cui ormai era diventata amica per la pelle, sia da sola che con Mauro per il quale sembrava provare una grande comprensione ed affetto, da quando soprattutto lo aveva visto cadere in depressione dopo che il suo amico non lo frequentava pi\u00f9 una volta che si era lasciato con lei. <\/span><\/p>\n<p class=\"MsoNormal\" style=\"justify;\"><span style=\"12pt;\">Dall\u2019affetto il passo verso l\u2019amore e la passione fu piuttosto breve.<\/span><\/p>\n<p class=\"MsoNormal\" style=\"justify;\"><span style=\"12pt;\">All\u2019insaputa della dolce ed ingenua Clara divennero amanti.<\/span><\/p>\n<p class=\"MsoNormal\" style=\"justify;\"><span style=\"12pt;\">Cecilia viveva questa relazione con molti sensi di colpa ma di uscire allo scoperto, anche se ad un certo punto ne era sta tentata, non le riusc\u00ec mai.<\/span><\/p>\n<p class=\"MsoNormal\" style=\"justify;\"><span style=\"12pt;\">Due giorni dopo la telefonata nella notte, un\u2019altra telefonata scuote Cecilia, questa volta \u00e8 sola nel suo letto. E\u2019 Mauro che le urla eccitato:\u2019\u2019L\u2019ho fatto, ci sono riuscito finalmente! SIAMO LIBERI! Vengo subito da te, amore. Aspettami. TI AMO\u2019\u2019. <\/span><\/p>\n<p class=\"MsoNormal\" style=\"justify;\"><span style=\"12pt;\">A Cecilia le si annebbia la vista. Un grido soffocato. <\/span><\/p>\n<p class=\"MsoNormal\" style=\"justify;\"><span style=\"12pt;\">Sviene.<\/span><\/p>\n<div class=\"pvc_clear\"><\/div>\n<p id=\"pvc_stats_4058\" class=\"pvc_stats all  \" data-element-id=\"4058\" style=\"\"><i class=\"pvc-stats-icon medium\" aria-hidden=\"true\"><svg aria-hidden=\"true\" focusable=\"false\" data-prefix=\"far\" data-icon=\"chart-bar\" role=\"img\" xmlns=\"http:\/\/www.w3.org\/2000\/svg\" viewBox=\"0 0 512 512\" class=\"svg-inline--fa fa-chart-bar fa-w-16 fa-2x\"><path fill=\"currentColor\" d=\"M396.8 352h22.4c6.4 0 12.8-6.4 12.8-12.8V108.8c0-6.4-6.4-12.8-12.8-12.8h-22.4c-6.4 0-12.8 6.4-12.8 12.8v230.4c0 6.4 6.4 12.8 12.8 12.8zm-192 0h22.4c6.4 0 12.8-6.4 12.8-12.8V140.8c0-6.4-6.4-12.8-12.8-12.8h-22.4c-6.4 0-12.8 6.4-12.8 12.8v198.4c0 6.4 6.4 12.8 12.8 12.8zm96 0h22.4c6.4 0 12.8-6.4 12.8-12.8V204.8c0-6.4-6.4-12.8-12.8-12.8h-22.4c-6.4 0-12.8 6.4-12.8 12.8v134.4c0 6.4 6.4 12.8 12.8 12.8zM496 400H48V80c0-8.84-7.16-16-16-16H16C7.16 64 0 71.16 0 80v336c0 17.67 14.33 32 32 32h464c8.84 0 16-7.16 16-16v-16c0-8.84-7.16-16-16-16zm-387.2-48h22.4c6.4 0 12.8-6.4 12.8-12.8v-70.4c0-6.4-6.4-12.8-12.8-12.8h-22.4c-6.4 0-12.8 6.4-12.8 12.8v70.4c0 6.4 6.4 12.8 12.8 12.8z\" class=\"\"><\/path><\/svg><\/i> <img loading=\"lazy\" decoding=\"async\" width=\"16\" height=\"16\" alt=\"Loading\" src=\"https:\/\/www.raccontinellarete.it\/301\/wp-content\/plugins\/page-views-count\/ajax-loader-2x.gif\" border=0 \/><\/p>\n<div class=\"pvc_clear\"><\/div>\n","protected":false},"excerpt":{"rendered":"<p>E\u2019 notte. Cecilia \u00e8 a letto con Mauro, quando uno squillo del telefono la sveglia di soprassalto facendola trasecolare dallo spavento. Riesce a stento a dire un solo debolissimo \u2019\u2019Chi \u00e8?\u2019\u2019 Dall\u2019altra parte del filo la voce concitata della sua amica Clara le urla che suo marito , Mauro, quella sera non \u00e8 rientrato a [&hellip;]<\/p>\n<div class=\"pvc_clear\"><\/div>\n<p id=\"pvc_stats_4058\" class=\"pvc_stats all  \" data-element-id=\"4058\" style=\"\"><i class=\"pvc-stats-icon medium\" aria-hidden=\"true\"><svg aria-hidden=\"true\" focusable=\"false\" data-prefix=\"far\" data-icon=\"chart-bar\" role=\"img\" xmlns=\"http:\/\/www.w3.org\/2000\/svg\" viewBox=\"0 0 512 512\" class=\"svg-inline--fa fa-chart-bar fa-w-16 fa-2x\"><path fill=\"currentColor\" d=\"M396.8 352h22.4c6.4 0 12.8-6.4 12.8-12.8V108.8c0-6.4-6.4-12.8-12.8-12.8h-22.4c-6.4 0-12.8 6.4-12.8 12.8v230.4c0 6.4 6.4 12.8 12.8 12.8zm-192 0h22.4c6.4 0 12.8-6.4 12.8-12.8V140.8c0-6.4-6.4-12.8-12.8-12.8h-22.4c-6.4 0-12.8 6.4-12.8 12.8v198.4c0 6.4 6.4 12.8 12.8 12.8zm96 0h22.4c6.4 0 12.8-6.4 12.8-12.8V204.8c0-6.4-6.4-12.8-12.8-12.8h-22.4c-6.4 0-12.8 6.4-12.8 12.8v134.4c0 6.4 6.4 12.8 12.8 12.8zM496 400H48V80c0-8.84-7.16-16-16-16H16C7.16 64 0 71.16 0 80v336c0 17.67 14.33 32 32 32h464c8.84 0 16-7.16 16-16v-16c0-8.84-7.16-16-16-16zm-387.2-48h22.4c6.4 0 12.8-6.4 12.8-12.8v-70.4c0-6.4-6.4-12.8-12.8-12.8h-22.4c-6.4 0-12.8 6.4-12.8 12.8v70.4c0 6.4 6.4 12.8 12.8 12.8z\" class=\"\"><\/path><\/svg><\/i> <img loading=\"lazy\" decoding=\"async\" width=\"16\" height=\"16\" alt=\"Loading\" src=\"https:\/\/www.raccontinellarete.it\/301\/wp-content\/plugins\/page-views-count\/ajax-loader-2x.gif\" border=0 \/><\/p>\n<div class=\"pvc_clear\"><\/div>\n","protected":false},"author":947,"featured_media":0,"comment_status":"open","ping_status":"closed","sticky":false,"template":"","format":"standard","meta":{"footnotes":""},"categories":[10],"tags":[],"class_list":["post-4058","post","type-post","status-publish","format-standard","hentry","category-premio-racconti-per-corti-2010"],"_links":{"self":[{"href":"https:\/\/www.raccontinellarete.it\/index.php?rest_route=\/wp\/v2\/posts\/4058"}],"collection":[{"href":"https:\/\/www.raccontinellarete.it\/index.php?rest_route=\/wp\/v2\/posts"}],"about":[{"href":"https:\/\/www.raccontinellarete.it\/index.php?rest_route=\/wp\/v2\/types\/post"}],"author":[{"embeddable":true,"href":"https:\/\/www.raccontinellarete.it\/index.php?rest_route=\/wp\/v2\/users\/947"}],"replies":[{"embeddable":true,"href":"https:\/\/www.raccontinellarete.it\/index.php?rest_route=%2Fwp%2Fv2%2Fcomments&post=4058"}],"version-history":[{"count":0,"href":"https:\/\/www.raccontinellarete.it\/index.php?rest_route=\/wp\/v2\/posts\/4058\/revisions"}],"wp:attachment":[{"href":"https:\/\/www.raccontinellarete.it\/index.php?rest_route=%2Fwp%2Fv2%2Fmedia&parent=4058"}],"wp:term":[{"taxonomy":"category","embeddable":true,"href":"https:\/\/www.raccontinellarete.it\/index.php?rest_route=%2Fwp%2Fv2%2Fcategories&post=4058"},{"taxonomy":"post_tag","embeddable":true,"href":"https:\/\/www.raccontinellarete.it\/index.php?rest_route=%2Fwp%2Fv2%2Ftags&post=4058"}],"curies":[{"name":"wp","href":"https:\/\/api.w.org\/{rel}","templated":true}]}}