{"id":40571,"date":"2020-02-20T19:16:55","date_gmt":"2020-02-20T18:16:55","guid":{"rendered":"http:\/\/www.raccontinellarete.it\/?p=40571"},"modified":"2020-02-22T19:20:01","modified_gmt":"2020-02-22T18:20:01","slug":"venerdi-28-febbraio-cristiano-militello-a-pistoia","status":"publish","type":"post","link":"https:\/\/www.raccontinellarete.it\/?p=40571","title":{"rendered":"Venerdi 28 febbraio Cristiano Militello a Pistoia"},"content":{"rendered":"\n<p><strong>Venerd\u00ec 28 febbraio  alle 18 alla Libreria Feltrinelli \u2013 via degli Orafi 31\/33 CRISTIANO MILITELLO  presenta <em>CARTELLI D\u2019ITALIA 2,&nbsp; (Ripresa in) giro  d\u2019Italia in 1000 nuovi cartelli<\/em> (Baldini + Castoldi)<\/strong><\/p>\n\n\n\n<p><strong>Intervengono Demetrio Brandi e  Giuliano Bruni.&nbsp; L\u2019incontro \u00e8 organizzato da  Universit\u00e0 Popolare e LuccAutori <\/strong><\/p>\n\n\n\n<p>Dopo \nil grande successo dello scorso anno, torna la pi\u00f9 pazza, divertente, esilarante \ngalleria di <em>Cartelli d\u2019Italia<\/em>: scritte folgoranti sui muri, avvisi \nassurdi, cognomi strampalati, insegne \u00abcreative\u00bb, locandine bizzarre e chi pi\u00f9 \nne ha pi\u00f9 ne metta. <\/p>\n\n\n\n<p>Raccolta nata in tv con il titolo di <em>Striscia<\/em> <em>il  cartellone<\/em>, rubrica di \u00abStriscia la notizia\u00bb, e poi approdata anche in radio  sulle frequenze di\u00a0\u00a0\u00a0R 101, dove tutte le mattine dalle 7 alle 9  Militello ne fa rivivere l\u2019effetto comico attraverso la sua inconfondibile voce,  <em>Cartelli d\u2019Italia <\/em>cresce a vista d\u2019occhio grazie all\u2019entusiastico apporto  delle migliaia di \u00abreporter per caso\u00bb che continuano a spedire le loro  incredibili perle, giorno dopo giorno. <\/p>\n\n\n\n<p>Quello che ne esce \u00e8 un ritratto spietato del livello culturale del \nnostro Paese, ma nello stesso tempo una prova lampante del nostro genio comico, \ndiverso da regione a regione, elemento fondativo della nostra essenza pi\u00f9 \nprofonda. E siccome anche quest\u2019anno, come lo scorso, l\u2019intento del libro \u00e8 \nquello di sorridere delle nostre debolezze per ricavarne forza, parte dei \nproventi derivanti dalla vendita del libro andranno ad aiutare la Fondazione \nTogether To Go (TOG), che cura gratuitamente cento bambini con patologie neurologiche \ncomplesse. <\/p>\n\n\n\n<p>Ridere, riflettere e fare del bene. Avete un programma migliore per \nla giornata?<\/p>\n\n\n\n<p><strong>Cristiano  Militello<\/strong> \u00e8 attore, comico, inviato tv, speaker radiofonico. In  libreria ha venduto centinaia di migliaia di copie con la famosa saga di  <em>Giulietta \u00e8 \u2019na<\/em> <em>zoccola<\/em>, antologia degli striscioni pi\u00f9 divertenti  delle curve italiane, e ora cerca di ripetersi con quella nuova di <em>Cartelli  d\u2019Italia<\/em>, iniziata nel 2018 sempre per Baldini+Castoldi.<\/p>\n\n\n\n<figure class=\"wp-block-image\"><img loading=\"lazy\" decoding=\"async\" width=\"724\" height=\"1024\" src=\"https:\/\/www.raccontinellarete.it\/301\/wp-content\/uploads\/2020\/02\/militello-28-febbraio-2020-pistoia-724x1024.jpg\" alt=\"\" class=\"wp-image-40572\" srcset=\"https:\/\/www.raccontinellarete.it\/301\/wp-content\/uploads\/2020\/02\/militello-28-febbraio-2020-pistoia-724x1024.jpg 724w, https:\/\/www.raccontinellarete.it\/301\/wp-content\/uploads\/2020\/02\/militello-28-febbraio-2020-pistoia-177x250.jpg 177w, https:\/\/www.raccontinellarete.it\/301\/wp-content\/uploads\/2020\/02\/militello-28-febbraio-2020-pistoia-768x1086.jpg 768w\" sizes=\"(max-width: 724px) 100vw, 724px\" \/><\/figure>\n\n\n\n<figure class=\"wp-block-image\"><img loading=\"lazy\" decoding=\"async\" width=\"1024\" height=\"680\" src=\"https:\/\/www.raccontinellarete.it\/301\/wp-content\/uploads\/2020\/02\/militell\u00f2-con-i-racconti-1024x680.jpg\" alt=\"\" class=\"wp-image-40578\" srcset=\"https:\/\/www.raccontinellarete.it\/301\/wp-content\/uploads\/2020\/02\/militell\u00f2-con-i-racconti-1024x680.jpg 1024w, https:\/\/www.raccontinellarete.it\/301\/wp-content\/uploads\/2020\/02\/militell\u00f2-con-i-racconti-344x228.jpg 344w, https:\/\/www.raccontinellarete.it\/301\/wp-content\/uploads\/2020\/02\/militell\u00f2-con-i-racconti-768x510.jpg 768w, https:\/\/www.raccontinellarete.it\/301\/wp-content\/uploads\/2020\/02\/militell\u00f2-con-i-racconti.jpg 1280w\" sizes=\"(max-width: 1024px) 100vw, 1024px\" \/><\/figure>\n<div class=\"pvc_clear\"><\/div><p id=\"pvc_stats_40571\" class=\"pvc_stats all  \" data-element-id=\"40571\" style=\"\"><i class=\"pvc-stats-icon medium\" aria-hidden=\"true\"><svg aria-hidden=\"true\" focusable=\"false\" data-prefix=\"far\" data-icon=\"chart-bar\" role=\"img\" xmlns=\"http:\/\/www.w3.org\/2000\/svg\" viewBox=\"0 0 512 512\" class=\"svg-inline--fa fa-chart-bar fa-w-16 fa-2x\"><path fill=\"currentColor\" d=\"M396.8 352h22.4c6.4 0 12.8-6.4 12.8-12.8V108.8c0-6.4-6.4-12.8-12.8-12.8h-22.4c-6.4 0-12.8 6.4-12.8 12.8v230.4c0 6.4 6.4 12.8 12.8 12.8zm-192 0h22.4c6.4 0 12.8-6.4 12.8-12.8V140.8c0-6.4-6.4-12.8-12.8-12.8h-22.4c-6.4 0-12.8 6.4-12.8 12.8v198.4c0 6.4 6.4 12.8 12.8 12.8zm96 0h22.4c6.4 0 12.8-6.4 12.8-12.8V204.8c0-6.4-6.4-12.8-12.8-12.8h-22.4c-6.4 0-12.8 6.4-12.8 12.8v134.4c0 6.4 6.4 12.8 12.8 12.8zM496 400H48V80c0-8.84-7.16-16-16-16H16C7.16 64 0 71.16 0 80v336c0 17.67 14.33 32 32 32h464c8.84 0 16-7.16 16-16v-16c0-8.84-7.16-16-16-16zm-387.2-48h22.4c6.4 0 12.8-6.4 12.8-12.8v-70.4c0-6.4-6.4-12.8-12.8-12.8h-22.4c-6.4 0-12.8 6.4-12.8 12.8v70.4c0 6.4 6.4 12.8 12.8 12.8z\" class=\"\"><\/path><\/svg><\/i> <img loading=\"lazy\" decoding=\"async\" width=\"16\" height=\"16\" alt=\"Loading\" src=\"https:\/\/www.raccontinellarete.it\/301\/wp-content\/plugins\/page-views-count\/ajax-loader-2x.gif\" border=0 \/><\/p><div class=\"pvc_clear\"><\/div>","protected":false},"excerpt":{"rendered":"<p>Venerd\u00ec 28 febbraio alle 18 alla Libreria Feltrinelli \u2013 via degli Orafi 31\/33 CRISTIANO MILITELLO presenta CARTELLI D\u2019ITALIA 2,&nbsp; (Ripresa in) giro d\u2019Italia in 1000 nuovi cartelli (Baldini + Castoldi) Intervengono Demetrio Brandi e Giuliano Bruni.&nbsp; L\u2019incontro \u00e8 organizzato da Universit\u00e0 Popolare e LuccAutori Dopo il grande successo dello scorso anno, torna la pi\u00f9 pazza, [&hellip;]<\/p>\n<div class=\"pvc_clear\"><\/div>\n<p id=\"pvc_stats_40571\" class=\"pvc_stats all  \" data-element-id=\"40571\" style=\"\"><i class=\"pvc-stats-icon medium\" aria-hidden=\"true\"><svg aria-hidden=\"true\" focusable=\"false\" data-prefix=\"far\" data-icon=\"chart-bar\" role=\"img\" xmlns=\"http:\/\/www.w3.org\/2000\/svg\" viewBox=\"0 0 512 512\" class=\"svg-inline--fa fa-chart-bar fa-w-16 fa-2x\"><path fill=\"currentColor\" d=\"M396.8 352h22.4c6.4 0 12.8-6.4 12.8-12.8V108.8c0-6.4-6.4-12.8-12.8-12.8h-22.4c-6.4 0-12.8 6.4-12.8 12.8v230.4c0 6.4 6.4 12.8 12.8 12.8zm-192 0h22.4c6.4 0 12.8-6.4 12.8-12.8V140.8c0-6.4-6.4-12.8-12.8-12.8h-22.4c-6.4 0-12.8 6.4-12.8 12.8v198.4c0 6.4 6.4 12.8 12.8 12.8zm96 0h22.4c6.4 0 12.8-6.4 12.8-12.8V204.8c0-6.4-6.4-12.8-12.8-12.8h-22.4c-6.4 0-12.8 6.4-12.8 12.8v134.4c0 6.4 6.4 12.8 12.8 12.8zM496 400H48V80c0-8.84-7.16-16-16-16H16C7.16 64 0 71.16 0 80v336c0 17.67 14.33 32 32 32h464c8.84 0 16-7.16 16-16v-16c0-8.84-7.16-16-16-16zm-387.2-48h22.4c6.4 0 12.8-6.4 12.8-12.8v-70.4c0-6.4-6.4-12.8-12.8-12.8h-22.4c-6.4 0-12.8 6.4-12.8 12.8v70.4c0 6.4 6.4 12.8 12.8 12.8z\" class=\"\"><\/path><\/svg><\/i> <img loading=\"lazy\" decoding=\"async\" width=\"16\" height=\"16\" alt=\"Loading\" src=\"https:\/\/www.raccontinellarete.it\/301\/wp-content\/plugins\/page-views-count\/ajax-loader-2x.gif\" border=0 \/><\/p>\n<div class=\"pvc_clear\"><\/div>\n","protected":false},"author":3,"featured_media":40577,"comment_status":"open","ping_status":"closed","sticky":false,"template":"","format":"standard","meta":{"footnotes":""},"categories":[87,547,5],"tags":[],"class_list":["post-40571","post","type-post","status-publish","format-standard","has-post-thumbnail","hentry","category-comunicato-stampa","category-f-o-r-u-m","category-racconti-nella-rete"],"_links":{"self":[{"href":"https:\/\/www.raccontinellarete.it\/index.php?rest_route=\/wp\/v2\/posts\/40571"}],"collection":[{"href":"https:\/\/www.raccontinellarete.it\/index.php?rest_route=\/wp\/v2\/posts"}],"about":[{"href":"https:\/\/www.raccontinellarete.it\/index.php?rest_route=\/wp\/v2\/types\/post"}],"author":[{"embeddable":true,"href":"https:\/\/www.raccontinellarete.it\/index.php?rest_route=\/wp\/v2\/users\/3"}],"replies":[{"embeddable":true,"href":"https:\/\/www.raccontinellarete.it\/index.php?rest_route=%2Fwp%2Fv2%2Fcomments&post=40571"}],"version-history":[{"count":3,"href":"https:\/\/www.raccontinellarete.it\/index.php?rest_route=\/wp\/v2\/posts\/40571\/revisions"}],"predecessor-version":[{"id":40579,"href":"https:\/\/www.raccontinellarete.it\/index.php?rest_route=\/wp\/v2\/posts\/40571\/revisions\/40579"}],"wp:featuredmedia":[{"embeddable":true,"href":"https:\/\/www.raccontinellarete.it\/index.php?rest_route=\/wp\/v2\/media\/40577"}],"wp:attachment":[{"href":"https:\/\/www.raccontinellarete.it\/index.php?rest_route=%2Fwp%2Fv2%2Fmedia&parent=40571"}],"wp:term":[{"taxonomy":"category","embeddable":true,"href":"https:\/\/www.raccontinellarete.it\/index.php?rest_route=%2Fwp%2Fv2%2Fcategories&post=40571"},{"taxonomy":"post_tag","embeddable":true,"href":"https:\/\/www.raccontinellarete.it\/index.php?rest_route=%2Fwp%2Fv2%2Ftags&post=40571"}],"curies":[{"name":"wp","href":"https:\/\/api.w.org\/{rel}","templated":true}]}}